{"id":5853,"date":"2026-09-04T10:30:56","date_gmt":"2026-09-04T08:30:56","guid":{"rendered":"https:\/\/www.legimi.pl\/blog\/?p=5853"},"modified":"2026-09-04T11:22:14","modified_gmt":"2026-09-04T09:22:14","slug":"ksiazki-o-szkole-dla-osob-teskniacych-za-szkolnymi-latami","status":"publish","type":"post","link":"https:\/\/www.legimi.pl\/blog\/2026\/09\/ksiazki-o-szkole-dla-osob-teskniacych-za-szkolnymi-latami\/","title":{"rendered":"Ksi\u0105\u017cki o szkole dla os\u00f3b t\u0119skni\u0105cych za szkolnymi latami"},"content":{"rendered":"<h1><img loading=\"lazy\" decoding=\"async\" class=\"aligncenter size-full wp-image-5854\" src=\"https:\/\/blog.legimi.pl\/wp-content\/uploads\/2026\/09\/1-2.jpg\" alt=\"\" width=\"9216\" height=\"2304\" srcset=\"https:\/\/blog.legimi.pl\/wp-content\/uploads\/2026\/09\/1-2.jpg 9216w, https:\/\/blog.legimi.pl\/wp-content\/uploads\/2026\/09\/1-2-300x75.jpg 300w, https:\/\/blog.legimi.pl\/wp-content\/uploads\/2026\/09\/1-2-1024x256.jpg 1024w, https:\/\/blog.legimi.pl\/wp-content\/uploads\/2026\/09\/1-2-768x192.jpg 768w, https:\/\/blog.legimi.pl\/wp-content\/uploads\/2026\/09\/1-2-1536x384.jpg 1536w, https:\/\/blog.legimi.pl\/wp-content\/uploads\/2026\/09\/1-2-2048x512.jpg 2048w\" sizes=\"auto, (max-width: 9216px) 100vw, 9216px\" \/><\/h1>\n<p>Wrzesie\u0144 od lat kojarzy si\u0119 z nowym pocz\u0105tkiem. Dla uczni\u00f3w oznacza powr\u00f3t do klas, dla rodzic\u00f3w pocz\u0105tek kolejnego roku nauki ich dzieci, a dla wielu doros\u0142ych jest okazj\u0105 do sentymentalnej podr\u00f3\u017cy w przesz\u0142o\u015b\u0107. Nic wi\u0119c dziwnego, \u017ce w\u0142a\u015bnie o tej porze roku ch\u0119tnie si\u0119gamy po ksi\u0105\u017cki o szkole, kt\u00f3re przypominaj\u0105 czasy liceum, studi\u00f3w i szkolnych przyja\u017ani.<\/p>\n<p>Najlepsze ksi\u0105\u017cki o szkole maj\u0105 w sobie co\u015b wi\u0119cej ni\u017c lekcje, sprawdziany i szkolne korytarze. Opowiadaj\u0105 o pierwszych mi\u0142o\u015bciach, przyja\u017aniach, marzeniach oraz wyzwaniach zwi\u0105zanych z dorastaniem. Pokazuj\u0105 \u017cycie uczni\u00f3w, nauczycieli i student\u00f3w, a tak\u017ce przypominaj\u0105 atmosfer\u0119 miejsc, w kt\u00f3rych wielu z nas po raz pierwszy odkrywa\u0142o w\u0142asne pasje, podejmowa\u0142o wa\u017cne decyzje i budowa\u0142o relacje na ca\u0142e \u017cycie.<\/p>\n<p>Nie bez powodu powie\u015bci o szkole od lat ciesz\u0105 si\u0119 nies\u0142abn\u0105c\u0105 popularno\u015bci\u0105. Szkolne realia stanowi\u0105 doskona\u0142e t\u0142o dla historii o dojrzewaniu, poszukiwaniu w\u0142asnej to\u017csamo\u015bci i konfrontacji z pierwszymi \u017cyciowymi problemami. Niezale\u017cnie od tego, czy akcja rozgrywa si\u0119 w liceum, internacie, szkole \u015bredniej czy na uniwersyteckim kampusie, takie ksi\u0105\u017cki pozwalaj\u0105 wr\u00f3ci\u0107 do czas\u00f3w, gdy ka\u017cdy dzie\u0144 przynosi\u0142 nowe do\u015bwiadczenia.<\/p>\n<p>Przygotowali\u015bmy zestawienie najlepszych ksi\u0105\u017cek o szkole, nauczycielach, uczniach i studentach. Znajdziesz w\u015br\u00f3d nich zar\u00f3wno klasyczne powie\u015bci o dorastaniu, jak i wsp\u00f3\u0142czesne thrillery, literatur\u0119 m\u0142odzie\u017cow\u0105, powie\u015bci obyczajowe oraz historie rozgrywaj\u0105ce si\u0119 w \u015brodowisku akademickim.<\/p>\n<h2>Najlepsze ksi\u0105\u017cki o szkole. Powr\u00f3t do liceum, internatu i studenckiego kampusu<\/h2>\n<p><img loading=\"lazy\" decoding=\"async\" class=\"aligncenter size-full wp-image-5855\" src=\"https:\/\/blog.legimi.pl\/wp-content\/uploads\/2026\/09\/2-2.jpg\" alt=\"\" width=\"9216\" height=\"2304\" srcset=\"https:\/\/blog.legimi.pl\/wp-content\/uploads\/2026\/09\/2-2.jpg 9216w, https:\/\/blog.legimi.pl\/wp-content\/uploads\/2026\/09\/2-2-300x75.jpg 300w, https:\/\/blog.legimi.pl\/wp-content\/uploads\/2026\/09\/2-2-1024x256.jpg 1024w, https:\/\/blog.legimi.pl\/wp-content\/uploads\/2026\/09\/2-2-768x192.jpg 768w, https:\/\/blog.legimi.pl\/wp-content\/uploads\/2026\/09\/2-2-1536x384.jpg 1536w, https:\/\/blog.legimi.pl\/wp-content\/uploads\/2026\/09\/2-2-2048x512.jpg 2048w\" sizes=\"auto, (max-width: 9216px) 100vw, 9216px\" \/><\/p>\n<p>Nie spos\u00f3b stworzy\u0107 zestawienia ksi\u0105\u017cek o szkole bez <a href=\"https:\/\/www.legimi.pl\/katalog\/jezycjada,c2203\/\">Je\u017cycjady<\/a>. <a href=\"https:\/\/www.legimi.pl\/ebook-szosta-klepka-tom-1-malgorzata-musierowicz,b923253.html\">Sz\u00f3sta klepka<\/a>, pierwszy tom kultowej serii Ma\u0142gorzaty Musierowicz, od pokole\u0144 zachwyca czytelnik\u00f3w autentyczno\u015bci\u0105, humorem i ciep\u0142em.<\/p>\n<p>Celestyna \u017bak jest zwyczajn\u0105 licealistk\u0105. Chodzi na lekcje, zmaga si\u0119 z codziennymi problemami i pr\u00f3buje odnale\u017a\u0107 si\u0119 w\u015br\u00f3d r\u00f3wie\u015bnik\u00f3w. W\u0142a\u015bnie ta zwyczajno\u015b\u0107 sprawia, \u017ce powie\u015b\u0107 pozostaje bliska kolejnym pokoleniom odbiorc\u00f3w. Musierowicz z niezwyk\u0142\u0105 wra\u017cliwo\u015bci\u0105 opisuje \u015bwiat szkolnych przyja\u017ani, pierwszych zaurocze\u0144 i rodzinnych relacji.<\/p>\n<p>W pami\u0119ci czytelnik\u00f3w szczeg\u00f3lne miejsce zajmuje r\u00f3wnie\u017c profesor Dmuchawiec. To jeden z najbardziej zapami\u0119tanych literackich nauczycieli, kt\u00f3ry udowadnia, \u017ce w edukacji najwa\u017cniejsze s\u0105 nie procedury, lecz relacje z uczniami.<\/p>\n<h3><img loading=\"lazy\" decoding=\"async\" class=\"aligncenter size-full wp-image-5856\" src=\"https:\/\/blog.legimi.pl\/wp-content\/uploads\/2026\/09\/3-1.jpg\" alt=\"\" width=\"9216\" height=\"2304\" srcset=\"https:\/\/blog.legimi.pl\/wp-content\/uploads\/2026\/09\/3-1.jpg 9216w, https:\/\/blog.legimi.pl\/wp-content\/uploads\/2026\/09\/3-1-300x75.jpg 300w, https:\/\/blog.legimi.pl\/wp-content\/uploads\/2026\/09\/3-1-1024x256.jpg 1024w, https:\/\/blog.legimi.pl\/wp-content\/uploads\/2026\/09\/3-1-768x192.jpg 768w, https:\/\/blog.legimi.pl\/wp-content\/uploads\/2026\/09\/3-1-1536x384.jpg 1536w, https:\/\/blog.legimi.pl\/wp-content\/uploads\/2026\/09\/3-1-2048x512.jpg 2048w\" sizes=\"auto, (max-width: 9216px) 100vw, 9216px\" \/><\/h3>\n<p>Nie wszystkie ksi\u0105\u017cki z tego zestawienia rozgrywaj\u0105 si\u0119 w szkolnych murach. Cz\u0119\u015b\u0107 z nich przenosi czytelnik\u00f3w na uniwersyteckie kampusy, gdzie m\u0142odzi bohaterowie wkraczaj\u0105 w doros\u0142o\u015b\u0107 i ucz\u0105 si\u0119 samodzielno\u015bci.<\/p>\n<p><a href=\"https:\/\/www.legimi.pl\/ebook-clone-aleksandra-negronska,b964026.html\">Clone<\/a>, pierwszy tom serii <a href=\"https:\/\/www.legimi.pl\/ebooki\/students,c4179\/?sort=score\">Students<\/a>, opowiada o dziewi\u0119tnastoletniej Rosannie, kt\u00f3ra rozpoczyna studia w Wielkiej Brytanii. Nowe miasto, nowa uczelnia i nowe znajomo\u015bci sprawiaj\u0105, \u017ce musi odnale\u017a\u0107 si\u0119 w zupe\u0142nie innej rzeczywisto\u015bci.<\/p>\n<p>To historia o przyja\u017ani, poszukiwaniu w\u0142asnego miejsca, rodzinnych relacjach i pierwszych powa\u017cnych uczuciach. Szczeg\u00f3lnie spodoba si\u0119 czytelnikom, kt\u00f3rzy z sentymentem wspominaj\u0105 pocz\u0105tek studi\u00f3w i emocje zwi\u0105zane z wej\u015bciem w doros\u0142e \u017cycie.<\/p>\n<h3><img loading=\"lazy\" decoding=\"async\" class=\"aligncenter size-full wp-image-5858\" src=\"https:\/\/blog.legimi.pl\/wp-content\/uploads\/2026\/09\/5-1.jpg\" alt=\"\" width=\"9216\" height=\"2304\" srcset=\"https:\/\/blog.legimi.pl\/wp-content\/uploads\/2026\/09\/5-1.jpg 9216w, https:\/\/blog.legimi.pl\/wp-content\/uploads\/2026\/09\/5-1-300x75.jpg 300w, https:\/\/blog.legimi.pl\/wp-content\/uploads\/2026\/09\/5-1-1024x256.jpg 1024w, https:\/\/blog.legimi.pl\/wp-content\/uploads\/2026\/09\/5-1-768x192.jpg 768w, https:\/\/blog.legimi.pl\/wp-content\/uploads\/2026\/09\/5-1-1536x384.jpg 1536w, https:\/\/blog.legimi.pl\/wp-content\/uploads\/2026\/09\/5-1-2048x512.jpg 2048w\" sizes=\"auto, (max-width: 9216px) 100vw, 9216px\" \/><\/h3>\n<p>Cho\u0107 centralnym motywem powie\u015bci nie jest szko\u0142a, trudno znale\u017a\u0107 ksi\u0105\u017ck\u0119 lepiej oddaj\u0105c\u0105 niepewno\u015b\u0107 i tajemniczo\u015b\u0107 okresu dojrzewania.<\/p>\n<p><a href=\"https:\/\/www.legimi.pl\/ebook-przeklenstwa-niewinnosci-jeffrey-eugenides,b1430968.html\">Historia si\u00f3str Lisbon<\/a> obserwowana jest przez grup\u0119 ch\u0142opc\u00f3w pr\u00f3buj\u0105cych zrozumie\u0107 wydarzenia, kt\u00f3re na zawsze odmieni\u0105 ich \u017cycie. <a href=\"https:\/\/www.legimi.pl\/katalog\/?searchphrase=Eugenides&amp;sort=score\">Eugenides<\/a> z niezwyk\u0142\u0105 wra\u017cliwo\u015bci\u0105 opisuje \u015bwiat nastolatk\u00f3w stoj\u0105cych na granicy dzieci\u0144stwa i doros\u0142o\u015bci.<\/p>\n<p>To opowie\u015b\u0107 o pierwszych fascynacjach, nieuchwytno\u015bci wspomnie\u0144 i pr\u00f3bach zrozumienia ludzi, kt\u00f3rych nigdy tak naprawd\u0119 nie poznali\u015bmy. Powie\u015b\u0107 doskonale oddaje emocje charakterystyczne dla szkolnych lat i m\u0142odo\u015bci.<\/p>\n<h3><img loading=\"lazy\" decoding=\"async\" class=\"aligncenter size-full wp-image-5857\" src=\"https:\/\/blog.legimi.pl\/wp-content\/uploads\/2026\/09\/4-1.jpg\" alt=\"\" width=\"9216\" height=\"2304\" srcset=\"https:\/\/blog.legimi.pl\/wp-content\/uploads\/2026\/09\/4-1.jpg 9216w, https:\/\/blog.legimi.pl\/wp-content\/uploads\/2026\/09\/4-1-300x75.jpg 300w, https:\/\/blog.legimi.pl\/wp-content\/uploads\/2026\/09\/4-1-1024x256.jpg 1024w, https:\/\/blog.legimi.pl\/wp-content\/uploads\/2026\/09\/4-1-768x192.jpg 768w, https:\/\/blog.legimi.pl\/wp-content\/uploads\/2026\/09\/4-1-1536x384.jpg 1536w, https:\/\/blog.legimi.pl\/wp-content\/uploads\/2026\/09\/4-1-2048x512.jpg 2048w\" sizes=\"auto, (max-width: 9216px) 100vw, 9216px\" \/><\/h3>\n<p>Cykl <a href=\"https:\/\/www.legimi.pl\/ebooki\/liceum-freuda,c3479\/?sort=score\">Liceum Freuda<\/a> \u0142\u0105czy szkolne realia z psychologi\u0105 i tajemnic\u0105. W centrum wydarze\u0144 znajduj\u0105 si\u0119 nastolatkowie pr\u00f3buj\u0105cy odnale\u017a\u0107 si\u0119 w \u015bwiecie pe\u0142nym emocjonalnych zawirowa\u0144.<\/p>\n<p>To propozycja dla czytelnik\u00f3w lubi\u0105cych historie o relacjach mi\u0119dzy uczniami, szkolnych sekretach i problemach, kt\u00f3re dla m\u0142odych bohater\u00f3w urastaj\u0105 do rangi najwa\u017cniejszych spraw na \u015bwiecie.<\/p>\n<p>Marcel Moss pokazuje, \u017ce szko\u0142a mo\u017ce by\u0107 nie tylko miejscem nauki, ale tak\u017ce przestrzeni\u0105, w kt\u00f3rej ujawniaj\u0105 si\u0119 ludzkie l\u0119ki, ambicje i konflikty.<\/p>\n<h3><img loading=\"lazy\" decoding=\"async\" class=\"aligncenter size-full wp-image-5859\" src=\"https:\/\/blog.legimi.pl\/wp-content\/uploads\/2026\/09\/6-1.jpg\" alt=\"\" width=\"9216\" height=\"2304\" srcset=\"https:\/\/blog.legimi.pl\/wp-content\/uploads\/2026\/09\/6-1.jpg 9216w, https:\/\/blog.legimi.pl\/wp-content\/uploads\/2026\/09\/6-1-300x75.jpg 300w, https:\/\/blog.legimi.pl\/wp-content\/uploads\/2026\/09\/6-1-1024x256.jpg 1024w, https:\/\/blog.legimi.pl\/wp-content\/uploads\/2026\/09\/6-1-768x192.jpg 768w, https:\/\/blog.legimi.pl\/wp-content\/uploads\/2026\/09\/6-1-1536x384.jpg 1536w, https:\/\/blog.legimi.pl\/wp-content\/uploads\/2026\/09\/6-1-2048x512.jpg 2048w\" sizes=\"auto, (max-width: 9216px) 100vw, 9216px\" \/><\/h3>\n<p>Nie wszystkie ksi\u0105\u017cki akademickie koncentruj\u0105 si\u0119 na studentach. Czasami bohaterami s\u0105 osoby, kt\u00f3re od lat zwi\u0105zane s\u0105 ze \u015bwiatem nauki i uniwersytetu.<\/p>\n<p>Bohaterk\u0105 powie\u015bci <a href=\"https:\/\/www.legimi.pl\/ebook-o-zmierzchu-therese-bohman,b341822.html\">O zmierzchu<\/a> <a href=\"https:\/\/www.legimi.pl\/autor\/therese-bohman,ad94852\/?filters=audiobooks,ebooks,epub,mobi,pdf,synchrobooks\">Therese Bohman<\/a> jest ceniona historyczka sztuki pracuj\u0105ca na uczelni. Gdy pod jej opiek\u0119 trafia m\u0142ody doktorant, w jej uporz\u0105dkowane \u017cycie wkraczaj\u0105 nowe emocje i pytania dotycz\u0105ce ambicji, relacji oraz niespe\u0142nionych marze\u0144.<\/p>\n<p>To subtelna i inteligentna opowie\u015b\u0107 o \u015brodowisku akademickim, kt\u00f3ra przypadnie do gustu wszystkim osobom t\u0119skni\u0105cym za atmosfer\u0105 bibliotek, seminari\u00f3w i d\u0142ugich uniwersyteckich dyskusji.<\/p>\n<h2>Ksi\u0105\u017cki o szkole z elementami tajemnicy i thrillera<\/h2>\n<h3><img loading=\"lazy\" decoding=\"async\" class=\"aligncenter size-full wp-image-5860\" src=\"https:\/\/blog.legimi.pl\/wp-content\/uploads\/2026\/09\/7-1.jpg\" alt=\"\" width=\"9216\" height=\"2304\" srcset=\"https:\/\/blog.legimi.pl\/wp-content\/uploads\/2026\/09\/7-1.jpg 9216w, https:\/\/blog.legimi.pl\/wp-content\/uploads\/2026\/09\/7-1-300x75.jpg 300w, https:\/\/blog.legimi.pl\/wp-content\/uploads\/2026\/09\/7-1-1024x256.jpg 1024w, https:\/\/blog.legimi.pl\/wp-content\/uploads\/2026\/09\/7-1-768x192.jpg 768w, https:\/\/blog.legimi.pl\/wp-content\/uploads\/2026\/09\/7-1-1536x384.jpg 1536w, https:\/\/blog.legimi.pl\/wp-content\/uploads\/2026\/09\/7-1-2048x512.jpg 2048w\" sizes=\"auto, (max-width: 9216px) 100vw, 9216px\" \/><\/h3>\n<p>Szkolne wspomnienia nie zawsze maj\u0105 ciep\u0142e barwy. Czasem kryj\u0105 tajemnice, kt\u00f3rych nie uda\u0142o si\u0119 wyja\u015bni\u0107 przez lata.<\/p>\n<p>Bodie Kane, ceniona podcasterka, wraca do elitarnego internatu, gdzie sp\u0119dzi\u0142a m\u0142odo\u015b\u0107. Powr\u00f3t do miejsca pe\u0142nego wspomnie\u0144 uruchamia lawin\u0119 pyta\u0144 zwi\u0105zanych z niewyja\u015bnion\u0105 \u015bmierci\u0105 jednej z uczennic.<\/p>\n<p><a href=\"https:\/\/www.legimi.pl\/autor\/rebecca-makkai,ad503326\/?filters=audiobooks,ebooks,epub,mobi,pdf,synchrobooks\">Rebecca Makkai<\/a> w <a href=\"https:\/\/www.legimi.pl\/ebook-mam-do-pana-kilka-pytan-rebecca-makkai,b1318434.html\">Mam do pana kilka pyta\u0144<\/a> tworzy fascynuj\u0105c\u0105 opowie\u015b\u0107 o pami\u0119ci, winie i odpowiedzialno\u015bci. Szkolny kampus staje si\u0119 przestrzeni\u0105, w kt\u00f3rej splataj\u0105 si\u0119 ambicje uczni\u00f3w, wp\u0142yw nauczycieli i sekrety skrywane przez ca\u0142e lata.<\/p>\n<h3><img loading=\"lazy\" decoding=\"async\" class=\"aligncenter size-full wp-image-5861\" src=\"https:\/\/blog.legimi.pl\/wp-content\/uploads\/2026\/09\/8-1.jpg\" alt=\"\" width=\"9216\" height=\"2304\" srcset=\"https:\/\/blog.legimi.pl\/wp-content\/uploads\/2026\/09\/8-1.jpg 9216w, https:\/\/blog.legimi.pl\/wp-content\/uploads\/2026\/09\/8-1-300x75.jpg 300w, https:\/\/blog.legimi.pl\/wp-content\/uploads\/2026\/09\/8-1-1024x256.jpg 1024w, https:\/\/blog.legimi.pl\/wp-content\/uploads\/2026\/09\/8-1-768x192.jpg 768w, https:\/\/blog.legimi.pl\/wp-content\/uploads\/2026\/09\/8-1-1536x384.jpg 1536w, https:\/\/blog.legimi.pl\/wp-content\/uploads\/2026\/09\/8-1-2048x512.jpg 2048w\" sizes=\"auto, (max-width: 9216px) 100vw, 9216px\" \/><\/h3>\n<p>Dorastanie rzadko bywa \u0142atwe. <a href=\"https:\/\/www.legimi.pl\/autor\/santiago-roncagliolo,ad496830\/?filters=audiobooks,ebooks,epub,mobi,pdf,synchrobooks\">Santiago Roncagliolo<\/a> przypomina o tym w mrocznej powie\u015bci osadzonej w jezuickiej szkole w Limie. Okres dojrzewania bywa niezwykle burzliwy, a szkolny dramat potrafi wydawa\u0107 si\u0119 ko\u0144cem \u015bwiata, cho\u0107 z perspektywy lat nabiera zupe\u0142nie innych znacze\u0144.<\/p>\n<p>Czterech nastolatk\u00f3w postanawia zem\u015bci\u0107 si\u0119 na znienawidzonej nauczycielce. Niewinny \u017cart szybko wymyka si\u0119 spod kontroli, a wydarzenia jednej nocy naznaczaj\u0105 ich na ca\u0142e \u017cycie.<\/p>\n<p><a href=\"https:\/\/www.legimi.pl\/ebook-noc-szpilek-santiago-roncagliolo,b1147066.html\">Noc szpilek<\/a> to przejmuj\u0105ca historia o przyja\u017ani, m\u0142odzie\u0144czym buncie, pierwszej mi\u0142o\u015bci i utracie niewinno\u015bci. Roncagliolo pokazuje, jak cienka granica dzieli pozornie niewinny wybryk od tragedii.<\/p>\n<h3><img loading=\"lazy\" decoding=\"async\" class=\"aligncenter size-full wp-image-5862\" src=\"https:\/\/blog.legimi.pl\/wp-content\/uploads\/2026\/09\/9-1.jpg\" alt=\"\" width=\"9216\" height=\"2304\" srcset=\"https:\/\/blog.legimi.pl\/wp-content\/uploads\/2026\/09\/9-1.jpg 9216w, https:\/\/blog.legimi.pl\/wp-content\/uploads\/2026\/09\/9-1-300x75.jpg 300w, https:\/\/blog.legimi.pl\/wp-content\/uploads\/2026\/09\/9-1-1024x256.jpg 1024w, https:\/\/blog.legimi.pl\/wp-content\/uploads\/2026\/09\/9-1-768x192.jpg 768w, https:\/\/blog.legimi.pl\/wp-content\/uploads\/2026\/09\/9-1-1536x384.jpg 1536w, https:\/\/blog.legimi.pl\/wp-content\/uploads\/2026\/09\/9-1-2048x512.jpg 2048w\" sizes=\"auto, (max-width: 9216px) 100vw, 9216px\" \/><\/h3>\n<p>Wi\u0119kszo\u015b\u0107 ksi\u0105\u017cek o szkole opowiadana jest z perspektywy uczni\u00f3w. <a href=\"https:\/\/www.legimi.pl\/autor\/freida-mcfadden,ad406282\/?sort=popularity\">Freida McFadden<\/a> wybiera inn\u0105 drog\u0119 i pozwala spojrze\u0107 na szkoln\u0105 rzeczywisto\u015b\u0107 oczami nauczycielki.<\/p>\n<p>Eve prowadzi matematyk\u0119 w liceum i wiedzie pozornie spokojne \u017cycie. Wszystko zmienia si\u0119, gdy na nowo od\u017cywa skandal zwi\u0105zany z relacj\u0105 nauczyciela i uczennicy.<\/p>\n<p>Autorka w <a href=\"https:\/\/www.legimi.pl\/ebook-nauczyciele-freida-mcfadden,b1430939.html\">Nauczycielach<\/a> buduje napi\u0119cie, jednocze\u015bnie ukazuj\u0105c szko\u0142\u0119 jako miejsce pe\u0142ne emocji, niedopowiedze\u0144 i konflikt\u00f3w. To thriller przypominaj\u0105cy, \u017ce za codzienn\u0105 rutyn\u0105 szkolnych lekcji cz\u0119sto kryj\u0105 si\u0119 historie znacznie bardziej skomplikowane, ni\u017c mog\u0142oby si\u0119 wydawa\u0107.<\/p>\n<h2>Ksi\u0105\u017cki o szkole z elementami fantastyki<\/h2>\n<h3><img loading=\"lazy\" decoding=\"async\" class=\"aligncenter size-full wp-image-5863\" src=\"https:\/\/blog.legimi.pl\/wp-content\/uploads\/2026\/09\/10-1.jpg\" alt=\"\" width=\"9216\" height=\"2304\" srcset=\"https:\/\/blog.legimi.pl\/wp-content\/uploads\/2026\/09\/10-1.jpg 9216w, https:\/\/blog.legimi.pl\/wp-content\/uploads\/2026\/09\/10-1-300x75.jpg 300w, https:\/\/blog.legimi.pl\/wp-content\/uploads\/2026\/09\/10-1-1024x256.jpg 1024w, https:\/\/blog.legimi.pl\/wp-content\/uploads\/2026\/09\/10-1-768x192.jpg 768w, https:\/\/blog.legimi.pl\/wp-content\/uploads\/2026\/09\/10-1-1536x384.jpg 1536w, https:\/\/blog.legimi.pl\/wp-content\/uploads\/2026\/09\/10-1-2048x512.jpg 2048w\" sizes=\"auto, (max-width: 9216px) 100vw, 9216px\" \/><\/h3>\n<p>Mi\u0142o\u015bnicy fantasy r\u00f3wnie\u017c znajd\u0105 co\u015b dla siebie. <a href=\"https:\/\/www.legimi.pl\/ebook-welesowna-mika-modrzynska,b1238070.html\">Weles\u00f3wna<\/a> wykorzystuje motywy znane ze wsp\u00f3\u0142czesnych powie\u015bci o dorastaniu, wzbogacaj\u0105c je o elementy s\u0142owia\u0144skiej mitologii.<\/p>\n<p>Bohaterka trafia do \u015bwiata pe\u0142nego niezwyk\u0142ych wydarze\u0144, gdzie nauka okazuje si\u0119 r\u00f3wnie wa\u017cna jak odwaga, przyja\u017a\u0144 i umiej\u0119tno\u015b\u0107 podejmowania trudnych decyzji. To \u015bwietna propozycja dla czytelnik\u00f3w, kt\u00f3rzy lubi\u0105 po\u0142\u0105czenie m\u0142odzie\u017cowych emocji i fantastycznej przygody.<\/p>\n<h3><img loading=\"lazy\" decoding=\"async\" class=\"aligncenter size-full wp-image-5864\" src=\"https:\/\/blog.legimi.pl\/wp-content\/uploads\/2026\/09\/11-1.jpg\" alt=\"\" width=\"9216\" height=\"2304\" srcset=\"https:\/\/blog.legimi.pl\/wp-content\/uploads\/2026\/09\/11-1.jpg 9216w, https:\/\/blog.legimi.pl\/wp-content\/uploads\/2026\/09\/11-1-300x75.jpg 300w, https:\/\/blog.legimi.pl\/wp-content\/uploads\/2026\/09\/11-1-1024x256.jpg 1024w, https:\/\/blog.legimi.pl\/wp-content\/uploads\/2026\/09\/11-1-768x192.jpg 768w, https:\/\/blog.legimi.pl\/wp-content\/uploads\/2026\/09\/11-1-1536x384.jpg 1536w, https:\/\/blog.legimi.pl\/wp-content\/uploads\/2026\/09\/11-1-2048x512.jpg 2048w\" sizes=\"auto, (max-width: 9216px) 100vw, 9216px\" \/><\/h3>\n<p>Marta Kisiel od lat udowadnia, \u017ce fantastyka potrafi doskonale opowiada\u0107 o dojrzewaniu. W <a href=\"https:\/\/www.legimi.pl\/ebook-zapadly-palac-marta-kisiel,b1440232.html\">Zapad\u0142ym pa\u0142acu<\/a> znalaz\u0142o si\u0119 wszystko to, co przyci\u0105ga czytelnik\u00f3w do historii m\u0142odzie\u017cowych: tajemnice, emocje, niepokoj\u0105cy klimat i bohaterowie poszukuj\u0105cy w\u0142asnego miejsca na \u015bwiecie.<\/p>\n<p>Cho\u0107 nie jest to klasyczna powie\u015b\u0107 szkolna, doskonale oddaje atmosfer\u0119 m\u0142odo\u015bci, gdy ka\u017cda decyzja wydaje si\u0119 prze\u0142omowa, a przysz\u0142o\u015b\u0107 pozostaje wielk\u0105 niewiadom\u0105.<\/p>\n<h2>Dlaczego lubimy ksi\u0105\u017cki o szkole?<\/h2>\n<p>Ksi\u0105\u017cki o szkole od lat ciesz\u0105 si\u0119 ogromn\u0105 popularno\u015bci\u0105 niezale\u017cnie od wieku czytelnik\u00f3w. Ch\u0119tnie si\u0119gaj\u0105 po nie zar\u00f3wno nastolatkowie, kt\u00f3rzy odnajduj\u0105 w nich w\u0142asne do\u015bwiadczenia, jak i doro\u015bli wracaj\u0105cy my\u015blami do czas\u00f3w edukacji.<\/p>\n<p>To w\u0142a\u015bnie w szkole poznajemy ludzi, kt\u00f3rzy cz\u0119sto wp\u0142ywaj\u0105 na nasze dalsze losy. Uczymy si\u0119 wsp\u00f3\u0142pracy, odpowiedzialno\u015bci i samodzielno\u015bci. Spotykamy nauczycieli, kt\u00f3rzy inspiruj\u0105 do rozwijania pasji, a szkolne sukcesy i pora\u017cki pozostaj\u0105 w pami\u0119ci przez wiele lat.<\/p>\n<p>Popularno\u015b\u0107 takich powie\u015bci wynika r\u00f3wnie\u017c z uniwersalno\u015bci poruszanych temat\u00f3w. Ksi\u0105\u017cki o dorastaniu opowiadaj\u0105 o pierwszej mi\u0142o\u015bci, przyja\u017ani, poszukiwaniu w\u0142asnej to\u017csamo\u015bci i pr\u00f3bach odnalezienia si\u0119 w grupie r\u00f3wie\u015bniczej. Niezale\u017cnie od tego, czy akcja rozgrywa si\u0119 w liceum, internacie czy na uniwersyteckim kampusie, czytelnicy odnajduj\u0105 w nich w\u0142asne wspomnienia i emocje.<\/p>\n<h2>Ksi\u0105\u017cki o szkole pokazuj\u0105 wi\u0119cej ni\u017c edukacj\u0119<\/h2>\n<p>Najlepsze ksi\u0105\u017cki o szkole nie koncentruj\u0105 si\u0119 wy\u0142\u0105cznie na lekcjach i egzaminach. Autorzy wykorzystuj\u0105 szkolne realia do opowiadania o przyja\u017ani, mi\u0142o\u015bci, ambicjach, rozczarowaniach i wa\u017cnych \u017cyciowych wyborach.<\/p>\n<p>W wielu powie\u015bciach szko\u0142a \u015brednia staje si\u0119 miejscem odkrywania talent\u00f3w, marze\u0144 i w\u0142asnej to\u017csamo\u015bci. Z kolei ksi\u0105\u017cki o studentach pokazuj\u0105 moment przej\u015bcia mi\u0119dzy m\u0142odo\u015bci\u0105 a doros\u0142o\u015bci\u0105, gdy przysz\u0142o\u015b\u0107 zale\u017cy ju\u017c od samodzielnych decyzji bohater\u00f3w.<\/p>\n<p>To w\u0142a\u015bnie dlatego powie\u015bci o szkole pozostaj\u0105 aktualne niezale\u017cnie od pokolenia czytelnik\u00f3w.<\/p>\n<h2>Najlepsze ksi\u0105\u017cki o szkole &#8211; zestawienie<\/h2>\n<p>&nbsp;<\/p>\n<table style=\"min-width: 75px; height: 330px;\" width=\"812\">\n<colgroup>\n<col style=\"min-width: 25px;\" \/>\n<col style=\"min-width: 25px;\" \/>\n<col style=\"min-width: 25px;\" \/><\/colgroup>\n<tbody>\n<tr>\n<th colspan=\"1\" rowspan=\"1\">Tytu\u0142<\/th>\n<th colspan=\"1\" rowspan=\"1\">G\u0142\u00f3wne motywy<\/th>\n<th colspan=\"1\" rowspan=\"1\">Kategoria<\/th>\n<\/tr>\n<tr>\n<td colspan=\"1\" rowspan=\"1\">Sz\u00f3sta klepka<\/td>\n<td colspan=\"1\" rowspan=\"1\">przyja\u017a\u0144, szko\u0142a \u015brednia, nauczyciele<\/td>\n<td colspan=\"1\" rowspan=\"1\">klasyka<\/td>\n<\/tr>\n<tr>\n<td colspan=\"1\" rowspan=\"1\">Clone<\/td>\n<td colspan=\"1\" rowspan=\"1\">studia, relacje, dorastanie<\/td>\n<td colspan=\"1\" rowspan=\"1\">new adult<\/td>\n<\/tr>\n<tr>\n<td colspan=\"1\" rowspan=\"1\">Przekle\u0144stwa niewinno\u015bci<\/td>\n<td colspan=\"1\" rowspan=\"1\">m\u0142odo\u015b\u0107, dojrzewanie<\/td>\n<td colspan=\"1\" rowspan=\"1\">literatura pi\u0119kna<\/td>\n<\/tr>\n<tr>\n<td colspan=\"1\" rowspan=\"1\">Liceum Freuda<\/td>\n<td colspan=\"1\" rowspan=\"1\">uczniowie, tajemnice, psychologia<\/td>\n<td colspan=\"1\" rowspan=\"1\">thriller m\u0142odzie\u017cowy<\/td>\n<\/tr>\n<tr>\n<td colspan=\"1\" rowspan=\"1\">Mam do pana kilka pyta\u0144<\/td>\n<td colspan=\"1\" rowspan=\"1\">internat, tajemnica, wspomnienia<\/td>\n<td colspan=\"1\" rowspan=\"1\">thriller<\/td>\n<\/tr>\n<tr>\n<td colspan=\"1\" rowspan=\"1\">Noc szpilek<\/td>\n<td colspan=\"1\" rowspan=\"1\">szko\u0142a, bunt m\u0142odzie\u017cy<\/td>\n<td colspan=\"1\" rowspan=\"1\">literatura pi\u0119kna<\/td>\n<\/tr>\n<tr>\n<td colspan=\"1\" rowspan=\"1\">Nauczyciele<\/td>\n<td colspan=\"1\" rowspan=\"1\">nauczyciele, sekrety, szko\u0142a<\/td>\n<td colspan=\"1\" rowspan=\"1\">thriller<\/td>\n<\/tr>\n<tr>\n<td colspan=\"1\" rowspan=\"1\">O zmierzchu<\/td>\n<td colspan=\"1\" rowspan=\"1\">uniwersytet, ambicje, nauka<\/td>\n<td colspan=\"1\" rowspan=\"1\">literatura obyczajowa<\/td>\n<\/tr>\n<tr>\n<td colspan=\"1\" rowspan=\"1\">Weles\u00f3wna<\/td>\n<td colspan=\"1\" rowspan=\"1\">przyja\u017a\u0144, nauka, fantastyka<\/td>\n<td colspan=\"1\" rowspan=\"1\">fantasy<\/td>\n<\/tr>\n<tr>\n<td colspan=\"1\" rowspan=\"1\">Zapad\u0142y pa\u0142ac<\/td>\n<td colspan=\"1\" rowspan=\"1\">m\u0142odo\u015b\u0107, tajemnice, dojrzewanie<\/td>\n<td colspan=\"1\" rowspan=\"1\">fantasy<\/td>\n<\/tr>\n<\/tbody>\n<\/table>\n<h2><\/h2>\n<p>&nbsp;<\/p>\n<h2>Ksi\u0105\u017cki o szkole dla dzieci. Pierwsze lekcje, szkolne przyja\u017anie i oswajanie emocji<\/h2>\n<p>Cho\u0107 szkolne wspomnienia najcz\u0119\u015bciej kojarz\u0105 si\u0119 z liceum, studiami czy okresem dorastania, warto pami\u0119ta\u0107, \u017ce przygoda z edukacj\u0105 zaczyna si\u0119 znacznie wcze\u015bniej. Dla wielu dzieci pierwszy dzie\u0144 w szkole lub przej\u015bcie z przedszkola do pierwszej klasy to wydarzenie wywo\u0142uj\u0105ce zar\u00f3wno ekscytacj\u0119, jak i stres. Nic dziwnego, \u017ce coraz wi\u0119ksz\u0105 popularno\u015bci\u0105 ciesz\u0105 si\u0119 ksi\u0105\u017cki o szkole dla najm\u0142odszych, kt\u00f3re pomagaj\u0105 oswoi\u0107 emocje, zrozumie\u0107 nowe sytuacje i przygotowa\u0107 si\u0119 na wyzwania zwi\u0105zane z nauk\u0105.<\/p>\n<p>Takie historie pokazuj\u0105 dzieciom, \u017ce obawy przed nowym miejscem, nieznanymi nauczycielami czy budowaniem relacji z r\u00f3wie\u015bnikami s\u0105 ca\u0142kowicie naturalne. Jednocze\u015bnie pomagaj\u0105 rodzicom rozmawia\u0107 z dzieckiem o emocjach, budowa\u0107 zaufanie i rozwija\u0107 ciekawo\u015b\u0107 \u015bwiata.<\/p>\n<h3><img loading=\"lazy\" decoding=\"async\" class=\"aligncenter size-full wp-image-5865\" src=\"https:\/\/blog.legimi.pl\/wp-content\/uploads\/2026\/09\/12-1.jpg\" alt=\"\" width=\"9216\" height=\"2304\" srcset=\"https:\/\/blog.legimi.pl\/wp-content\/uploads\/2026\/09\/12-1.jpg 9216w, https:\/\/blog.legimi.pl\/wp-content\/uploads\/2026\/09\/12-1-300x75.jpg 300w, https:\/\/blog.legimi.pl\/wp-content\/uploads\/2026\/09\/12-1-1024x256.jpg 1024w, https:\/\/blog.legimi.pl\/wp-content\/uploads\/2026\/09\/12-1-768x192.jpg 768w, https:\/\/blog.legimi.pl\/wp-content\/uploads\/2026\/09\/12-1-1536x384.jpg 1536w, https:\/\/blog.legimi.pl\/wp-content\/uploads\/2026\/09\/12-1-2048x512.jpg 2048w\" sizes=\"auto, (max-width: 9216px) 100vw, 9216px\" \/><\/h3>\n<p>Szkolna wycieczka staje si\u0119 w tej ksi\u0105\u017cce pretekstem do opowiedzenia o emocjach towarzysz\u0105cych dzieciom w nowych sytuacjach. Ekscytacja miesza si\u0119 z niepewno\u015bci\u0105, a ch\u0119\u0107 prze\u017cywania przyg\u00f3d z obawami przed nieznanym.<\/p>\n<p><a href=\"https:\/\/www.legimi.pl\/ebook-marcelinka-i-szkolna-wycieczka-katarzyna-kucewicz,b1309483.html\">Marcelinka i szkolna wycieczka<\/a> to ciep\u0142a i m\u0105dra opowie\u015b\u0107 pokazuj\u0105ca, \u017ce odwaga nie polega na braku l\u0119ku, ale na dzia\u0142aniu mimo pojawiaj\u0105cych si\u0119 w\u0105tpliwo\u015bci. Ksi\u0105\u017cka mo\u017ce by\u0107 doskona\u0142ym punktem wyj\u015bcia do rozmowy o samodzielno\u015bci, zaufaniu i funkcjonowaniu w grupie.<\/p>\n<h3><img loading=\"lazy\" decoding=\"async\" class=\"aligncenter size-full wp-image-5866\" src=\"https:\/\/blog.legimi.pl\/wp-content\/uploads\/2026\/09\/13-1.jpg\" alt=\"\" width=\"9216\" height=\"2304\" srcset=\"https:\/\/blog.legimi.pl\/wp-content\/uploads\/2026\/09\/13-1.jpg 9216w, https:\/\/blog.legimi.pl\/wp-content\/uploads\/2026\/09\/13-1-300x75.jpg 300w, https:\/\/blog.legimi.pl\/wp-content\/uploads\/2026\/09\/13-1-1024x256.jpg 1024w, https:\/\/blog.legimi.pl\/wp-content\/uploads\/2026\/09\/13-1-768x192.jpg 768w, https:\/\/blog.legimi.pl\/wp-content\/uploads\/2026\/09\/13-1-1536x384.jpg 1536w, https:\/\/blog.legimi.pl\/wp-content\/uploads\/2026\/09\/13-1-2048x512.jpg 2048w\" sizes=\"auto, (max-width: 9216px) 100vw, 9216px\" \/><\/h3>\n<p>Rozpocz\u0119cie nauki w pierwszej klasie to jeden z najwa\u017cniejszych moment\u00f3w w dzieci\u0144stwie. Dla jednych uczni\u00f3w oznacza ekscytuj\u0105c\u0105 przygod\u0119, dla innych \u017ar\u00f3d\u0142o stresu i wielu pyta\u0144.<\/p>\n<p>Bohaterowie ksi\u0105\u017cki <a href=\"https:\/\/www.legimi.pl\/ebook-tola-i-nelek-pojdziemy-do-szkoly-patrycja-nowak,b1701291.html\">Tola i Nelek. P\u00f3jdziemy do szko\u0142y<\/a> poznaj\u0105 szkolne zasady, przygotowuj\u0105 si\u0119 do nowych obowi\u0105zk\u00f3w i odkrywaj\u0105, \u017ce szko\u0142a mo\u017ce by\u0107 miejscem pe\u0142nym przyja\u017ani, wiedzy i ciekawych do\u015bwiadcze\u0144. To warto\u015bciowa lektura dla dzieci rozpoczynaj\u0105cych edukacj\u0119 oraz ich rodzic\u00f3w.<\/p>\n<h3><img loading=\"lazy\" decoding=\"async\" class=\"aligncenter size-full wp-image-5867\" src=\"https:\/\/blog.legimi.pl\/wp-content\/uploads\/2026\/09\/14.jpg\" alt=\"\" width=\"9216\" height=\"2304\" srcset=\"https:\/\/blog.legimi.pl\/wp-content\/uploads\/2026\/09\/14.jpg 9216w, https:\/\/blog.legimi.pl\/wp-content\/uploads\/2026\/09\/14-300x75.jpg 300w, https:\/\/blog.legimi.pl\/wp-content\/uploads\/2026\/09\/14-1024x256.jpg 1024w, https:\/\/blog.legimi.pl\/wp-content\/uploads\/2026\/09\/14-768x192.jpg 768w, https:\/\/blog.legimi.pl\/wp-content\/uploads\/2026\/09\/14-1536x384.jpg 1536w, https:\/\/blog.legimi.pl\/wp-content\/uploads\/2026\/09\/14-2048x512.jpg 2048w\" sizes=\"auto, (max-width: 9216px) 100vw, 9216px\" \/><\/h3>\n<p>Szkolne \u017cycie to nie tylko nauka i zabawa, ale tak\u017ce pierwsze konflikty i nieporozumienia. Barbara Supe\u0142 pokazuje, jak rozmawia\u0107 o emocjach, szuka\u0107 porozumienia i budowa\u0107 zdrowe relacje z drugim cz\u0142owiekiem.<\/p>\n<p><a href=\"https:\/\/www.legimi.pl\/ebook-jadzia-petelka-ma-sprzeczke-barbara-supel,b1622392.html\">Jadzia P\u0119telka ma sprzeczk\u0119<\/a> to ksi\u0105\u017cka wspieraj\u0105ca rozw\u00f3j kompetencji spo\u0142ecznych i ucz\u0105ca najm\u0142odszych, \u017ce nawet trudne sytuacje mo\u017cna rozwi\u0105za\u0107 dzi\u0119ki rozmowie, empatii i wzajemnemu zrozumieniu.<\/p>\n<h3><img loading=\"lazy\" decoding=\"async\" class=\"aligncenter size-full wp-image-5868\" src=\"https:\/\/blog.legimi.pl\/wp-content\/uploads\/2026\/09\/15.jpg\" alt=\"\" width=\"9216\" height=\"2304\" srcset=\"https:\/\/blog.legimi.pl\/wp-content\/uploads\/2026\/09\/15.jpg 9216w, https:\/\/blog.legimi.pl\/wp-content\/uploads\/2026\/09\/15-300x75.jpg 300w, https:\/\/blog.legimi.pl\/wp-content\/uploads\/2026\/09\/15-1024x256.jpg 1024w, https:\/\/blog.legimi.pl\/wp-content\/uploads\/2026\/09\/15-768x192.jpg 768w, https:\/\/blog.legimi.pl\/wp-content\/uploads\/2026\/09\/15-1536x384.jpg 1536w, https:\/\/blog.legimi.pl\/wp-content\/uploads\/2026\/09\/15-2048x512.jpg 2048w\" sizes=\"auto, (max-width: 9216px) 100vw, 9216px\" \/><\/h3>\n<p>Nie wszystkie ksi\u0105\u017cki o szkole musz\u0105 by\u0107 realistyczne. W tej pe\u0142nej humoru historii emocje zwi\u0105zane z pierwszym dniem szko\u0142y \u0142\u0105cz\u0105 si\u0119 z fantastyk\u0105 i niezwyk\u0142ymi przygodami.<\/p>\n<p>W <a href=\"https:\/\/www.legimi.pl\/ebook-szwendarri-5-pierwszy-dzien-szkoly-golec-piaskowy-i-zaklinaczka-kotow-patrycja-poludnikiewicz-kedzior,b1411407.html\">Szwendarri 5: Pierwszy dzie\u0144 szko\u0142y<\/a> pod warstw\u0105 magicznych wydarze\u0144 kryje si\u0119 jednak uniwersalna opowie\u015b\u0107 o adaptacji do nowych warunk\u00f3w, budowaniu pewno\u015bci siebie i oswajaniu szkolnych obaw.<\/p>\n<h3><img loading=\"lazy\" decoding=\"async\" class=\"aligncenter size-full wp-image-5869\" src=\"https:\/\/blog.legimi.pl\/wp-content\/uploads\/2026\/09\/16.jpg\" alt=\"\" width=\"9216\" height=\"2304\" srcset=\"https:\/\/blog.legimi.pl\/wp-content\/uploads\/2026\/09\/16.jpg 9216w, https:\/\/blog.legimi.pl\/wp-content\/uploads\/2026\/09\/16-300x75.jpg 300w, https:\/\/blog.legimi.pl\/wp-content\/uploads\/2026\/09\/16-1024x256.jpg 1024w, https:\/\/blog.legimi.pl\/wp-content\/uploads\/2026\/09\/16-768x192.jpg 768w, https:\/\/blog.legimi.pl\/wp-content\/uploads\/2026\/09\/16-1536x384.jpg 1536w, https:\/\/blog.legimi.pl\/wp-content\/uploads\/2026\/09\/16-2048x512.jpg 2048w\" sizes=\"auto, (max-width: 9216px) 100vw, 9216px\" \/><\/h3>\n<p>Joanna Jax udowadnia, \u017ce literatura dla m\u0142odszych czytelnik\u00f3w mo\u017ce jednocze\u015bnie bawi\u0107 i rozwija\u0107. Bohaterowie <a href=\"https:\/\/www.legimi.pl\/ebook-ferajna-ze-szkolnej-lawki-nieproszony-gosc-joanna-jax,b1450734.html\">Ferajny ze szkolnej \u0142awki. Wehiku\u0142 czasu<\/a> prze\u017cywaj\u0105 niezwyk\u0142\u0105 przygod\u0119, kt\u00f3ra pobudza ciekawo\u015b\u0107 \u015bwiata i zach\u0119ca do poznawania historii.<\/p>\n<p>W centrum opowie\u015bci znajduj\u0105 si\u0119 szkolne przyja\u017anie, wsp\u00f3\u0142praca i wsp\u00f3lne rozwi\u0105zywanie problem\u00f3w. To ksi\u0105\u017cka przypominaj\u0105ca, \u017ce razem \u0142atwiej pokonywa\u0107 trudno\u015bci i osi\u0105ga\u0107 cele.<\/p>\n<h3>Ksi\u0105\u017cki o emocjach, kt\u00f3re pomagaj\u0105 oswoi\u0107 szkolne wyzwania<\/h3>\n<p>Temat szkolnych do\u015bwiadcze\u0144 warto uzupe\u0142ni\u0107 o ksi\u0105\u017cki wspieraj\u0105ce rozw\u00f3j emocjonalny dzieci. Do szczeg\u00f3lnie warto\u015bciowych tytu\u0142\u00f3w nale\u017c\u0105 \u201eOdwagi, Pinku!\u201d, pomagaj\u0105ca oswoi\u0107 dzieci\u0119cy strach i niepewno\u015b\u0107, oraz \u201eNie dr\u0119cz mnie!\u201d, poruszaj\u0105ca temat przemocy r\u00f3wie\u015bniczej i szukania pomocy w trudnych sytuacjach.<\/p>\n<p>Warto zwr\u00f3ci\u0107 uwag\u0119 r\u00f3wnie\u017c na \u201eO kotku, kt\u00f3ry ba\u0142 si\u0119 wszystkiego\u201d, wspieraj\u0105c\u0105 najm\u0142odszych w rozpoznawaniu w\u0142asnych emocji, \u201eS\u0142owa mog\u0105 rani\u0107\u201d, ucz\u0105c\u0105 empatii i odpowiedzialnej komunikacji, a tak\u017ce \u201eJestem cichy\u201d, pokazuj\u0105c\u0105, \u017ce wra\u017cliwo\u015b\u0107 i spokojny charakter r\u00f3wnie\u017c mog\u0105 by\u0107 \u017ar\u00f3d\u0142em si\u0142y.<\/p>\n<h3>Dlaczego warto si\u0119ga\u0107 po ksi\u0105\u017cki o szkole ju\u017c od najm\u0142odszych lat?<\/h3>\n<p>Najlepsze ksi\u0105\u017cki o szkole pomagaj\u0105 dzieciom przygotowa\u0107 si\u0119 na zmiany zwi\u0105zane z edukacj\u0105, pokazuj\u0105c, \u017ce stres przed pierwszym dniem nauki, szkoln\u0105 wycieczk\u0105 czy poznawaniem nowych koleg\u00f3w jest czym\u015b naturalnym. Ucz\u0105 rozmawia\u0107 o emocjach, budowa\u0107 zaufanie i radzi\u0107 sobie z problemami, kt\u00f3re pojawiaj\u0105 si\u0119 na pierwszych etapach szkolnej drogi.<\/p>\n<p>Dzi\u0119ki takim historiom szko\u0142a przestaje by\u0107 miejscem pe\u0142nym niewiadomych, a staje si\u0119 przestrzeni\u0105 odkrywania \u015bwiata, zdobywania wiedzy i zawierania przyja\u017ani. To cenna lekcja zar\u00f3wno dla dzieci, jak i dla rodzic\u00f3w wspieraj\u0105cych swoje pociechy w pierwszych latach edukacji<\/p>\n<h2>FAQ<\/h2>\n<h3>Jakie s\u0105 najlepsze ksi\u0105\u017cki o szkole?<\/h3>\n<p>Do najciekawszych ksi\u0105\u017cek o szkole nale\u017c\u0105 mi\u0119dzy innymi \u201eSz\u00f3sta klepka\u201d, \u201eLiceum Freuda\u201d, \u201eMam do pana kilka pyta\u0144\u201d oraz \u201eNauczyciele\u201d. Ka\u017cda z nich pokazuje inne oblicze \u017cycia szkolnego.<\/p>\n<h3>Jakie ksi\u0105\u017cki o liceum warto przeczyta\u0107?<\/h3>\n<p>Warto si\u0119gn\u0105\u0107 po \u201eSz\u00f3st\u0105 klepk\u0119, \u201eLiceum Freuda i \u201eNoc szpilek\u201d. To historie o dojrzewaniu, przyja\u017ani i pierwszych wa\u017cnych wyborach.<\/p>\n<h3>Czy istniej\u0105 ciekawe ksi\u0105\u017cki o nauczycielach?<\/h3>\n<p>Tak. Szczeg\u00f3lnie interesuj\u0105ce s\u0105 \u201eNauczyciele\u201d Freidy McFadden oraz Sz\u00f3sta klepka Ma\u0142gorzaty Musierowicz, w kt\u00f3rej wa\u017cn\u0105 rol\u0119 odgrywa profesor Dmuchawiec.<\/p>\n<h3>Jakie ksi\u0105\u017cki o studentach polecacie?<\/h3>\n<p>Mi\u0142o\u015bnicy akademickich klimat\u00f3w powinni zwr\u00f3ci\u0107 uwag\u0119 na \u201eClone\u201d Aleksandry Negro\u0144skiej oraz O zmierzchu Therese Bohman.<\/p>\n<h3>Dlaczego warto czyta\u0107 ksi\u0105\u017cki o dorastaniu?<\/h3>\n<p>Poniewa\u017c opowiadaj\u0105 o do\u015bwiadczeniach, kt\u00f3re s\u0105 bliskie niemal ka\u017cdemu cz\u0142owiekowi: pierwszych przyja\u017aniach, mi\u0142o\u015bciach, pora\u017ckach i sukcesach. Dzi\u0119ki temu pozostaj\u0105 aktualne niezale\u017cnie od wieku czytelnika.<\/p>\n<h3>Dlaczego warto czyta\u0107 ksi\u0105\u017cki o dorastaniu?<\/h3>\n<p style=\"text-align: left;\">Ksi\u0105\u017cki o dorastaniu pomagaj\u0105 lepiej zrozumie\u0107 emocje zwi\u0105zane z m\u0142odo\u015bci\u0105, pierwszymi przyja\u017aniami, mi\u0142o\u015bciami i poszukiwaniem w\u0142asnej to\u017csamo\u015bci. S\u0105 atrakcyjne zar\u00f3wno dla nastolatk\u00f3w, jak i doros\u0142ych czytelnik\u00f3w.<span style=\"color: inherit; background-color: #c6c6c6 !important;\" data-color=\"rgb(198, 198, 198) !important\">\u00a0<\/span><\/p>\n<h3>Jakie ksi\u0105\u017cki o szkole warto przeczyta\u0107 jako doros\u0142y?<span style=\"color: inherit; background-color: #c6c6c6 !important;\" data-color=\"rgb(198, 198, 198) !important\">\u00a0<\/span><\/h3>\n<p style=\"text-align: left;\">Doro\u015bli czytelnicy cz\u0119sto si\u0119gaj\u0105 po ksi\u0105\u017cki o szkole z sentymentu. Warto zwr\u00f3ci\u0107 uwag\u0119 na \u201eSz\u00f3st\u0105 klepk\u0119\u201d, \u201eMam do pana kilka pyta\u0144\u201d, \u201eNauczycieli\u201d czy \u201eO zmierzchu\u201d. To historie, kt\u00f3re pozwalaj\u0105 wr\u00f3ci\u0107 do szkolnych i studenckich wspomnie\u0144, jednocze\u015bnie poruszaj\u0105c uniwersalne tematy.<span style=\"color: inherit; background-color: #c6c6c6 !important;\" data-color=\"rgb(198, 198, 198) !important\">\u00a0<\/span><\/p>\n<h3>Czy ksi\u0105\u017cki o szkole s\u0105 tylko dla m\u0142odzie\u017cy?<span style=\"color: inherit; background-color: #c6c6c6 !important;\" data-color=\"rgb(198, 198, 198) !important\">\u00a0<\/span><\/h3>\n<p style=\"text-align: left;\">Nie. Wiele powie\u015bci szkolnych kierowanych jest r\u00f3wnie\u017c do doros\u0142ych czytelnik\u00f3w. Historie rozgrywaj\u0105ce si\u0119 w liceach, internatach czy na uniwersytetach cz\u0119sto opowiadaj\u0105 o relacjach, ambicjach i dojrzewaniu emocjonalnym, dlatego s\u0105 atrakcyjne niezale\u017cnie od wieku.<span style=\"color: inherit; background-color: #c6c6c6 !important;\" data-color=\"rgb(198, 198, 198) !important\">\u00a0<\/span><\/p>\n<h2>Wrzesie\u0144 to dobry czas na ksi\u0105\u017cki i literacki powr\u00f3t do szko\u0142y<\/h2>\n<p>Powie\u015bci rozgrywaj\u0105ce si\u0119 w szko\u0142ach, internatach i na uczelniach przypominaj\u0105, \u017ce edukacja to nie tylko zdobywanie wiedzy. To czas pierwszych przyja\u017ani, wielkich marze\u0144, \u017cyciowych pomy\u0142ek i spotka\u0144 z lud\u017ami, kt\u00f3rzy potrafi\u0105 zmieni\u0107 spos\u00f3b my\u015blenia o \u015bwiecie.<\/p>\n<p>Niezale\u017cnie od tego, czy t\u0119sknicie za licealnymi rozmowami podczas przerw, inspiruj\u0105cymi nauczycielami, studenckimi dyskusjami do p\u00f3\u017anej nocy czy po prostu za okresem, gdy wszystko wydawa\u0142o si\u0119 mo\u017cliwe, w katalogu Legimi znajdziecie ksi\u0105\u017cki, kt\u00f3re pozwol\u0105 cho\u0107 na chwil\u0119 wr\u00f3ci\u0107 do tamtych lat. Wrzesie\u0144 to doskona\u0142y moment, by ponownie usi\u0105\u015b\u0107 w szkolnej \u0142awce, tym razem jako czytelnik.<\/p>\n","protected":false},"excerpt":{"rendered":"<p>Wrzesie\u0144 od lat kojarzy si\u0119 z nowym pocz\u0105tkiem. Dla uczni\u00f3w oznacza powr\u00f3t do klas, dla rodzic\u00f3w pocz\u0105tek kolejnego roku nauki ich dzieci, a dla wielu doros\u0142ych jest okazj\u0105 do sentymentalnej podr\u00f3\u017cy w przesz\u0142o\u015b\u0107. Nic wi\u0119c dziwnego, \u017ce w\u0142a\u015bnie o tej porze roku ch\u0119tnie si\u0119gamy po ksi\u0105\u017cki o szkole, kt\u00f3re przypominaj\u0105 czasy liceum, studi\u00f3w i szkolnych [&hellip;]<\/p>\n","protected":false},"author":61,"featured_media":5870,"comment_status":"closed","ping_status":"closed","sticky":false,"template":"","format":"standard","meta":{"footnotes":""},"categories":[4261,5302,5345],"tags":[5354,5355],"class_list":["post-5853","post","type-post","status-publish","format-standard","has-post-thumbnail","hentry","category-artykuly","category-inspiracje","category-polecamy","tag-back-to-school","tag-ksiazki-o-szkole"],"yoast_head":"<!-- This site is optimized with the Yoast SEO plugin v28.4 - https:\/\/yoast.com\/product\/yoast-seo-wordpress\/ -->\n<title>Ksi\u0105\u017cki o szkole dla os\u00f3b t\u0119skni\u0105cych za szkolnymi latami - Legimi - blog<\/title>\n<meta name=\"description\" content=\"Wrzesie\u0144 to czas powrot\u00f3w i nowych pocz\u0105tk\u00f3w. Odkryj ksi\u0105\u017cki o szkole, kt\u00f3re przywo\u0142uj\u0105 wspomnienia szkolnych lat i przyja\u017ani.\" \/>\n<meta name=\"robots\" content=\"index, follow, max-snippet:-1, max-image-preview:large, max-video-preview:-1\" \/>\n<link rel=\"canonical\" href=\"https:\/\/www.legimi.pl\/blog\/2026\/09\/ksiazki-o-szkole-dla-osob-teskniacych-za-szkolnymi-latami\/\" \/>\n<meta property=\"og:locale\" content=\"pl_PL\" \/>\n<meta property=\"og:type\" content=\"article\" \/>\n<meta property=\"og:title\" content=\"Ksi\u0105\u017cki o szkole dla os\u00f3b t\u0119skni\u0105cych za szkolnymi latami - Legimi - blog\" \/>\n<meta property=\"og:description\" content=\"Wrzesie\u0144 to czas powrot\u00f3w i nowych pocz\u0105tk\u00f3w. Odkryj ksi\u0105\u017cki o szkole, kt\u00f3re przywo\u0142uj\u0105 wspomnienia szkolnych lat i przyja\u017ani.\" \/>\n<meta property=\"og:url\" content=\"https:\/\/www.legimi.pl\/blog\/2026\/09\/ksiazki-o-szkole-dla-osob-teskniacych-za-szkolnymi-latami\/\" \/>\n<meta property=\"og:site_name\" content=\"Legimi - blog\" \/>\n<meta property=\"article:published_time\" content=\"2026-09-04T08:30:56+00:00\" \/>\n<meta property=\"article:modified_time\" content=\"2026-09-04T09:22:14+00:00\" \/>\n<meta property=\"og:image\" content=\"https:\/\/blog.legimi.pl\/wp-content\/uploads\/2026\/09\/ksiazki-o-szkole.png\" \/>\n\t<meta property=\"og:image:width\" content=\"1080\" \/>\n\t<meta property=\"og:image:height\" content=\"675\" \/>\n\t<meta property=\"og:image:type\" content=\"image\/png\" \/>\n<meta name=\"author\" content=\"Agnieszka B\u0142aszczyk\" \/>\n<meta name=\"twitter:card\" content=\"summary_large_image\" \/>\n<meta name=\"twitter:label1\" content=\"Napisane przez\" \/>\n\t<meta name=\"twitter:data1\" content=\"Agnieszka B\u0142aszczyk\" \/>\n\t<meta name=\"twitter:label2\" content=\"Szacowany czas czytania\" \/>\n\t<meta name=\"twitter:data2\" content=\"17 minut\" \/>\n<script type=\"application\/ld+json\" class=\"yoast-schema-graph\">{\"@context\":\"https:\\\/\\\/schema.org\",\"@graph\":[{\"@type\":\"Article\",\"@id\":\"https:\\\/\\\/www.legimi.pl\\\/blog\\\/2026\\\/09\\\/ksiazki-o-szkole-dla-osob-teskniacych-za-szkolnymi-latami\\\/#article\",\"isPartOf\":{\"@id\":\"https:\\\/\\\/www.legimi.pl\\\/blog\\\/2026\\\/09\\\/ksiazki-o-szkole-dla-osob-teskniacych-za-szkolnymi-latami\\\/\"},\"author\":{\"name\":\"Agnieszka B\u0142aszczyk\",\"@id\":\"https:\\\/\\\/www.legimi.pl\\\/blog\\\/#\\\/schema\\\/person\\\/ebd2705e460590d5460b6da515b4f18d\"},\"headline\":\"Ksi\u0105\u017cki o szkole dla os\u00f3b t\u0119skni\u0105cych za szkolnymi latami\",\"datePublished\":\"2026-09-04T08:30:56+00:00\",\"dateModified\":\"2026-09-04T09:22:14+00:00\",\"mainEntityOfPage\":{\"@id\":\"https:\\\/\\\/www.legimi.pl\\\/blog\\\/2026\\\/09\\\/ksiazki-o-szkole-dla-osob-teskniacych-za-szkolnymi-latami\\\/\"},\"wordCount\":2812,\"image\":{\"@id\":\"https:\\\/\\\/www.legimi.pl\\\/blog\\\/2026\\\/09\\\/ksiazki-o-szkole-dla-osob-teskniacych-za-szkolnymi-latami\\\/#primaryimage\"},\"thumbnailUrl\":\"https:\\\/\\\/blog.legimi.pl\\\/wp-content\\\/uploads\\\/2026\\\/09\\\/ksiazki-o-szkole.png\",\"keywords\":[\"Back to school\",\"Ksi\u0105\u017cki o szkole\"],\"articleSection\":[\"Artyku\u0142y\",\"Inspiracje\",\"Polecamy\"],\"inLanguage\":\"pl-PL\"},{\"@type\":\"WebPage\",\"@id\":\"https:\\\/\\\/www.legimi.pl\\\/blog\\\/2026\\\/09\\\/ksiazki-o-szkole-dla-osob-teskniacych-za-szkolnymi-latami\\\/\",\"url\":\"https:\\\/\\\/www.legimi.pl\\\/blog\\\/2026\\\/09\\\/ksiazki-o-szkole-dla-osob-teskniacych-za-szkolnymi-latami\\\/\",\"name\":\"Ksi\u0105\u017cki o szkole dla os\u00f3b t\u0119skni\u0105cych za szkolnymi latami - Legimi - blog\",\"isPartOf\":{\"@id\":\"https:\\\/\\\/www.legimi.pl\\\/blog\\\/#website\"},\"primaryImageOfPage\":{\"@id\":\"https:\\\/\\\/www.legimi.pl\\\/blog\\\/2026\\\/09\\\/ksiazki-o-szkole-dla-osob-teskniacych-za-szkolnymi-latami\\\/#primaryimage\"},\"image\":{\"@id\":\"https:\\\/\\\/www.legimi.pl\\\/blog\\\/2026\\\/09\\\/ksiazki-o-szkole-dla-osob-teskniacych-za-szkolnymi-latami\\\/#primaryimage\"},\"thumbnailUrl\":\"https:\\\/\\\/blog.legimi.pl\\\/wp-content\\\/uploads\\\/2026\\\/09\\\/ksiazki-o-szkole.png\",\"datePublished\":\"2026-09-04T08:30:56+00:00\",\"dateModified\":\"2026-09-04T09:22:14+00:00\",\"author\":{\"@id\":\"https:\\\/\\\/www.legimi.pl\\\/blog\\\/#\\\/schema\\\/person\\\/ebd2705e460590d5460b6da515b4f18d\"},\"description\":\"Wrzesie\u0144 to czas powrot\u00f3w i nowych pocz\u0105tk\u00f3w. Odkryj ksi\u0105\u017cki o szkole, kt\u00f3re przywo\u0142uj\u0105 wspomnienia szkolnych lat i przyja\u017ani.\",\"breadcrumb\":{\"@id\":\"https:\\\/\\\/www.legimi.pl\\\/blog\\\/2026\\\/09\\\/ksiazki-o-szkole-dla-osob-teskniacych-za-szkolnymi-latami\\\/#breadcrumb\"},\"inLanguage\":\"pl-PL\",\"potentialAction\":[{\"@type\":\"ReadAction\",\"target\":[\"https:\\\/\\\/www.legimi.pl\\\/blog\\\/2026\\\/09\\\/ksiazki-o-szkole-dla-osob-teskniacych-za-szkolnymi-latami\\\/\"]}]},{\"@type\":\"ImageObject\",\"inLanguage\":\"pl-PL\",\"@id\":\"https:\\\/\\\/www.legimi.pl\\\/blog\\\/2026\\\/09\\\/ksiazki-o-szkole-dla-osob-teskniacych-za-szkolnymi-latami\\\/#primaryimage\",\"url\":\"https:\\\/\\\/blog.legimi.pl\\\/wp-content\\\/uploads\\\/2026\\\/09\\\/ksiazki-o-szkole.png\",\"contentUrl\":\"https:\\\/\\\/blog.legimi.pl\\\/wp-content\\\/uploads\\\/2026\\\/09\\\/ksiazki-o-szkole.png\",\"width\":1080,\"height\":675},{\"@type\":\"BreadcrumbList\",\"@id\":\"https:\\\/\\\/www.legimi.pl\\\/blog\\\/2026\\\/09\\\/ksiazki-o-szkole-dla-osob-teskniacych-za-szkolnymi-latami\\\/#breadcrumb\",\"itemListElement\":[{\"@type\":\"ListItem\",\"position\":1,\"name\":\"Home\",\"item\":\"https:\\\/\\\/www.legimi.pl\\\/blog\\\/\"},{\"@type\":\"ListItem\",\"position\":2,\"name\":\"Ksi\u0105\u017cki o szkole dla os\u00f3b t\u0119skni\u0105cych za szkolnymi latami\"}]},{\"@type\":\"WebSite\",\"@id\":\"https:\\\/\\\/www.legimi.pl\\\/blog\\\/#website\",\"url\":\"https:\\\/\\\/www.legimi.pl\\\/blog\\\/\",\"name\":\"Legimi - blog\",\"description\":\"\",\"potentialAction\":[{\"@type\":\"SearchAction\",\"target\":{\"@type\":\"EntryPoint\",\"urlTemplate\":\"https:\\\/\\\/www.legimi.pl\\\/blog\\\/?s={search_term_string}\"},\"query-input\":{\"@type\":\"PropertyValueSpecification\",\"valueRequired\":true,\"valueName\":\"search_term_string\"}}],\"inLanguage\":\"pl-PL\"},{\"@type\":\"Person\",\"@id\":\"https:\\\/\\\/www.legimi.pl\\\/blog\\\/#\\\/schema\\\/person\\\/ebd2705e460590d5460b6da515b4f18d\",\"name\":\"Agnieszka B\u0142aszczyk\",\"image\":{\"@type\":\"ImageObject\",\"inLanguage\":\"pl-PL\",\"@id\":\"https:\\\/\\\/secure.gravatar.com\\\/avatar\\\/a09ea5f61d6193acf6fd5ce987bcf152cb3cc5d46ea8734f0665f65fc600bba0?s=96&d=mm&r=g\",\"url\":\"https:\\\/\\\/secure.gravatar.com\\\/avatar\\\/a09ea5f61d6193acf6fd5ce987bcf152cb3cc5d46ea8734f0665f65fc600bba0?s=96&d=mm&r=g\",\"contentUrl\":\"https:\\\/\\\/secure.gravatar.com\\\/avatar\\\/a09ea5f61d6193acf6fd5ce987bcf152cb3cc5d46ea8734f0665f65fc600bba0?s=96&d=mm&r=g\",\"caption\":\"Agnieszka B\u0142aszczyk\"},\"url\":\"https:\\\/\\\/www.legimi.pl\\\/blog\\\/author\\\/agnieszka-blaszczyk\\\/\"}]}<\/script>\n<!-- \/ Yoast SEO plugin. -->","yoast_head_json":{"title":"Ksi\u0105\u017cki o szkole dla os\u00f3b t\u0119skni\u0105cych za szkolnymi latami - Legimi - blog","description":"Wrzesie\u0144 to czas powrot\u00f3w i nowych pocz\u0105tk\u00f3w. Odkryj ksi\u0105\u017cki o szkole, kt\u00f3re przywo\u0142uj\u0105 wspomnienia szkolnych lat i przyja\u017ani.","robots":{"index":"index","follow":"follow","max-snippet":"max-snippet:-1","max-image-preview":"max-image-preview:large","max-video-preview":"max-video-preview:-1"},"canonical":"https:\/\/www.legimi.pl\/blog\/2026\/09\/ksiazki-o-szkole-dla-osob-teskniacych-za-szkolnymi-latami\/","og_locale":"pl_PL","og_type":"article","og_title":"Ksi\u0105\u017cki o szkole dla os\u00f3b t\u0119skni\u0105cych za szkolnymi latami - Legimi - blog","og_description":"Wrzesie\u0144 to czas powrot\u00f3w i nowych pocz\u0105tk\u00f3w. Odkryj ksi\u0105\u017cki o szkole, kt\u00f3re przywo\u0142uj\u0105 wspomnienia szkolnych lat i przyja\u017ani.","og_url":"https:\/\/www.legimi.pl\/blog\/2026\/09\/ksiazki-o-szkole-dla-osob-teskniacych-za-szkolnymi-latami\/","og_site_name":"Legimi - blog","article_published_time":"2026-09-04T08:30:56+00:00","article_modified_time":"2026-09-04T09:22:14+00:00","og_image":[{"width":1080,"height":675,"url":"https:\/\/blog.legimi.pl\/wp-content\/uploads\/2026\/09\/ksiazki-o-szkole.png","type":"image\/png"}],"author":"Agnieszka B\u0142aszczyk","twitter_card":"summary_large_image","twitter_misc":{"Napisane przez":"Agnieszka B\u0142aszczyk","Szacowany czas czytania":"17 minut"},"schema":{"@context":"https:\/\/schema.org","@graph":[{"@type":"Article","@id":"https:\/\/www.legimi.pl\/blog\/2026\/09\/ksiazki-o-szkole-dla-osob-teskniacych-za-szkolnymi-latami\/#article","isPartOf":{"@id":"https:\/\/www.legimi.pl\/blog\/2026\/09\/ksiazki-o-szkole-dla-osob-teskniacych-za-szkolnymi-latami\/"},"author":{"name":"Agnieszka B\u0142aszczyk","@id":"https:\/\/www.legimi.pl\/blog\/#\/schema\/person\/ebd2705e460590d5460b6da515b4f18d"},"headline":"Ksi\u0105\u017cki o szkole dla os\u00f3b t\u0119skni\u0105cych za szkolnymi latami","datePublished":"2026-09-04T08:30:56+00:00","dateModified":"2026-09-04T09:22:14+00:00","mainEntityOfPage":{"@id":"https:\/\/www.legimi.pl\/blog\/2026\/09\/ksiazki-o-szkole-dla-osob-teskniacych-za-szkolnymi-latami\/"},"wordCount":2812,"image":{"@id":"https:\/\/www.legimi.pl\/blog\/2026\/09\/ksiazki-o-szkole-dla-osob-teskniacych-za-szkolnymi-latami\/#primaryimage"},"thumbnailUrl":"https:\/\/blog.legimi.pl\/wp-content\/uploads\/2026\/09\/ksiazki-o-szkole.png","keywords":["Back to school","Ksi\u0105\u017cki o szkole"],"articleSection":["Artyku\u0142y","Inspiracje","Polecamy"],"inLanguage":"pl-PL"},{"@type":"WebPage","@id":"https:\/\/www.legimi.pl\/blog\/2026\/09\/ksiazki-o-szkole-dla-osob-teskniacych-za-szkolnymi-latami\/","url":"https:\/\/www.legimi.pl\/blog\/2026\/09\/ksiazki-o-szkole-dla-osob-teskniacych-za-szkolnymi-latami\/","name":"Ksi\u0105\u017cki o szkole dla os\u00f3b t\u0119skni\u0105cych za szkolnymi latami - Legimi - blog","isPartOf":{"@id":"https:\/\/www.legimi.pl\/blog\/#website"},"primaryImageOfPage":{"@id":"https:\/\/www.legimi.pl\/blog\/2026\/09\/ksiazki-o-szkole-dla-osob-teskniacych-za-szkolnymi-latami\/#primaryimage"},"image":{"@id":"https:\/\/www.legimi.pl\/blog\/2026\/09\/ksiazki-o-szkole-dla-osob-teskniacych-za-szkolnymi-latami\/#primaryimage"},"thumbnailUrl":"https:\/\/blog.legimi.pl\/wp-content\/uploads\/2026\/09\/ksiazki-o-szkole.png","datePublished":"2026-09-04T08:30:56+00:00","dateModified":"2026-09-04T09:22:14+00:00","author":{"@id":"https:\/\/www.legimi.pl\/blog\/#\/schema\/person\/ebd2705e460590d5460b6da515b4f18d"},"description":"Wrzesie\u0144 to czas powrot\u00f3w i nowych pocz\u0105tk\u00f3w. Odkryj ksi\u0105\u017cki o szkole, kt\u00f3re przywo\u0142uj\u0105 wspomnienia szkolnych lat i przyja\u017ani.","breadcrumb":{"@id":"https:\/\/www.legimi.pl\/blog\/2026\/09\/ksiazki-o-szkole-dla-osob-teskniacych-za-szkolnymi-latami\/#breadcrumb"},"inLanguage":"pl-PL","potentialAction":[{"@type":"ReadAction","target":["https:\/\/www.legimi.pl\/blog\/2026\/09\/ksiazki-o-szkole-dla-osob-teskniacych-za-szkolnymi-latami\/"]}]},{"@type":"ImageObject","inLanguage":"pl-PL","@id":"https:\/\/www.legimi.pl\/blog\/2026\/09\/ksiazki-o-szkole-dla-osob-teskniacych-za-szkolnymi-latami\/#primaryimage","url":"https:\/\/blog.legimi.pl\/wp-content\/uploads\/2026\/09\/ksiazki-o-szkole.png","contentUrl":"https:\/\/blog.legimi.pl\/wp-content\/uploads\/2026\/09\/ksiazki-o-szkole.png","width":1080,"height":675},{"@type":"BreadcrumbList","@id":"https:\/\/www.legimi.pl\/blog\/2026\/09\/ksiazki-o-szkole-dla-osob-teskniacych-za-szkolnymi-latami\/#breadcrumb","itemListElement":[{"@type":"ListItem","position":1,"name":"Home","item":"https:\/\/www.legimi.pl\/blog\/"},{"@type":"ListItem","position":2,"name":"Ksi\u0105\u017cki o szkole dla os\u00f3b t\u0119skni\u0105cych za szkolnymi latami"}]},{"@type":"WebSite","@id":"https:\/\/www.legimi.pl\/blog\/#website","url":"https:\/\/www.legimi.pl\/blog\/","name":"Legimi - blog","description":"","potentialAction":[{"@type":"SearchAction","target":{"@type":"EntryPoint","urlTemplate":"https:\/\/www.legimi.pl\/blog\/?s={search_term_string}"},"query-input":{"@type":"PropertyValueSpecification","valueRequired":true,"valueName":"search_term_string"}}],"inLanguage":"pl-PL"},{"@type":"Person","@id":"https:\/\/www.legimi.pl\/blog\/#\/schema\/person\/ebd2705e460590d5460b6da515b4f18d","name":"Agnieszka B\u0142aszczyk","image":{"@type":"ImageObject","inLanguage":"pl-PL","@id":"https:\/\/secure.gravatar.com\/avatar\/a09ea5f61d6193acf6fd5ce987bcf152cb3cc5d46ea8734f0665f65fc600bba0?s=96&d=mm&r=g","url":"https:\/\/secure.gravatar.com\/avatar\/a09ea5f61d6193acf6fd5ce987bcf152cb3cc5d46ea8734f0665f65fc600bba0?s=96&d=mm&r=g","contentUrl":"https:\/\/secure.gravatar.com\/avatar\/a09ea5f61d6193acf6fd5ce987bcf152cb3cc5d46ea8734f0665f65fc600bba0?s=96&d=mm&r=g","caption":"Agnieszka B\u0142aszczyk"},"url":"https:\/\/www.legimi.pl\/blog\/author\/agnieszka-blaszczyk\/"}]}},"_links":{"self":[{"href":"https:\/\/www.legimi.pl\/blog\/wp-json\/wp\/v2\/posts\/5853","targetHints":{"allow":["GET"]}}],"collection":[{"href":"https:\/\/www.legimi.pl\/blog\/wp-json\/wp\/v2\/posts"}],"about":[{"href":"https:\/\/www.legimi.pl\/blog\/wp-json\/wp\/v2\/types\/post"}],"author":[{"embeddable":true,"href":"https:\/\/www.legimi.pl\/blog\/wp-json\/wp\/v2\/users\/61"}],"replies":[{"embeddable":true,"href":"https:\/\/www.legimi.pl\/blog\/wp-json\/wp\/v2\/comments?post=5853"}],"version-history":[{"count":3,"href":"https:\/\/www.legimi.pl\/blog\/wp-json\/wp\/v2\/posts\/5853\/revisions"}],"predecessor-version":[{"id":5873,"href":"https:\/\/www.legimi.pl\/blog\/wp-json\/wp\/v2\/posts\/5853\/revisions\/5873"}],"wp:featuredmedia":[{"embeddable":true,"href":"https:\/\/www.legimi.pl\/blog\/wp-json\/wp\/v2\/media\/5870"}],"wp:attachment":[{"href":"https:\/\/www.legimi.pl\/blog\/wp-json\/wp\/v2\/media?parent=5853"}],"wp:term":[{"taxonomy":"category","embeddable":true,"href":"https:\/\/www.legimi.pl\/blog\/wp-json\/wp\/v2\/categories?post=5853"},{"taxonomy":"post_tag","embeddable":true,"href":"https:\/\/www.legimi.pl\/blog\/wp-json\/wp\/v2\/tags?post=5853"}],"curies":[{"name":"wp","href":"https:\/\/api.w.org\/{rel}","templated":true}]}}