{"id":5831,"date":"2026-08-27T10:30:22","date_gmt":"2026-08-27T08:30:22","guid":{"rendered":"https:\/\/www.legimi.pl\/blog\/?p=5831"},"modified":"2026-09-04T09:32:19","modified_gmt":"2026-09-04T07:32:19","slug":"wydawca-miesiaca-panstwowy-instytut-wydawniczy","status":"publish","type":"post","link":"https:\/\/www.legimi.pl\/blog\/2026\/08\/wydawca-miesiaca-panstwowy-instytut-wydawniczy\/","title":{"rendered":"Wydawca miesi\u0105ca: Pa\u0144stwowy Instytut Wydawniczy"},"content":{"rendered":"<h2><a href=\"https:\/\/www.legimi.pl\/katalog\/dajemy-slowo-piw-wydawca-miesiaca,c8415\/\"><img loading=\"lazy\" decoding=\"async\" class=\"aligncenter size-full wp-image-5832\" src=\"https:\/\/blog.legimi.pl\/wp-content\/uploads\/2026\/09\/1.jpg\" alt=\"\" width=\"1920\" height=\"384\" srcset=\"https:\/\/blog.legimi.pl\/wp-content\/uploads\/2026\/09\/1.jpg 1920w, https:\/\/blog.legimi.pl\/wp-content\/uploads\/2026\/09\/1-300x60.jpg 300w, https:\/\/blog.legimi.pl\/wp-content\/uploads\/2026\/09\/1-1024x205.jpg 1024w, https:\/\/blog.legimi.pl\/wp-content\/uploads\/2026\/09\/1-768x154.jpg 768w, https:\/\/blog.legimi.pl\/wp-content\/uploads\/2026\/09\/1-1536x307.jpg 1536w\" sizes=\"auto, (max-width: 1920px) 100vw, 1920px\" \/><\/a><\/h2>\n<h2>Dlaczego PIW od pokole\u0144 wyznacza standardy na polskim rynku ksi\u0105\u017cki?<\/h2>\n<p>Je\u015bli zastanawiacie si\u0119, czym wyr\u00f3\u017cnia si\u0119 Pa\u0144stwowy Instytut Wydawniczy, jakie miejsce zajmuje w historii polskiej literatury i od kt\u00f3rych tytu\u0142\u00f3w warto rozpocz\u0105\u0107 przygod\u0119 z jego katalogiem w Legimi, ten artyku\u0142 jest dla Was. Znajdziecie tu najwa\u017cniejsze fakty o wydawnictwie, ciekawostki z jego historii oraz rekomendacje pi\u0119ciu ksi\u0105\u017cek dost\u0119pnych w katalogu Legimi.<\/p>\n<p>Dla mi\u0142o\u015bnik\u00f3w literatury, historii i ambitnej humanistyki PIW to marka wyj\u0105tkowa. Od dziesi\u0119cioleci kojarzy si\u0119 z wysok\u0105 jako\u015bci\u0105, starannym opracowaniem tekst\u00f3w i odwag\u0105 w publikowaniu ksi\u0105\u017cek, kt\u00f3re nie tylko dostarczaj\u0105 rozrywki, lecz tak\u017ce pomagaj\u0105 lepiej rozumie\u0107 \u015bwiat.<\/p>\n<h2>Pa\u0144stwowy Instytut Wydawniczy. Kr\u00f3tka historia wielkiej oficyny<\/h2>\n<p>Pa\u0144stwowy Instytut Wydawniczy, znany powszechnie jako PIW, nale\u017cy do grona najbardziej zas\u0142u\u017conych polskich wydawnictw. Instytucj\u0119 powo\u0142ano w 1946 roku w Warszawie, cho\u0107 jej korzenie si\u0119gaj\u0105 roku 1945 i dzia\u0142alno\u015bci Pa\u0144stwowego Wydawnictwa Literatury Politycznej.<\/p>\n<p>Przez lata Pa\u0144stwowy Instytut Wydawniczy sta\u0142 si\u0119 jednym z najwa\u017cniejszych o\u015brodk\u00f3w polskiej kultury ksi\u0105\u017cki. W czasach PRL-u PIW nale\u017ca\u0142 do grona trzech najwa\u017cniejszych wydawc\u00f3w literatury pi\u0119knej w Polsce, obok Czytelnika i Wydawnictwa Literackiego. By\u0142 miejscem swobodnej wymiany my\u015bli w PRL i kszta\u0142towa\u0142 polski kanon literacki.<\/p>\n<p>To r\u00f3wnie\u017c jedno z najstarszych wydawnictw dzia\u0142aj\u0105cych dzi\u015b na polskim rynku. Przez blisko osiemdziesi\u0105t lat dzia\u0142alno\u015bci PIW wyda\u0142 ponad 8000 publikacji, tworz\u0105c imponuj\u0105cy katalog obejmuj\u0105cy literatur\u0119 pi\u0119kn\u0105, histori\u0119, eseje, filozofi\u0119 i nauki humanistyczne.<\/p>\n<h2>Dlaczego PIW jest tak wa\u017cny dla polskiej kultury?<\/h2>\n<p>Fenomen PIW-u nie wynika wy\u0142\u0105cznie z liczby publikacji. Od pocz\u0105tku dzia\u0142alno\u015bci Pa\u0144stwowy Instytut Wydawniczy konsekwentnie budowa\u0142 renom\u0119 wydawcy stawiaj\u0105cego na jako\u015b\u0107.<\/p>\n<p>PIW jest znany z publikacji krytycznych edycji klasyk\u00f3w literatury, przygotowywanych przez wybitnych redaktor\u00f3w, t\u0142umaczy i badaczy. Dzi\u0119ki temu czytelnicy otrzymywali nie tylko sam tekst, lecz tak\u017ce komentarze, przypisy i opracowania pomagaj\u0105ce lepiej zrozumie\u0107 kontekst powstawania dzie\u0142a.<\/p>\n<p>Przez dekady w katalogu wydawnictwa ukazywa\u0142y si\u0119 ksi\u0105\u017cki takich autor\u00f3w jak Adam Mickiewicz, Cyprian Kamil Norwid, Boles\u0142aw Prus, Wis\u0142awa Szymborska, Zbigniew Herbert, Albert Camus, George Orwell, Lew To\u0142stoj czy G\u00fcnter Grass.<\/p>\n<p>Co r\u00f3wnie istotne, instytut publikuje zar\u00f3wno klasyk\u0119, jak i now\u0105 literatur\u0119. Obok uznanych dzie\u0142 \u015bwiatowego kanonu znajdziemy dzi\u015b wsp\u00f3\u0142czesn\u0105 proz\u0119 polsk\u0105, eseistyk\u0119, reporta\u017c historyczny oraz ksi\u0105\u017cki popularyzuj\u0105ce wiedz\u0119 o \u015bwiecie.<\/p>\n<h2>Ksi\u0105\u017cki PIW. Jako\u015b\u0107, z kt\u00f3rej s\u0142ynie Pa\u0144stwowy Instytut Wydawniczy<\/h2>\n<p>Dla wielu czytelnik\u00f3w logo PIW-u jest gwarancj\u0105 jako\u015bci.<\/p>\n<p>Ksi\u0105\u017cki PIW charakteryzuj\u0105 si\u0119 wysok\u0105 jako\u015bci\u0105 t\u0142umacze\u0144 i szaty graficznej. To jedna z cech, kt\u00f3ra przez dziesi\u0119ciolecia wyr\u00f3\u017cnia\u0142a oficyn\u0119 na tle innych wydawnictw. Wsp\u00f3\u0142pracowali z ni\u0105 wybitni t\u0142umacze, redaktorzy i graficy, dbaj\u0105cy zar\u00f3wno o warstw\u0119 merytoryczn\u0105, jak i estetyczn\u0105 publikacji.<\/p>\n<p>Wsp\u00f3\u0142cze\u015bnie ksi\u0105\u017cki PIW-u dost\u0119pne s\u0105 w r\u00f3\u017cnych formatach. Czytelnicy mog\u0105 wybiera\u0107 pomi\u0119dzy wydaniami twardook\u0142adkowymi, mi\u0119kkook\u0142adkowymi, ebookami oraz audiobookami. W katalogu Legimi znajdziecie wiele tytu\u0142\u00f3w dost\u0119pnych od r\u0119ki w wersji elektronicznej.<\/p>\n<p>Je\u015bli chodzi o cen\u0119, publikacje PIW-u obejmuj\u0105 szeroki zakres cenowy. W oficjalnej ofercie wydawcy mo\u017cna znale\u017a\u0107 zar\u00f3wno ta\u0144sze ebooki, jak i rozbudowane wydania kolekcjonerskie. W zale\u017cno\u015bci od formatu i rodzaju publikacji cena ksi\u0105\u017cki mo\u017ce wynosi\u0107 od oko\u0142o 20 do ponad 60 z\u0142.<\/p>\n<h2>Kultowe serie wydawnicze PIW-u<\/h2>\n<h3>Rodowody Cywilizacji<\/h3>\n<p>To jedna z najbardziej rozpoznawalnych serii w historii polskiego rynku ksi\u0105\u017cki. <strong>Rodowody Cywilizacji<\/strong> przybli\u017caj\u0105 histori\u0119 \u015bwiata, archeologi\u0119 i dzieje wielkich kultur. Dla wielu czytelnik\u00f3w by\u0142a to pierwsza okazja do poznania fascynuj\u0105cych historii staro\u017cytnego Egiptu, Grecji czy Mezopotamii.<\/p>\n<h3>Biografie S\u0142awnych Ludzi<\/h3>\n<p>Seria Biografie S\u0142awnych Ludzi nale\u017cy do najbardziej znanych projekt\u00f3w wydawniczych PIW-u. Skupia si\u0119 na postaciach, kt\u00f3re odcisn\u0119\u0142y trwa\u0142y \u015blad w historii polityki, nauki, sztuki i kultury.<\/p>\n<h3>\u017bycie Codzienne<\/h3>\n<p>Cykl <strong>\u017bycie Codzienne<\/strong> pokazuje histori\u0119 z perspektywy zwyk\u0142ych ludzi. Autorzy opisuj\u0105 realia r\u00f3\u017cnych epok historycznych, opowiadaj\u0105c o pracy, domu, modzie, obyczajach i \u017cyciu spo\u0142ecznym. To seria szczeg\u00f3lnie ceniona przez czytelnik\u00f3w zainteresowanych histori\u0105 spo\u0142eczn\u0105.<\/p>\n<h2>PIW przetrwa\u0142 kryzys i wr\u00f3ci\u0142 silniejszy<\/h2>\n<p>Historia wydawnictwa nie by\u0142a pozbawiona trudnych moment\u00f3w.<\/p>\n<p>PIW przetrwa\u0142 kryzys w latach 2010-2015, kiedy rozpocz\u0119to proces likwidacji instytucji. Wielu obserwator\u00f3w rynku ksi\u0105\u017cki obawia\u0142o si\u0119 w\u00f3wczas, \u017ce jedna z najwa\u017cniejszych marek wydawniczych w Polsce zniknie bezpowrotnie. Dzi\u0119ki zaanga\u017cowaniu ludzi kultury oraz \u015brodowiska literackiego uda\u0142o si\u0119 jednak uratowa\u0107 wydawnictwo. W 2017 roku PIW zosta\u0142 przekszta\u0142cony w pa\u0144stwow\u0105 instytucj\u0119 kultury i kontynuuje swoj\u0105 dzia\u0142alno\u015b\u0107 do dzi\u015b.<\/p>\n<h2><img loading=\"lazy\" decoding=\"async\" class=\"aligncenter size-full wp-image-5833\" src=\"https:\/\/blog.legimi.pl\/wp-content\/uploads\/2026\/09\/2.jpg\" alt=\"\" width=\"1920\" height=\"384\" srcset=\"https:\/\/blog.legimi.pl\/wp-content\/uploads\/2026\/09\/2.jpg 1920w, https:\/\/blog.legimi.pl\/wp-content\/uploads\/2026\/09\/2-300x60.jpg 300w, https:\/\/blog.legimi.pl\/wp-content\/uploads\/2026\/09\/2-1024x205.jpg 1024w, https:\/\/blog.legimi.pl\/wp-content\/uploads\/2026\/09\/2-768x154.jpg 768w, https:\/\/blog.legimi.pl\/wp-content\/uploads\/2026\/09\/2-1536x307.jpg 1536w\" sizes=\"auto, (max-width: 1920px) 100vw, 1920px\" \/><\/h2>\n<h3>1. <a href=\"https:\/\/www.legimi.pl\/ebook-kauri-lukasz-suskiewicz,b1644366.html#ebook\">\u201eKauri\u201d \u2013 \u0141ukasz Suskiewicz<\/a><\/h3>\n<h3>Wsp\u00f3\u0142czesna polska proza, kt\u00f3ra zatrzymuje si\u0119 przy cz\u0142owieku<\/h3>\n<p>W katalogu PIW-u nie brakuje klasyki, ale wydawnictwo coraz wyra\u017aniej pokazuje, \u017ce uwa\u017cnie obserwuje r\u00f3wnie\u017c wsp\u00f3\u0142czesn\u0105 polsk\u0105 literatur\u0119. Dobrym przyk\u0142adem jest <em>Kauri<\/em> \u0141ukasza Suskiewicza.<\/p>\n<p>To powie\u015b\u0107 kameralna, oparta bardziej na emocjach i relacjach ni\u017c na spektakularnych zwrotach akcji. Autor z du\u017c\u0105 czu\u0142o\u015bci\u0105 przygl\u0105da si\u0119 swoim bohaterom, ich codziennym wyborom, rozterkom i pr\u00f3bom odnalezienia sensu w szybko zmieniaj\u0105cym si\u0119 \u015bwiecie. To literatura, kt\u00f3ra nie krzyczy, lecz m\u00f3wi spokojnym g\u0142osem i w\u0142a\u015bnie dlatego zostaje w pami\u0119ci na d\u0142ugo.<\/p>\n<p>Je\u015bli cenicie proz\u0119 skupion\u0105 na psychologii postaci, subtelnych obserwacjach i dobrze napisanym j\u0119zyku, <em>Kauri<\/em> mo\u017ce okaza\u0107 si\u0119 jednym z ciekawszych wsp\u00f3\u0142czesnych odkry\u0107 w katalogu PIW-u.<\/p>\n<h2>2. <a href=\"https:\/\/www.legimi.pl\/ebook-skrytki-zofia-romanowiczowa,b1201701.html\">\u201eSkrytki\u201d \u2013 Zofia Romanowiczowa<\/a><\/h2>\n<h3>Nies\u0142usznie zapomniany skarb polskiej literatury emigracyjnej<\/h3>\n<p>Tw\u00f3rczo\u015b\u0107 Zofii Romanowiczowej przez lata pozostawa\u0142a nieco na uboczu g\u0142\u00f3wnego nurtu polskiej literatury, cho\u0107 pisarka nale\u017cy do najwa\u017cniejszych autorek emigracyjnych XX wieku.<\/p>\n<p><em>Skrytki<\/em> s\u0105 doskona\u0142ym przyk\u0142adem prozy, kt\u00f3ra \u0142\u0105czy osobiste do\u015bwiadczenie z refleksj\u0105 nad pami\u0119ci\u0105, to\u017csamo\u015bci\u0105 i histori\u0105. Romanowiczowa pisze o sprawach trudnych i uniwersalnych: utracie, wykorzenieniu, emigracji oraz pr\u00f3bie zachowania w\u0142asnej to\u017csamo\u015bci mimo dramatycznych zmian losu.<\/p>\n<p>To ksi\u0105\u017cka wymagaj\u0105ca uwa\u017cno\u015bci, ale odwdzi\u0119czaj\u0105ca si\u0119 niezwyk\u0142\u0105 g\u0142\u0119bi\u0105 emocjonaln\u0105. Wznowienia PIW-u przypominaj\u0105, jak wiele warto\u015bciowych g\u0142os\u00f3w literackich czeka jeszcze na ponowne odkrycie przez wsp\u00f3\u0142czesnych czytelnik\u00f3w.<\/p>\n<p>Polecamy szczeg\u00f3lnie osobom zainteresowanym literatur\u0105 emigracyjn\u0105, histori\u0105 XX wieku i ambitn\u0105 proz\u0105 psychologiczn\u0105.<\/p>\n<h2>3. <a href=\"https:\/\/www.legimi.pl\/ebook-1989-jesien-narodow-aleksander-gubrynowicz-adam-burakowski-pawel-ukielski,b734243.html\">\u201e1989. Jesie\u0144 Narod\u00f3w\u201d \u2013 Aleksander Gubrynowicz, Adam Burakowski, Pawe\u0142 Ukielski<\/a><\/h2>\n<h3>Historia prze\u0142omu, kt\u00f3ry zmieni\u0142 Europ\u0119<\/h3>\n<p>Rok 1989 zajmuje szczeg\u00f3lne miejsce w historii Polski, ale autorzy tej ksi\u0105\u017cki pokazuj\u0105, \u017ce by\u0142 to moment prze\u0142omowy dla ca\u0142ej Europy \u015arodkowo-Wschodniej.<\/p>\n<p><em>1989. Jesie\u0144 Narod\u00f3w<\/em> opowiada histori\u0119 upadku komunizmu w spos\u00f3b szeroki, wielowymiarowy i bardzo przyst\u0119pny. Obok wydarze\u0144 znanych z polskiej perspektywy znajdziemy tutaj r\u00f3wnie\u017c opowie\u015b\u0107 o przemianach zachodz\u0105cych w Czechos\u0142owacji, NRD, na W\u0119grzech, w Rumunii czy Bu\u0142garii.<\/p>\n<p>To ksi\u0105\u017cka, kt\u00f3ra pozwala lepiej zrozumie\u0107, jak g\u0142\u0119boka i niezwyk\u0142a by\u0142a transformacja polityczna ko\u0144ca XX wieku. Autorzy unikaj\u0105 akademickiego \u017cargonu i prowadz\u0105 czytelnika przez wydarzenia, kt\u00f3re do dzi\u015b wp\u0142ywaj\u0105 na rzeczywisto\u015b\u0107, w kt\u00f3rej \u017cyjemy.<\/p>\n<p>Je\u015bli interesuje Was historia najnowsza i chcecie spojrze\u0107 na rok 1989 z szerszej perspektywy ni\u017c tylko polska, b\u0119dzie to doskona\u0142y wyb\u00f3r.<\/p>\n<h2>4. <a href=\"https:\/\/www.legimi.pl\/ebook-zycie-codzienne-kobiet-w-prl-blazej-brzostek,b1523577.html\">\u201e\u017bycie codzienne kobiet w PRL\u201d \u2013 B\u0142a\u017cej Brzostek<\/a><\/h2>\n<h3>Historia widziana oczami zwyk\u0142ych ludzi<\/h3>\n<p>Historia nie sk\u0142ada si\u0119 wy\u0142\u0105cznie z dat, wybor\u00f3w i politycznych przem\u00f3wie\u0144. Tworz\u0105 j\u0105 r\u00f3wnie\u017c codzienne do\u015bwiadczenia milion\u00f3w ludzi. W\u0142a\u015bnie na takim za\u0142o\u017ceniu opiera si\u0119 ksi\u0105\u017cka B\u0142a\u017ceja Brzostka.<\/p>\n<p>Autor pokazuje rzeczywisto\u015b\u0107 PRL-u z perspektywy kobiet. Opowiada o pracy zawodowej, obowi\u0105zkach domowych, wychowywaniu dzieci, \u017cyciu towarzyskim, modzie, zakupach i spo\u0142ecznych oczekiwaniach wobec kobiet w Polsce Ludowej.<\/p>\n<p>Ogromn\u0105 zalet\u0105 tej publikacji jest po\u0142\u0105czenie solidnego warsztatu historycznego z atrakcyjn\u0105 narracj\u0105. Dzi\u0119ki temu ksi\u0105\u017ck\u0119 czyta si\u0119 niemal jak reporta\u017c o \u017cyciu codziennym, a nie klasyczn\u0105 prac\u0119 historyczn\u0105.<\/p>\n<p>To znakomita propozycja zar\u00f3wno dla os\u00f3b pami\u0119taj\u0105cych czasy PRL-u, jak i dla m\u0142odszych czytelnik\u00f3w, kt\u00f3rzy chc\u0105 lepiej zrozumie\u0107 do\u015bwiadczenia pokolenia swoich rodzic\u00f3w i dziadk\u00f3w.<\/p>\n<h2>5. <a href=\"https:\/\/www.legimi.pl\/ebook-na-tylach-eseje-i-szkice-zebrane-andrzej-bobkowski,b1164234.html\">\u201eNa ty\u0142ach. Eseje i szkice zebrane\u201d \u2013 Andrzej Bobkowski<\/a><\/h2>\n<h3>Jedna z najciekawszych przyg\u00f3d intelektualnych w katalogu PIW-u<\/h3>\n<p>Andrzej Bobkowski od lat nale\u017cy do najwa\u017cniejszych polskich eseist\u00f3w i diaryst\u00f3w XX wieku. Jego tw\u00f3rczo\u015b\u0107 zachwyca niezale\u017cno\u015bci\u0105 my\u015blenia, odwag\u0105 formu\u0142owania s\u0105d\u00f3w i wyj\u0105tkow\u0105 umiej\u0119tno\u015bci\u0105 obserwacji rzeczywisto\u015bci.<\/p>\n<p>Zebrane w tomie <em>Na ty\u0142ach<\/em> eseje i szkice pokazuj\u0105 autora jako przenikliwego komentatora kultury, historii i kondycji cz\u0142owieka. Bobkowski nie daje prostych odpowiedzi, ale stawia pytania, kt\u00f3re pozostaj\u0105 aktualne tak\u017ce dzi\u015b.<\/p>\n<p>To lektura dla tych, kt\u00f3rzy lubi\u0105 ksi\u0105\u017cki wymagaj\u0105ce refleksji i szukaj\u0105 czego\u015b wi\u0119cej ni\u017c szybkiej fabu\u0142y. Jego teksty potrafi\u0105 inspirowa\u0107, prowokowa\u0107 do my\u015blenia i zach\u0119ca\u0107 do spojrzenia na znane sprawy z zupe\u0142nie nowej perspektywy.<\/p>\n<p>Je\u017celi jedna ksi\u0105\u017cka mia\u0142aby pokaza\u0107 intelektualny charakter katalogu PIW-u, <em>Na ty\u0142ach<\/em> by\u0142aby jednym z najmocniejszych kandydat\u00f3w.<\/p>\n<h2>Dlaczego warto \u015bledzi\u0107 ofert\u0119 PIW-u w Legimi?<\/h2>\n<p>Niewiele wydawnictw mo\u017ce pochwali\u0107 si\u0119 r\u00f3wnie bogatym dorobkiem. Pa\u0144stwowy Instytut Wydawniczy od lat skutecznie \u0142\u0105czy tradycj\u0119 z nowoczesno\u015bci\u0105. Publikuje ksi\u0105\u017cki po\u015bwi\u0119cone historii, kulturze, literaturze i humanistyce, a jednocze\u015bnie konsekwentnie rozwija katalog wsp\u00f3\u0142czesnych autor\u00f3w.<\/p>\n<p>Je\u017celi szukacie warto\u015bciowej lektury, interesuje Was historia Polski i \u015bwiata, fascynuje literatura pi\u0119kna albo po prostu chcecie przeczyta\u0107 dobrze opracowan\u0105 ksi\u0105\u017ck\u0119, katalog PIW-u w Legimi jest miejscem, do kt\u00f3rego warto regularnie wraca\u0107. To cz\u0119\u015b\u0107 historii polskiej kultury i jeden z najwa\u017cniejszych rozdzia\u0142\u00f3w historii ksi\u0105\u017cki w Polsce<\/p>\n<p><iframe loading=\"lazy\" title=\"Dajemy s\u0142owo - PIW wydawc\u0105 miesi\u0105ca \ud83d\udc9a\" width=\"500\" height=\"281\" src=\"https:\/\/www.youtube.com\/embed\/CfMT7KJE-x4?feature=oembed\" frameborder=\"0\" allow=\"accelerometer; autoplay; clipboard-write; encrypted-media; gyroscope; picture-in-picture; web-share\" referrerpolicy=\"strict-origin-when-cross-origin\" allowfullscreen><\/iframe><\/p>\n","protected":false},"excerpt":{"rendered":"<p>Dlaczego PIW od pokole\u0144 wyznacza standardy na polskim rynku ksi\u0105\u017cki? Je\u015bli zastanawiacie si\u0119, czym wyr\u00f3\u017cnia si\u0119 Pa\u0144stwowy Instytut Wydawniczy, jakie miejsce zajmuje w historii polskiej literatury i od kt\u00f3rych tytu\u0142\u00f3w warto rozpocz\u0105\u0107 przygod\u0119 z jego katalogiem w Legimi, ten artyku\u0142 jest dla Was. Znajdziecie tu najwa\u017cniejsze fakty o wydawnictwie, ciekawostki z jego historii oraz rekomendacje [&hellip;]<\/p>\n","protected":false},"author":61,"featured_media":5835,"comment_status":"closed","ping_status":"closed","sticky":false,"template":"","format":"standard","meta":{"footnotes":""},"categories":[5302,211],"tags":[5351,5261],"class_list":["post-5831","post","type-post","status-publish","format-standard","has-post-thumbnail","hentry","category-inspiracje","category-wydawcy-2","tag-panstwowy-instytut-wydawniczy","tag-wydawca-miesiaca"],"yoast_head":"<!-- This site is optimized with the Yoast SEO plugin v28.4 - https:\/\/yoast.com\/product\/yoast-seo-wordpress\/ -->\n<title>Wydawca miesi\u0105ca: Pa\u0144stwowy Instytut Wydawniczy - Legimi - blog<\/title>\n<meta name=\"description\" content=\"Dlaczego PIW to jedno z najwa\u017cniejszych polskich wydawnictw? Sprawd\u017a histori\u0119 marki i 5 ksi\u0105\u017cek, kt\u00f3re warto przeczyta\u0107 w Legimi.\" \/>\n<meta name=\"robots\" content=\"index, follow, max-snippet:-1, max-image-preview:large, max-video-preview:-1\" \/>\n<link rel=\"canonical\" href=\"https:\/\/www.legimi.pl\/blog\/2026\/08\/wydawca-miesiaca-panstwowy-instytut-wydawniczy\/\" \/>\n<meta property=\"og:locale\" content=\"pl_PL\" \/>\n<meta property=\"og:type\" content=\"article\" \/>\n<meta property=\"og:title\" content=\"Wydawca miesi\u0105ca: Pa\u0144stwowy Instytut Wydawniczy - Legimi - blog\" \/>\n<meta property=\"og:description\" content=\"Dlaczego PIW to jedno z najwa\u017cniejszych polskich wydawnictw? Sprawd\u017a histori\u0119 marki i 5 ksi\u0105\u017cek, kt\u00f3re warto przeczyta\u0107 w Legimi.\" \/>\n<meta property=\"og:url\" content=\"https:\/\/www.legimi.pl\/blog\/2026\/08\/wydawca-miesiaca-panstwowy-instytut-wydawniczy\/\" \/>\n<meta property=\"og:site_name\" content=\"Legimi - blog\" \/>\n<meta property=\"article:published_time\" content=\"2026-08-27T08:30:22+00:00\" \/>\n<meta property=\"article:modified_time\" content=\"2026-09-04T07:32:19+00:00\" \/>\n<meta property=\"og:image\" content=\"https:\/\/blog.legimi.pl\/wp-content\/uploads\/2026\/09\/WM-2026.png\" \/>\n\t<meta property=\"og:image:width\" content=\"1080\" \/>\n\t<meta property=\"og:image:height\" content=\"675\" \/>\n\t<meta property=\"og:image:type\" content=\"image\/png\" \/>\n<meta name=\"author\" content=\"Agnieszka B\u0142aszczyk\" \/>\n<meta name=\"twitter:card\" content=\"summary_large_image\" \/>\n<meta name=\"twitter:label1\" content=\"Napisane przez\" \/>\n\t<meta name=\"twitter:data1\" content=\"Agnieszka B\u0142aszczyk\" \/>\n\t<meta name=\"twitter:label2\" content=\"Szacowany czas czytania\" \/>\n\t<meta name=\"twitter:data2\" content=\"9 minut\" \/>\n<script type=\"application\/ld+json\" class=\"yoast-schema-graph\">{\"@context\":\"https:\\\/\\\/schema.org\",\"@graph\":[{\"@type\":\"Article\",\"@id\":\"https:\\\/\\\/www.legimi.pl\\\/blog\\\/2026\\\/08\\\/wydawca-miesiaca-panstwowy-instytut-wydawniczy\\\/#article\",\"isPartOf\":{\"@id\":\"https:\\\/\\\/www.legimi.pl\\\/blog\\\/2026\\\/08\\\/wydawca-miesiaca-panstwowy-instytut-wydawniczy\\\/\"},\"author\":{\"name\":\"Agnieszka B\u0142aszczyk\",\"@id\":\"https:\\\/\\\/www.legimi.pl\\\/blog\\\/#\\\/schema\\\/person\\\/ebd2705e460590d5460b6da515b4f18d\"},\"headline\":\"Wydawca miesi\u0105ca: Pa\u0144stwowy Instytut Wydawniczy\",\"datePublished\":\"2026-08-27T08:30:22+00:00\",\"dateModified\":\"2026-09-04T07:32:19+00:00\",\"mainEntityOfPage\":{\"@id\":\"https:\\\/\\\/www.legimi.pl\\\/blog\\\/2026\\\/08\\\/wydawca-miesiaca-panstwowy-instytut-wydawniczy\\\/\"},\"wordCount\":1644,\"image\":{\"@id\":\"https:\\\/\\\/www.legimi.pl\\\/blog\\\/2026\\\/08\\\/wydawca-miesiaca-panstwowy-instytut-wydawniczy\\\/#primaryimage\"},\"thumbnailUrl\":\"https:\\\/\\\/blog.legimi.pl\\\/wp-content\\\/uploads\\\/2026\\\/09\\\/WM-2026.png\",\"keywords\":[\"Pa\u0144stwowy Instytut Wydawniczy\",\"Wydawca Miesi\u0105ca\"],\"articleSection\":[\"Inspiracje\",\"Wydawcy\"],\"inLanguage\":\"pl-PL\"},{\"@type\":\"WebPage\",\"@id\":\"https:\\\/\\\/www.legimi.pl\\\/blog\\\/2026\\\/08\\\/wydawca-miesiaca-panstwowy-instytut-wydawniczy\\\/\",\"url\":\"https:\\\/\\\/www.legimi.pl\\\/blog\\\/2026\\\/08\\\/wydawca-miesiaca-panstwowy-instytut-wydawniczy\\\/\",\"name\":\"Wydawca miesi\u0105ca: Pa\u0144stwowy Instytut Wydawniczy - Legimi - blog\",\"isPartOf\":{\"@id\":\"https:\\\/\\\/www.legimi.pl\\\/blog\\\/#website\"},\"primaryImageOfPage\":{\"@id\":\"https:\\\/\\\/www.legimi.pl\\\/blog\\\/2026\\\/08\\\/wydawca-miesiaca-panstwowy-instytut-wydawniczy\\\/#primaryimage\"},\"image\":{\"@id\":\"https:\\\/\\\/www.legimi.pl\\\/blog\\\/2026\\\/08\\\/wydawca-miesiaca-panstwowy-instytut-wydawniczy\\\/#primaryimage\"},\"thumbnailUrl\":\"https:\\\/\\\/blog.legimi.pl\\\/wp-content\\\/uploads\\\/2026\\\/09\\\/WM-2026.png\",\"datePublished\":\"2026-08-27T08:30:22+00:00\",\"dateModified\":\"2026-09-04T07:32:19+00:00\",\"author\":{\"@id\":\"https:\\\/\\\/www.legimi.pl\\\/blog\\\/#\\\/schema\\\/person\\\/ebd2705e460590d5460b6da515b4f18d\"},\"description\":\"Dlaczego PIW to jedno z najwa\u017cniejszych polskich wydawnictw? Sprawd\u017a histori\u0119 marki i 5 ksi\u0105\u017cek, kt\u00f3re warto przeczyta\u0107 w Legimi.\",\"breadcrumb\":{\"@id\":\"https:\\\/\\\/www.legimi.pl\\\/blog\\\/2026\\\/08\\\/wydawca-miesiaca-panstwowy-instytut-wydawniczy\\\/#breadcrumb\"},\"inLanguage\":\"pl-PL\",\"potentialAction\":[{\"@type\":\"ReadAction\",\"target\":[\"https:\\\/\\\/www.legimi.pl\\\/blog\\\/2026\\\/08\\\/wydawca-miesiaca-panstwowy-instytut-wydawniczy\\\/\"]}]},{\"@type\":\"ImageObject\",\"inLanguage\":\"pl-PL\",\"@id\":\"https:\\\/\\\/www.legimi.pl\\\/blog\\\/2026\\\/08\\\/wydawca-miesiaca-panstwowy-instytut-wydawniczy\\\/#primaryimage\",\"url\":\"https:\\\/\\\/blog.legimi.pl\\\/wp-content\\\/uploads\\\/2026\\\/09\\\/WM-2026.png\",\"contentUrl\":\"https:\\\/\\\/blog.legimi.pl\\\/wp-content\\\/uploads\\\/2026\\\/09\\\/WM-2026.png\",\"width\":1080,\"height\":675},{\"@type\":\"BreadcrumbList\",\"@id\":\"https:\\\/\\\/www.legimi.pl\\\/blog\\\/2026\\\/08\\\/wydawca-miesiaca-panstwowy-instytut-wydawniczy\\\/#breadcrumb\",\"itemListElement\":[{\"@type\":\"ListItem\",\"position\":1,\"name\":\"Home\",\"item\":\"https:\\\/\\\/www.legimi.pl\\\/blog\\\/\"},{\"@type\":\"ListItem\",\"position\":2,\"name\":\"Wydawca miesi\u0105ca: Pa\u0144stwowy Instytut Wydawniczy\"}]},{\"@type\":\"WebSite\",\"@id\":\"https:\\\/\\\/www.legimi.pl\\\/blog\\\/#website\",\"url\":\"https:\\\/\\\/www.legimi.pl\\\/blog\\\/\",\"name\":\"Legimi - blog\",\"description\":\"\",\"potentialAction\":[{\"@type\":\"SearchAction\",\"target\":{\"@type\":\"EntryPoint\",\"urlTemplate\":\"https:\\\/\\\/www.legimi.pl\\\/blog\\\/?s={search_term_string}\"},\"query-input\":{\"@type\":\"PropertyValueSpecification\",\"valueRequired\":true,\"valueName\":\"search_term_string\"}}],\"inLanguage\":\"pl-PL\"},{\"@type\":\"Person\",\"@id\":\"https:\\\/\\\/www.legimi.pl\\\/blog\\\/#\\\/schema\\\/person\\\/ebd2705e460590d5460b6da515b4f18d\",\"name\":\"Agnieszka B\u0142aszczyk\",\"image\":{\"@type\":\"ImageObject\",\"inLanguage\":\"pl-PL\",\"@id\":\"https:\\\/\\\/secure.gravatar.com\\\/avatar\\\/a09ea5f61d6193acf6fd5ce987bcf152cb3cc5d46ea8734f0665f65fc600bba0?s=96&d=mm&r=g\",\"url\":\"https:\\\/\\\/secure.gravatar.com\\\/avatar\\\/a09ea5f61d6193acf6fd5ce987bcf152cb3cc5d46ea8734f0665f65fc600bba0?s=96&d=mm&r=g\",\"contentUrl\":\"https:\\\/\\\/secure.gravatar.com\\\/avatar\\\/a09ea5f61d6193acf6fd5ce987bcf152cb3cc5d46ea8734f0665f65fc600bba0?s=96&d=mm&r=g\",\"caption\":\"Agnieszka B\u0142aszczyk\"},\"url\":\"https:\\\/\\\/www.legimi.pl\\\/blog\\\/author\\\/agnieszka-blaszczyk\\\/\"}]}<\/script>\n<!-- \/ Yoast SEO plugin. -->","yoast_head_json":{"title":"Wydawca miesi\u0105ca: Pa\u0144stwowy Instytut Wydawniczy - Legimi - blog","description":"Dlaczego PIW to jedno z najwa\u017cniejszych polskich wydawnictw? Sprawd\u017a histori\u0119 marki i 5 ksi\u0105\u017cek, kt\u00f3re warto przeczyta\u0107 w Legimi.","robots":{"index":"index","follow":"follow","max-snippet":"max-snippet:-1","max-image-preview":"max-image-preview:large","max-video-preview":"max-video-preview:-1"},"canonical":"https:\/\/www.legimi.pl\/blog\/2026\/08\/wydawca-miesiaca-panstwowy-instytut-wydawniczy\/","og_locale":"pl_PL","og_type":"article","og_title":"Wydawca miesi\u0105ca: Pa\u0144stwowy Instytut Wydawniczy - Legimi - blog","og_description":"Dlaczego PIW to jedno z najwa\u017cniejszych polskich wydawnictw? Sprawd\u017a histori\u0119 marki i 5 ksi\u0105\u017cek, kt\u00f3re warto przeczyta\u0107 w Legimi.","og_url":"https:\/\/www.legimi.pl\/blog\/2026\/08\/wydawca-miesiaca-panstwowy-instytut-wydawniczy\/","og_site_name":"Legimi - blog","article_published_time":"2026-08-27T08:30:22+00:00","article_modified_time":"2026-09-04T07:32:19+00:00","og_image":[{"width":1080,"height":675,"url":"https:\/\/blog.legimi.pl\/wp-content\/uploads\/2026\/09\/WM-2026.png","type":"image\/png"}],"author":"Agnieszka B\u0142aszczyk","twitter_card":"summary_large_image","twitter_misc":{"Napisane przez":"Agnieszka B\u0142aszczyk","Szacowany czas czytania":"9 minut"},"schema":{"@context":"https:\/\/schema.org","@graph":[{"@type":"Article","@id":"https:\/\/www.legimi.pl\/blog\/2026\/08\/wydawca-miesiaca-panstwowy-instytut-wydawniczy\/#article","isPartOf":{"@id":"https:\/\/www.legimi.pl\/blog\/2026\/08\/wydawca-miesiaca-panstwowy-instytut-wydawniczy\/"},"author":{"name":"Agnieszka B\u0142aszczyk","@id":"https:\/\/www.legimi.pl\/blog\/#\/schema\/person\/ebd2705e460590d5460b6da515b4f18d"},"headline":"Wydawca miesi\u0105ca: Pa\u0144stwowy Instytut Wydawniczy","datePublished":"2026-08-27T08:30:22+00:00","dateModified":"2026-09-04T07:32:19+00:00","mainEntityOfPage":{"@id":"https:\/\/www.legimi.pl\/blog\/2026\/08\/wydawca-miesiaca-panstwowy-instytut-wydawniczy\/"},"wordCount":1644,"image":{"@id":"https:\/\/www.legimi.pl\/blog\/2026\/08\/wydawca-miesiaca-panstwowy-instytut-wydawniczy\/#primaryimage"},"thumbnailUrl":"https:\/\/blog.legimi.pl\/wp-content\/uploads\/2026\/09\/WM-2026.png","keywords":["Pa\u0144stwowy Instytut Wydawniczy","Wydawca Miesi\u0105ca"],"articleSection":["Inspiracje","Wydawcy"],"inLanguage":"pl-PL"},{"@type":"WebPage","@id":"https:\/\/www.legimi.pl\/blog\/2026\/08\/wydawca-miesiaca-panstwowy-instytut-wydawniczy\/","url":"https:\/\/www.legimi.pl\/blog\/2026\/08\/wydawca-miesiaca-panstwowy-instytut-wydawniczy\/","name":"Wydawca miesi\u0105ca: Pa\u0144stwowy Instytut Wydawniczy - Legimi - blog","isPartOf":{"@id":"https:\/\/www.legimi.pl\/blog\/#website"},"primaryImageOfPage":{"@id":"https:\/\/www.legimi.pl\/blog\/2026\/08\/wydawca-miesiaca-panstwowy-instytut-wydawniczy\/#primaryimage"},"image":{"@id":"https:\/\/www.legimi.pl\/blog\/2026\/08\/wydawca-miesiaca-panstwowy-instytut-wydawniczy\/#primaryimage"},"thumbnailUrl":"https:\/\/blog.legimi.pl\/wp-content\/uploads\/2026\/09\/WM-2026.png","datePublished":"2026-08-27T08:30:22+00:00","dateModified":"2026-09-04T07:32:19+00:00","author":{"@id":"https:\/\/www.legimi.pl\/blog\/#\/schema\/person\/ebd2705e460590d5460b6da515b4f18d"},"description":"Dlaczego PIW to jedno z najwa\u017cniejszych polskich wydawnictw? Sprawd\u017a histori\u0119 marki i 5 ksi\u0105\u017cek, kt\u00f3re warto przeczyta\u0107 w Legimi.","breadcrumb":{"@id":"https:\/\/www.legimi.pl\/blog\/2026\/08\/wydawca-miesiaca-panstwowy-instytut-wydawniczy\/#breadcrumb"},"inLanguage":"pl-PL","potentialAction":[{"@type":"ReadAction","target":["https:\/\/www.legimi.pl\/blog\/2026\/08\/wydawca-miesiaca-panstwowy-instytut-wydawniczy\/"]}]},{"@type":"ImageObject","inLanguage":"pl-PL","@id":"https:\/\/www.legimi.pl\/blog\/2026\/08\/wydawca-miesiaca-panstwowy-instytut-wydawniczy\/#primaryimage","url":"https:\/\/blog.legimi.pl\/wp-content\/uploads\/2026\/09\/WM-2026.png","contentUrl":"https:\/\/blog.legimi.pl\/wp-content\/uploads\/2026\/09\/WM-2026.png","width":1080,"height":675},{"@type":"BreadcrumbList","@id":"https:\/\/www.legimi.pl\/blog\/2026\/08\/wydawca-miesiaca-panstwowy-instytut-wydawniczy\/#breadcrumb","itemListElement":[{"@type":"ListItem","position":1,"name":"Home","item":"https:\/\/www.legimi.pl\/blog\/"},{"@type":"ListItem","position":2,"name":"Wydawca miesi\u0105ca: Pa\u0144stwowy Instytut Wydawniczy"}]},{"@type":"WebSite","@id":"https:\/\/www.legimi.pl\/blog\/#website","url":"https:\/\/www.legimi.pl\/blog\/","name":"Legimi - blog","description":"","potentialAction":[{"@type":"SearchAction","target":{"@type":"EntryPoint","urlTemplate":"https:\/\/www.legimi.pl\/blog\/?s={search_term_string}"},"query-input":{"@type":"PropertyValueSpecification","valueRequired":true,"valueName":"search_term_string"}}],"inLanguage":"pl-PL"},{"@type":"Person","@id":"https:\/\/www.legimi.pl\/blog\/#\/schema\/person\/ebd2705e460590d5460b6da515b4f18d","name":"Agnieszka B\u0142aszczyk","image":{"@type":"ImageObject","inLanguage":"pl-PL","@id":"https:\/\/secure.gravatar.com\/avatar\/a09ea5f61d6193acf6fd5ce987bcf152cb3cc5d46ea8734f0665f65fc600bba0?s=96&d=mm&r=g","url":"https:\/\/secure.gravatar.com\/avatar\/a09ea5f61d6193acf6fd5ce987bcf152cb3cc5d46ea8734f0665f65fc600bba0?s=96&d=mm&r=g","contentUrl":"https:\/\/secure.gravatar.com\/avatar\/a09ea5f61d6193acf6fd5ce987bcf152cb3cc5d46ea8734f0665f65fc600bba0?s=96&d=mm&r=g","caption":"Agnieszka B\u0142aszczyk"},"url":"https:\/\/www.legimi.pl\/blog\/author\/agnieszka-blaszczyk\/"}]}},"_links":{"self":[{"href":"https:\/\/www.legimi.pl\/blog\/wp-json\/wp\/v2\/posts\/5831","targetHints":{"allow":["GET"]}}],"collection":[{"href":"https:\/\/www.legimi.pl\/blog\/wp-json\/wp\/v2\/posts"}],"about":[{"href":"https:\/\/www.legimi.pl\/blog\/wp-json\/wp\/v2\/types\/post"}],"author":[{"embeddable":true,"href":"https:\/\/www.legimi.pl\/blog\/wp-json\/wp\/v2\/users\/61"}],"replies":[{"embeddable":true,"href":"https:\/\/www.legimi.pl\/blog\/wp-json\/wp\/v2\/comments?post=5831"}],"version-history":[{"count":2,"href":"https:\/\/www.legimi.pl\/blog\/wp-json\/wp\/v2\/posts\/5831\/revisions"}],"predecessor-version":[{"id":5836,"href":"https:\/\/www.legimi.pl\/blog\/wp-json\/wp\/v2\/posts\/5831\/revisions\/5836"}],"wp:featuredmedia":[{"embeddable":true,"href":"https:\/\/www.legimi.pl\/blog\/wp-json\/wp\/v2\/media\/5835"}],"wp:attachment":[{"href":"https:\/\/www.legimi.pl\/blog\/wp-json\/wp\/v2\/media?parent=5831"}],"wp:term":[{"taxonomy":"category","embeddable":true,"href":"https:\/\/www.legimi.pl\/blog\/wp-json\/wp\/v2\/categories?post=5831"},{"taxonomy":"post_tag","embeddable":true,"href":"https:\/\/www.legimi.pl\/blog\/wp-json\/wp\/v2\/tags?post=5831"}],"curies":[{"name":"wp","href":"https:\/\/api.w.org\/{rel}","templated":true}]}}