{"id":5818,"date":"2026-08-06T10:00:59","date_gmt":"2026-08-06T08:00:59","guid":{"rendered":"https:\/\/www.legimi.pl\/blog\/?p=5818"},"modified":"2026-09-04T09:32:44","modified_gmt":"2026-09-04T07:32:44","slug":"lipcowe-nowosci-czyli-regularny-przeglad-polki","status":"publish","type":"post","link":"https:\/\/www.legimi.pl\/blog\/2026\/08\/lipcowe-nowosci-czyli-regularny-przeglad-polki\/","title":{"rendered":"Lipcowe nowo\u015bci, czyli Regularny Przegl\u0105d P\u00f3\u0142ki"},"content":{"rendered":"<h1><a href=\"https:\/\/www.legimi.pl\/\"><img loading=\"lazy\" decoding=\"async\" class=\"aligncenter size-full wp-image-5827\" src=\"https:\/\/blog.legimi.pl\/wp-content\/uploads\/2026\/09\/intro.jpg\" alt=\"\" width=\"1584\" height=\"396\" srcset=\"https:\/\/blog.legimi.pl\/wp-content\/uploads\/2026\/09\/intro.jpg 1584w, https:\/\/blog.legimi.pl\/wp-content\/uploads\/2026\/09\/intro-300x75.jpg 300w, https:\/\/blog.legimi.pl\/wp-content\/uploads\/2026\/09\/intro-1024x256.jpg 1024w, https:\/\/blog.legimi.pl\/wp-content\/uploads\/2026\/09\/intro-768x192.jpg 768w, https:\/\/blog.legimi.pl\/wp-content\/uploads\/2026\/09\/intro-1536x384.jpg 1536w\" sizes=\"auto, (max-width: 1584px) 100vw, 1584px\" \/><\/a><\/h1>\n<p>Szukasz inspiracji czytelniczych na najbli\u017csze tygodnie? W lipcu 2026 do katalogu Legimi trafi\u0142o wiele interesuj\u0105cych premier, w\u015br\u00f3d kt\u00f3rych nie zabrak\u0142o mrocznych krymina\u0142\u00f3w, poruszaj\u0105cej literatury pi\u0119knej, wci\u0105gaj\u0105cych romans\u00f3w, epickiej fantastyki, warto\u015bciowych reporta\u017cy oraz ksi\u0105\u017cek dla m\u0142odzie\u017cy i dzieci. To zestawienie przygotowali\u015bmy z my\u015bl\u0105 o wszystkich u\u017cytkownikach Legimi oraz osobach szukaj\u0105cych rekomendacji czytelniczych na lato. Poni\u017cej znajdziesz zestawienie najciekawszych nowo\u015bci, kt\u00f3re pojawi\u0142y si\u0119 w katalogu Legimi w lipcu 2026 roku.<\/p>\n<p>Je\u015bli zastanawiasz si\u0119, co czyta\u0107 w Legimi w najbli\u017cszym czasie, ten ranking pomo\u017ce Ci znale\u017a\u0107 tytu\u0142y dopasowane do r\u00f3\u017cnych gust\u00f3w i czytelniczych nastroj\u00f3w. Du\u017ca liczba premier sprawia, \u017ce w\u015br\u00f3d nowo\u015bci Legimi ka\u017cdy znajdzie ksi\u0105\u017ck\u0119 dopasowan\u0105 do swoich zainteresowa\u0144. Bez wzgl\u0119du na to, czy szukasz ksi\u0105\u017cki na wakacyjny wyjazd, wieczorny relaks czy ambitniejsz\u0105 lektur\u0119 sk\u0142aniaj\u0105c\u0105 do refleksji, w\u015br\u00f3d lipcowych premier z pewno\u015bci\u0105 znajdziesz co\u015b dla siebie.<\/p>\n<h1>Krymina\u0142y i thrillery<\/h1>\n<p><a href=\"https:\/\/www.legimi.pl\/ebooki\/kryminal,g212\/\"><img loading=\"lazy\" decoding=\"async\" class=\"aligncenter size-full wp-image-5826\" src=\"https:\/\/blog.legimi.pl\/wp-content\/uploads\/2026\/09\/kryminaly.jpg\" alt=\"\" width=\"1584\" height=\"396\" srcset=\"https:\/\/blog.legimi.pl\/wp-content\/uploads\/2026\/09\/kryminaly.jpg 1584w, https:\/\/blog.legimi.pl\/wp-content\/uploads\/2026\/09\/kryminaly-300x75.jpg 300w, https:\/\/blog.legimi.pl\/wp-content\/uploads\/2026\/09\/kryminaly-1024x256.jpg 1024w, https:\/\/blog.legimi.pl\/wp-content\/uploads\/2026\/09\/kryminaly-768x192.jpg 768w, https:\/\/blog.legimi.pl\/wp-content\/uploads\/2026\/09\/kryminaly-1536x384.jpg 1536w\" sizes=\"auto, (max-width: 1584px) 100vw, 1584px\" \/><\/a><\/p>\n<p>Mi\u0142o\u015bnicy krymina\u0142\u00f3w i thriller\u00f3w psychologicznych mieli w lipcu sporo powod\u00f3w do zadowolenia. W\u015br\u00f3d nowo\u015bci, kt\u00f3re trafi\u0142y do katalogu Legimi, znalaz\u0142y si\u0119 zar\u00f3wno mroczne skandynawskie historie, jak i bestsellerowy thriller psychologiczny oraz polska powie\u015b\u0107 kryminalna oparta na jednym z najwi\u0119kszych l\u0119k\u00f3w, jakie mo\u017cna sobie wyobrazi\u0107. To ksi\u0105\u017cki dla czytelnik\u00f3w, kt\u00f3rzy lubi\u0105 trzymaj\u0105ce w napi\u0119ciu fabu\u0142y, niejednoznacznych bohater\u00f3w i tajemnice odkrywane warstwa po warstwie.<\/p>\n<p>Co ciekawe, ka\u017cda z poni\u017cszych premier reprezentuje nieco inne oblicze wsp\u00f3\u0142czesnego krymina\u0142u. Znajdziemy tu zar\u00f3wno klasyczne \u015bledztwo, psychologiczn\u0105 gr\u0119 mi\u0119dzy bohaterami, jak i histori\u0119, w kt\u00f3rej r\u00f3wnie wa\u017cne jak rozwi\u0105zanie zagadki okazuj\u0105 si\u0119 emocje oraz osobiste dramaty postaci. Je\u015bli wi\u0119c zastanawiacie si\u0119, po jaki krymina\u0142 si\u0119gn\u0105\u0107 pod koniec wakacji, te trzy tytu\u0142y zdecydowanie zas\u0142uguj\u0105 na uwag\u0119.<\/p>\n<h2>\u201eTw\u00f3rca\u201d \u2013 Arne Dahl i Jonas Mostr\u00f6m (Wydawnictwo Labreto)<\/h2>\n<p>Lipcowy przegl\u0105d krymina\u0142\u00f3w rozpoczynamy od propozycji, obok kt\u00f3rej trudno przej\u015b\u0107 oboj\u0119tnie. Duet Arne Dahl i Jonas Mostr\u00f6m zabiera czytelnik\u00f3w do \u015bwiata, w kt\u00f3rym granica mi\u0119dzy fikcj\u0105 a rzeczywisto\u015bci\u0105 zaczyna si\u0119 niebezpiecznie zaciera\u0107. <a href=\"https:\/\/www.legimi.pl\/ebook-tworca-arne-dahl-jonas-mostrom,b1583735.html\">Tw\u00f3rca<\/a> to nie tylko kolejny skandynawski krymina\u0142, ale r\u00f3wnie\u017c intryguj\u0105ca opowie\u015b\u0107 o pisarzu, kt\u00f3ry nagle znajduje si\u0119 w samym \u015brodku historii znacznie bardziej przera\u017caj\u0105cej ni\u017c te, kt\u00f3re sam wymy\u015bla\u0142.<\/p>\n<p>Bohaterem powie\u015bci jest autor bestsellerowych krymina\u0142\u00f3w przechodz\u0105cy zawodowy kryzys. Problem tw\u00f3rczej niemocy okazuje si\u0119 jednak najmniejszym z jego zmartwie\u0144, gdy zostaje oskar\u017cony o morderstwo. Sytuacja, kt\u00f3ra pocz\u0105tkowo wydaje si\u0119 fatalnym nieporozumieniem, szybko zamienia si\u0119 w \u015bmiertelnie niebezpieczn\u0105 gr\u0119. Kto\u015b bardzo dok\u0142adnie zna jego \u017cycie, przewiduje jego ruchy i sprawia, \u017ce rzeczywisto\u015b\u0107 zaczyna przypomina\u0107 scenariusz najbardziej mrocznej powie\u015bci.<\/p>\n<p>Autorzy z du\u017c\u0105 wpraw\u0105 buduj\u0105 atmosfer\u0119 niepewno\u015bci. Czytelnik do samego ko\u0144ca nie ma pewno\u015bci, komu mo\u017cna ufa\u0107 i kto naprawd\u0119 poci\u0105ga za sznurki. Szczeg\u00f3lnie interesuj\u0105cy jest motyw pisarza zmuszonego do rozwi\u0105zania zagadki, kt\u00f3ra nagle staje si\u0119 jego w\u0142asnym koszmarem. To fabu\u0142a pe\u0142na psychologicznych zagrywek, fa\u0142szywych trop\u00f3w i napi\u0119cia rosn\u0105cego z ka\u017cdym kolejnym rozdzia\u0142em.<\/p>\n<p>Mi\u0142o\u015bnicy skandynawskiego krymina\u0142u znajd\u0105 tu wszystko, za co pokochali autor\u00f3w z p\u00f3\u0142nocy Europy: mroczny klimat, skomplikowan\u0105 intryg\u0119, niepokoj\u0105c\u0105 atmosfer\u0119 oraz bohater\u00f3w, kt\u00f3rzy sami skrywaj\u0105 wiele sekret\u00f3w. \u201eTw\u00f3rca\u201d doskonale pokazuje r\u00f3wnie\u017c, \u017ce najwi\u0119ksze zagro\u017cenie cz\u0119sto przychodzi z najmniej spodziewanej strony.<\/p>\n<p>To ksi\u0105\u017cka dla czytelnik\u00f3w, kt\u00f3rzy lubi\u0105 inteligentne krymina\u0142y z mocnym psychologicznym rysem i fabu\u0142y zmuszaj\u0105ce do ci\u0105g\u0142ego kwestionowania w\u0142asnych przypuszcze\u0144. Dodatkowym atutem jest \u015bwietnie oceniana interpretacja Janusza Zadury, dzi\u0119ki kt\u00f3rej audiobook mo\u017ce okaza\u0107 si\u0119 r\u00f3wnie wci\u0105gaj\u0105cy jak ebook.<\/p>\n<h3>Dlaczego warto przeczyta\u0107?<\/h3>\n<ul>\n<li>dla fan\u00f3w skandynawskich krymina\u0142\u00f3w,<\/li>\n<li>dla czytelnik\u00f3w lubi\u0105cych motyw gry psychologicznej,<\/li>\n<li>dla os\u00f3b szukaj\u0105cych nieoczywistej intrygi i licznych zwrot\u00f3w akcji,<\/li>\n<li>dla mi\u0142o\u015bnik\u00f3w historii, w kt\u00f3rych bohater sam staje si\u0119 cz\u0119\u015bci\u0105 zagadki.<\/li>\n<\/ul>\n<h3>\u201eJej ch\u0142opak\u201d \u2013 Freida McFadden (Wydawnictwo Czwarta Strona)<\/h3>\n<p>Trudno dzi\u015b m\u00f3wi\u0107 o thrillerach psychologicznych bez wspomnienia Freidy McFadden. Ameryka\u0144ska autorka w ostatnich latach zdoby\u0142a ogromn\u0105 popularno\u015b\u0107 dzi\u0119ki historiom, kt\u00f3re skutecznie wykorzystuj\u0105 nasze l\u0119ki, niepewno\u015bci i sk\u0142onno\u015b\u0107 do b\u0142\u0119dnego oceniania innych ludzi. <a href=\"https:\/\/www.legimi.pl\/ebook-jej-chlopak-freida-mcfadden,b1619421.html\">Jej ch\u0142opak<\/a> jest kolejnym dowodem na to, \u017ce McFadden doskonale wie, jak manipulowa\u0107 oczekiwaniami czytelnik\u00f3w.<\/p>\n<p>Na pierwszy rzut oka fabu\u0142a wydaje si\u0119 stosunkowo prosta. W centrum wydarze\u0144 znajduje si\u0119 kobieta marz\u0105ca o prawdziwej mi\u0142o\u015bci i stabilnym zwi\u0105zku. Samotno\u015b\u0107 staje si\u0119 ci\u0119\u017carem, kt\u00f3ry wp\u0142ywa na jej decyzje, ocen\u0119 ludzi i gotowo\u015b\u0107 do ignorowania sygna\u0142\u00f3w ostrzegawczych. Kiedy na jej drodze pojawia si\u0119 m\u0119\u017cczyzna wydaj\u0105cy si\u0119 odpowiedzi\u0105 na wszystkie t\u0119sknoty, bohaterka zaczyna wierzy\u0107, \u017ce wreszcie znalaz\u0142a swoje szcz\u0119\u015bcie. Problem polega na tym, \u017ce nie wszystkie tajemnice powinny zosta\u0107 odkryte.<\/p>\n<p>Freida McFadden po raz kolejny wykorzystuje swoj\u0105 ulubion\u0105 strategi\u0119 narracyjn\u0105. Tworzy histori\u0119, kt\u00f3ra pocz\u0105tkowo wygl\u0105da jak obyczajowa opowie\u015b\u0107 o poszukiwaniu mi\u0142o\u015bci, by stopniowo przekszta\u0142ci\u0107 j\u0105 w pe\u0142en napi\u0119cia thriller psychologiczny. Autorka bardzo celnie pokazuje, jak silna potrzeba blisko\u015bci mo\u017ce wp\u0142ywa\u0107 na nasze decyzje i sprawia\u0107, \u017ce ignorujemy rzeczy, kt\u00f3re w innych okoliczno\u015bciach uznaliby\u015bmy za alarmuj\u0105ce.<\/p>\n<p>Jednym z najciekawszych element\u00f3w powie\u015bci jest pytanie o granice samooszukiwania si\u0119. W jakie k\u0142amstwa jeste\u015bmy gotowi uwierzy\u0107, gdy bardzo chcemy, by okaza\u0142y si\u0119 prawd\u0105? Jak cz\u0119sto dopowiadamy sobie cechy drugiego cz\u0142owieka, kt\u00f3rych tak naprawd\u0119 nie dostrzegamy, a jedynie pragniemy je zobaczy\u0107?<\/p>\n<p>McFadden nie daje \u0142atwych odpowiedzi. Zamiast tego prowadzi czytelnika przez histori\u0119 pe\u0142n\u0105 niepokoju, domys\u0142\u00f3w i coraz bardziej niepokoj\u0105cych odkry\u0107. Ka\u017cdy kolejny rozdzia\u0142 sprawia, \u017ce obraz przedstawionej sytuacji staje si\u0119 bardziej z\u0142o\u017cony, a napi\u0119cie konsekwentnie ro\u015bnie.<\/p>\n<p>To propozycja szczeg\u00f3lnie atrakcyjna dla os\u00f3b, kt\u00f3re lubi\u0105 thrillery psychologiczne oparte bardziej na emocjach i relacjach mi\u0119dzy bohaterami ni\u017c na klasycznym dochodzeniu policyjnym. Je\u015bli podoba\u0142a Wam si\u0119 \u201ePomoc domowa\u201d, istnieje du\u017ca szansa, \u017ce r\u00f3wnie\u017c \u201eJej ch\u0142opak\u201d wci\u0105gnie Was bez reszty.<\/p>\n<h3>Dlaczego warto przeczyta\u0107?<\/h3>\n<ul>\n<li>dla fan\u00f3w thriller\u00f3w psychologicznych,<\/li>\n<li>dla czytelnik\u00f3w lubi\u0105cych niepewnych narrator\u00f3w i zaskakuj\u0105ce fina\u0142y,<\/li>\n<li>dla os\u00f3b zainteresowanych psychologi\u0105 relacji,<\/li>\n<li>dla wszystkich, kt\u00f3rzy ceni\u0105 ksi\u0105\u017cki odwracaj\u0105ce nasze oczekiwania.<\/li>\n<\/ul>\n<h2>\u201eNie ratuj mnie\u201d \u2013 Agnieszka Szubert<\/h2>\n<p>W\u015br\u00f3d lipcowych nowo\u015bci kryminalnych nie mog\u0142o zabrakn\u0105\u0107 mocnego polskiego akcentu. <a href=\"https:\/\/www.legimi.pl\/ebook-nie-ratuj-mnie-agnieszka-szubert,b1588915.html\">Nie ratuj mnie<\/a> Agnieszki Szubert to ksi\u0105\u017cka, kt\u00f3ra od pierwszych stron uderza emocjonalnym ci\u0119\u017carem i przypomina, \u017ce najstraszniejsze historie cz\u0119sto wyrastaj\u0105 z bardzo realnych ludzkich l\u0119k\u00f3w.<\/p>\n<p>Punktem wyj\u015bcia dla fabu\u0142y jest seria tajemniczych \u015bmierci dzieci w nadmorskim kurorcie. Ju\u017c sam ten motyw sprawia, \u017ce atmosfera powie\u015bci jest niezwykle g\u0119sta i niepokoj\u0105ca. Jednak autorka nie ogranicza si\u0119 wy\u0142\u0105cznie do budowania kryminalnej zagadki. R\u00f3wnie wa\u017cne staj\u0105 si\u0119 tutaj emocjonalne konsekwencje tragedii oraz pr\u00f3ba poradzenia sobie z traum\u0105 i strat\u0105.<\/p>\n<p>Jedn\u0105 z g\u0142\u00f3wnych bohaterek jest matka pogr\u0105\u017cona w \u017ca\u0142obie. Jej historia nadaje ksi\u0105\u017cce g\u0142\u0119boko ludzki wymiar i sprawia, \u017ce czytelnik prze\u017cywa wydarzenia nie tylko jako obserwator \u015bledztwa, ale tak\u017ce jako \u015bwiadek osobistego dramatu. Drug\u0105 wa\u017cn\u0105 postaci\u0105 jest by\u0142y policjant, kt\u00f3ry pr\u00f3buje po\u0142\u0105czy\u0107 rozproszone elementy uk\u0142adanki i odkry\u0107 prawd\u0119 stoj\u0105c\u0105 za seri\u0105 tragicznych wydarze\u0144.<\/p>\n<p>Agnieszka Szubert bardzo sprawnie \u0142\u0105czy dwa poziomy narracji. Z jednej strony mamy pe\u0142noprawny krymina\u0142 z tajemnic\u0105, \u015bledztwem i stopniowo ujawnianymi faktami. Z drugiej strony otrzymujemy opowie\u015b\u0107 o stracie, poczuciu winy, bezsilno\u015bci i determinacji ludzi pr\u00f3buj\u0105cych odnale\u017a\u0107 odpowiedzi na pytania, kt\u00f3re by\u0107 mo\u017ce nigdy nie powinny pa\u015b\u0107.<\/p>\n<p>Du\u017c\u0105 rol\u0119 odgrywa r\u00f3wnie\u017c nadmorska sceneria. Kurort, kt\u00f3ry zwykle kojarzy si\u0119 z odpoczynkiem i beztrosk\u0105, staje si\u0119 miejscem budz\u0105cym niepok\u00f3j. Ten kontrast skutecznie pot\u0119guje napi\u0119cie i sprawia, \u017ce nawet zwyczajne sytuacje wydaj\u0105 si\u0119 podejrzane.<\/p>\n<p>\u201eNie ratuj mnie\u201d to propozycja dla czytelnik\u00f3w, kt\u00f3rzy ceni\u0105 krymina\u0142y mocno osadzone w emocjach. To typ ksi\u0105\u017cki, kt\u00f3ra potrafi zaanga\u017cowa\u0107 zar\u00f3wno zagadk\u0105 kryminaln\u0105, jak i losami bohater\u00f3w. Nic dziwnego, \u017ce wielu czytelnik\u00f3w okre\u015bla takie powie\u015bci mianem prawdziwych page turner\u00f3w.<\/p>\n<p>W audiobooku us\u0142yszycie interpretacj\u0119 Macieja Jab\u0142o\u0144skiego, kt\u00f3ry dobrze oddaje ci\u0119\u017car emocjonalny tej historii.<\/p>\n<h3>Dlaczego warto przeczyta\u0107?<\/h3>\n<ul>\n<li>dla fan\u00f3w polskich krymina\u0142\u00f3w,<\/li>\n<li>dla czytelnik\u00f3w szukaj\u0105cych emocjonalnych historii,<\/li>\n<li>dla os\u00f3b lubi\u0105cych krymina\u0142y oparte na psychologii postaci,<\/li>\n<li>dla mi\u0142o\u015bnik\u00f3w ksi\u0105\u017cek, kt\u00f3re anga\u017cuj\u0105 zar\u00f3wno zagadk\u0105, jak i bohaterami.<\/li>\n<\/ul>\n<h3>Podsumowanie kategorii<\/h3>\n<p>Tegoroczne lipcowe nowo\u015bci kryminalne pokazuj\u0105, jak r\u00f3\u017cnorodny sta\u0142 si\u0119 wsp\u00f3\u0142czesny krymina\u0142. \u201eTw\u00f3rca\u201d zachwyca skandynawskim klimatem i niebezpieczn\u0105 gr\u0105 psychologiczn\u0105, \u201eJej ch\u0142opak\u201d udowadnia, \u017ce najwi\u0119kszy niepok\u00f3j mo\u017ce kry\u0107 si\u0119 w pozornie zwyczajnych relacjach, a \u201eNie ratuj mnie\u201d porusza emocjonaln\u0105 histori\u0105 osadzon\u0105 w realiach polskiego krymina\u0142u \u2014 sprawd\u017a, kt\u00f3ry z tych trzech tytu\u0142\u00f3w najbardziej pasuje do Twojego gustu.<\/p>\n<p>Je\u017celi szukacie ksi\u0105\u017cek, kt\u00f3re pozwol\u0105 Wam zarwa\u0107 kilka wieczor\u00f3w, sprawi\u0105, \u017ce b\u0119dziecie analizowa\u0107 ka\u017cdy trop i do samego ko\u0144ca nie b\u0119dziecie pewni rozwi\u0105zania zagadki, te premiery z katalogu Legimi zdecydowanie powinny znale\u017a\u0107 si\u0119 na Waszej li\u015bcie lektur<\/p>\n<h1>Literatura pi\u0119kna<\/h1>\n<p><a href=\"https:\/\/www.legimi.pl\/ebooki\/literatura-piekna,g4079\/\"><img loading=\"lazy\" decoding=\"async\" class=\"aligncenter size-full wp-image-5825\" src=\"https:\/\/blog.legimi.pl\/wp-content\/uploads\/2026\/09\/literatura-piekna.jpg\" alt=\"\" width=\"1584\" height=\"396\" srcset=\"https:\/\/blog.legimi.pl\/wp-content\/uploads\/2026\/09\/literatura-piekna.jpg 1584w, https:\/\/blog.legimi.pl\/wp-content\/uploads\/2026\/09\/literatura-piekna-300x75.jpg 300w, https:\/\/blog.legimi.pl\/wp-content\/uploads\/2026\/09\/literatura-piekna-1024x256.jpg 1024w, https:\/\/blog.legimi.pl\/wp-content\/uploads\/2026\/09\/literatura-piekna-768x192.jpg 768w, https:\/\/blog.legimi.pl\/wp-content\/uploads\/2026\/09\/literatura-piekna-1536x384.jpg 1536w\" sizes=\"auto, (max-width: 1584px) 100vw, 1584px\" \/><\/a><\/p>\n<p>Literatura pi\u0119kna to kategoria, kt\u00f3ra szczeg\u00f3lnie cz\u0119sto wymyka si\u0119 prostym definicjom. To w\u0142a\u015bnie tutaj znajdziemy ksi\u0105\u017cki poruszaj\u0105ce najwa\u017cniejsze wsp\u00f3\u0142czesne problemy, opowie\u015bci inspirowane histori\u0105, a tak\u017ce historie sk\u0142aniaj\u0105ce do refleksji nad ludzkimi relacjami, pami\u0119ci\u0105 i to\u017csamo\u015bci\u0105. Lipcowe nowo\u015bci w Legimi doskonale pokazuj\u0105 t\u0119 r\u00f3\u017cnorodno\u015b\u0107. W\u015br\u00f3d premier znalaz\u0142y si\u0119 zar\u00f3wno powie\u015bci podejmuj\u0105ce temat katastrofy klimatycznej, jak i historie osadzone w \u015bredniowieczu czy opowie\u015bci przywracaj\u0105ce pami\u0119\u0107 o wielokulturowych Sudetach.<\/p>\n<p>Je\u015bli szukacie literatury, kt\u00f3ra dostarcza nie tylko emocji, ale tak\u017ce inspiruje do my\u015blenia i pozostaje z czytelnikiem d\u0142ugo po zako\u0144czeniu lektury, poni\u017csze propozycje zdecydowanie zas\u0142uguj\u0105 na uwag\u0119.<\/p>\n<h2>\u201eLato bez ko\u0144ca\u201d \u2013 Franziska G\u00e4nsler (Wydawnictwo Pauza)<\/h2>\n<p>Tegoroczne lato po raz kolejny przypomina nam o konsekwencjach zmian klimatycznych. Rekordowe temperatury, susze i po\u017cary staj\u0105 si\u0119 rzeczywisto\u015bci\u0105 coraz wi\u0119kszej cz\u0119\u015bci \u015bwiata. Nic wi\u0119c dziwnego, \u017ce temat ten coraz cz\u0119\u015bciej pojawia si\u0119 r\u00f3wnie\u017c we wsp\u00f3\u0142czesnej literaturze. Jedn\u0105 z najciekawszych ksi\u0105\u017cek podejmuj\u0105cych ten w\u0105tek jest w\u0142a\u015bnie <a href=\"https:\/\/www.legimi.pl\/ebook-lato-bez-konca-franziska-gansler,b1608238.html\">Lato bez ko\u0144ca<\/a> Franziski G\u00e4nsler.<\/p>\n<p>Akcja powie\u015bci rozgrywa si\u0119 w uzdrowisku, kt\u00f3re jeszcze niedawno przyci\u0105ga\u0142o turyst\u00f3w swoim spokojem i pi\u0119knem natury. Wszystko zmienia seria katastrofalnych po\u017car\u00f3w, kt\u00f3re doszcz\u0119tnie niszcz\u0105 okoliczne lasy. Krajobraz, kt\u00f3ry mia\u0142 koi\u0107 i zachwyca\u0107, zamienia si\u0119 w wypalon\u0105, niemal postapokaliptyczn\u0105 przestrze\u0144. To w\u0142a\u015bnie w takim miejscu autorka osadza histori\u0119 dw\u00f3ch kobiet zwi\u0105zanych ze sob\u0105 relacj\u0105 pe\u0142n\u0105 napi\u0119\u0107, niedopowiedze\u0144 i emocjonalnych zale\u017cno\u015bci.<\/p>\n<p>Si\u0142\u0105 tej powie\u015bci jest spos\u00f3b, w jaki \u0142\u0105czy temat ekologicznego kryzysu z kameraln\u0105 histori\u0105 psychologiczn\u0105. Katastrofa klimatyczna nie stanowi jedynie t\u0142a wydarze\u0144. Jest niemal osobnym bohaterem tej opowie\u015bci, wp\u0142ywaj\u0105cym na decyzje, emocje i poczucie bezpiecze\u0144stwa postaci.<\/p>\n<p>Franziska G\u00e4nsler bardzo subtelnie pokazuje, \u017ce zagro\u017cenie nie zawsze przychodzi z zewn\u0105trz. Czasami znacznie bardziej niebezpieczne okazuj\u0105 si\u0119 relacje, w kt\u00f3rych stopniowo zatracamy w\u0142asn\u0105 niezale\u017cno\u015b\u0107, poczucie warto\u015bci czy zdolno\u015b\u0107 do obiektywnej oceny sytuacji. W efekcie czytelnik przez ca\u0142y czas zastanawia si\u0119, gdzie naprawd\u0119 kryje si\u0119 \u017ar\u00f3d\u0142o niepokoju. Czy wi\u0119kszym zagro\u017ceniem jest p\u0142on\u0105cy \u015bwiat za oknem, czy mo\u017ce osoba, kt\u00f3rej zdecydowali\u015bmy si\u0119 zaufa\u0107?<\/p>\n<p>Autorka operuje oszcz\u0119dnym, ale niezwykle sugestywnym j\u0119zykiem. Gor\u0105co, wszechobecny popi\u00f3\u0142 i klaustrofobiczna atmosfera sprawiaj\u0105, \u017ce podczas lektury niemal fizycznie odczuwa si\u0119 duszno\u015b\u0107 \u015bwiata przedstawionego. To ksi\u0105\u017cka, kt\u00f3ra nie oferuje \u0142atwych odpowiedzi i nie pozwala zachowa\u0107 emocjonalnego dystansu.<\/p>\n<p>\u201eLato bez ko\u0144ca\u201d szczeg\u00f3lnie przypadnie do gustu czytelnikom literatury psychologicznej, mi\u0142o\u015bnikom ambitnej prozy europejskiej oraz osobom zainteresowanym tematyk\u0105 zmian klimatycznych. To jedna z tych powie\u015bci, kt\u00f3re anga\u017cuj\u0105 zar\u00f3wno emocjonalnie, jak i intelektualnie.<\/p>\n<p>W przek\u0142adzie Agaty Teperek ksi\u0105\u017cka ukaza\u0142a si\u0119 nak\u0142adem wydawnictwa Pauza. Wersj\u0119 audio interpretuje Marta Cichorska.<\/p>\n<h3>Dlaczego warto przeczyta\u0107?<\/h3>\n<ul>\n<li>dla czytelnik\u00f3w zainteresowanych wsp\u00f3\u0142czesnymi problemami spo\u0142ecznymi,<\/li>\n<li>dla os\u00f3b ceni\u0105cych literatur\u0119 psychologiczn\u0105,<\/li>\n<li>dla mi\u0142o\u015bnik\u00f3w ambitnej prozy europejskiej,<\/li>\n<li>dla wszystkich, kt\u00f3rzy szukaj\u0105 niepokoj\u0105cych i sk\u0142aniaj\u0105cych do refleksji historii.<\/li>\n<\/ul>\n<h2>\u201eNawr\u00f3cona\u201d \u2013 Stefan Hertmans (Wydawnictwo Art Rage)<\/h2>\n<p>Po wsp\u00f3\u0142czesnej i pe\u0142nej niepokoju historii Franziski G\u00e4nsler przenosimy si\u0119 niemal tysi\u0105c lat wstecz. <a href=\"https:\/\/www.legimi.pl\/ebook-nawrocona-stefan-hertmans,b1588325.html\">Nawr\u00f3cona<\/a> Stefana Hertmansa udowadnia jednak, \u017ce ludzkie emocje pozostaj\u0105 uniwersalne niezale\u017cnie od epoki, w kt\u00f3rej \u017cyjemy.<\/p>\n<p>Inspiracj\u0105 dla autora sta\u0142 si\u0119 autentyczny list odnaleziony pod koniec XIX wieku w synagodze Ben Ezry w Kairze. Ten niezwyk\u0142y dokument pozwoli\u0142 odtworzy\u0107 histori\u0119 kobiety, kt\u00f3ra dla mi\u0142o\u015bci zdecydowa\u0142a si\u0119 porzuci\u0107 dotychczasowe \u017cycie i przeciwstawi\u0107 spo\u0142ecznym normom swojej epoki.<\/p>\n<p><a href=\"https:\/\/www.legimi.pl\/autor\/stefan-hertmans,ad17179\/?filters=audiobooks,ebooks,epub,mobi,pdf,synchrobooks\">Stefan Hertmans<\/a> rekonstruuje losy chrze\u015bcijanki i m\u0142odego \u017byda, kt\u00f3rych uczucie rodzi si\u0119 w \u015bwiecie g\u0142\u0119boko podzielonym religijnie i kulturowo. Ich historia rozgrywa si\u0119 na tle krucjat, konflikt\u00f3w oraz napi\u0119\u0107 religijnych, kt\u00f3re kszta\u0142towa\u0142y \u015bredniowieczn\u0105 Europ\u0119 i Bliski Wsch\u00f3d.<\/p>\n<p>Autor z niezwyk\u0142\u0105 precyzj\u0105 odtwarza realia XI wieku. Czytelnik mo\u017ce niemal poczu\u0107 atmosfer\u0119 \u015bredniowiecznych miast, us\u0142ysze\u0107 gwar targowisk oraz zobaczy\u0107 \u015bwiat, w kt\u00f3rym podr\u00f3\u017c przez kilka kraj\u00f3w by\u0142a przedsi\u0119wzi\u0119ciem pe\u0142nym niebezpiecze\u0144stw. Jednocze\u015bnie Hertmans nie tworzy wy\u0142\u0105cznie historycznej rekonstrukcji. W centrum opowie\u015bci pozostaj\u0105 emocje bohater\u00f3w.<\/p>\n<p>To historia o mi\u0142o\u015bci silniejszej od podzia\u0142\u00f3w spo\u0142ecznych i religijnych, ale r\u00f3wnie\u017c o samotno\u015bci, wykluczeniu i cenie, jak\u0105 czasami trzeba zap\u0142aci\u0107 za pozostanie wiernym w\u0142asnym wyborom. Czytaj\u0105c \u201eNawr\u00f3con\u0105\u201d, trudno nie zauwa\u017cy\u0107, jak wiele temat\u00f3w poruszonych w tej ksi\u0105\u017cce pozostaje aktualnych tak\u017ce dzi\u015b.<\/p>\n<p>Dzi\u0119ki po\u0142\u0105czeniu historycznej wiarygodno\u015bci i emocjonalnej g\u0142\u0119bi powie\u015b\u0107 zainteresuje zar\u00f3wno mi\u0142o\u015bnik\u00f3w literatury historycznej, jak i czytelnik\u00f3w poszukuj\u0105cych poruszaj\u0105cych historii o ludzkich losach.<\/p>\n<p>Ksi\u0105\u017cka ukaza\u0142a si\u0119 nak\u0142adem wydawnictwa Art Rage w t\u0142umaczeniu Alicji Oczko.<\/p>\n<h3>Dlaczego warto przeczyta\u0107?<\/h3>\n<ul>\n<li>dla mi\u0142o\u015bnik\u00f3w literatury historycznej,<\/li>\n<li>dla czytelnik\u00f3w poszukuj\u0105cych wielkich historii mi\u0142osnych,<\/li>\n<li>dla os\u00f3b zainteresowanych \u015bredniowieczem,<\/li>\n<li>dla fan\u00f3w powie\u015bci opartych na autentycznych wydarzeniach.<\/li>\n<\/ul>\n<h2>\u201eSudety. Raj utracony\u201d \u2013 pod redakcj\u0105 Jaroslava Rudi\u0161a (Ksi\u0105\u017ckowe Klimaty)<\/h2>\n<p>Nie ka\u017cda ksi\u0105\u017cka o historii musi przybiera\u0107 form\u0119 powie\u015bci. Czasami r\u00f3wnie skutecznie o przesz\u0142o\u015bci opowiadaj\u0105 kr\u00f3tkie literackie formy, kt\u00f3re pozwalaj\u0105 spojrze\u0107 na znane wydarzenia z wielu r\u00f3\u017cnych perspektyw. Doskona\u0142ym przyk\u0142adem jest zbi\u00f3r opowiada\u0144 <a href=\"https:\/\/www.legimi.pl\/ebook-sudety-raj-utracony-jaroslav-rudis,b1584930.html\">Sudety. Raj utracony<\/a>.<\/p>\n<p>Pod redakcj\u0105 <a href=\"https:\/\/www.legimi.pl\/autor\/jaroslav-rudis,ad432515\/?filters=audiobooks,ebooks,epub,mobi,pdf,synchrobooks\">Jaroslava Rudi\u0161a<\/a> powsta\u0142a antologia gromadz\u0105ca teksty jednych z najciekawszych czeskich autor\u00f3w i autorek. W\u015br\u00f3d nich znale\u017ali si\u0119 mi\u0119dzy innymi <a href=\"https:\/\/www.legimi.pl\/autor\/petra-dvorakova,ad508576\/\">Petra Dvo\u0159\u00e1kov\u00e1<\/a> oraz <a href=\"https:\/\/www.legimi.pl\/autor\/katerina-tuckova,ad21270\/?filters=audiobooks,ebooks,epub,mobi,pdf,synchrobooks\">Kate\u0159ina Tu\u010dkov\u00e1<\/a>. Ka\u017cdy z tw\u00f3rc\u00f3w proponuje w\u0142asne spojrzenie na region, kt\u00f3ry przez stulecia by\u0142 miejscem spotkania wielu kultur, j\u0119zyk\u00f3w i tradycji.<\/p>\n<p>Sudety przedstawione w tej ksi\u0105\u017cce s\u0105 dalekie od stereotypowego obrazu regionu kojarzonego wy\u0142\u0105cznie z powojennymi przesiedleniami. Autorzy przywracaj\u0105 pami\u0119\u0107 o skomplikowanym \u015bwiecie ludzi \u017cyj\u0105cych obok siebie przed wojenn\u0105 katastrof\u0105. Pokazuj\u0105 codzienne \u017cycie mieszka\u0144c\u00f3w, ich marzenia, l\u0119ki i relacje, kt\u00f3re p\u00f3\u017aniej zosta\u0142y brutalnie przerwane przez wielk\u0105 histori\u0119.<\/p>\n<p>Jednym z najwi\u0119kszych atut\u00f3w tej publikacji jest r\u00f3\u017cnorodno\u015b\u0107 perspektyw. Ka\u017cde opowiadanie dotyczy innego fragmentu przesz\u0142o\u015bci, innym do\u015bwiadczeniu i innych bohaterach. Dzi\u0119ki temu czytelnik otrzymuje wielowymiarowy portret regionu, kt\u00f3rego historia nie daje si\u0119 zamkn\u0105\u0107 w prostych narracjach.<\/p>\n<p>To tak\u017ce ksi\u0105\u017cka bardzo aktualna. W czasach coraz wi\u0119kszego zainteresowania lokalno\u015bci\u0105, histori\u0105 ma\u0142ych ojczyzn i dziedzictwem kulturowym, \u201eSudety. Raj utracony\u201d przypominaj\u0105, jak wa\u017cna jest pami\u0119\u0107 o miejscach i ludziach, kt\u00f3rzy wsp\u00f3\u0142tworzyli nasz\u0105 cz\u0119\u015b\u0107 Europy.<\/p>\n<p>Szczeg\u00f3lnie wiele satysfakcji z lektury wynios\u0105 osoby podr\u00f3\u017cuj\u0105ce po Sudetach. Czytaj\u0105c t\u0119 ksi\u0105\u017ck\u0119 podczas w\u0119dr\u00f3wki po g\u00f3rskich szlakach, \u0142atwo spojrze\u0107 na mijane miejscowo\u015bci z zupe\u0142nie nowej perspektywy i dostrzec \u015blady historii, kt\u00f3re na pierwszy rzut oka pozostaj\u0105 niewidoczne.<\/p>\n<p>To pi\u0119kna, nostalgiczna i bardzo dojrza\u0142a literacko publikacja, kt\u00f3ra zachwyci mi\u0142o\u015bnik\u00f3w opowiada\u0144, literatury \u015brodkowoeuropejskiej i historii regionalnej. Wersj\u0119 audio ksi\u0105\u017cki czyta Tomasz Ignaczak.<\/p>\n<h3>Dlaczego warto przeczyta\u0107?<\/h3>\n<ul>\n<li>dla os\u00f3b zainteresowanych histori\u0105 Sudet\u00f3w,<\/li>\n<li>dla mi\u0142o\u015bnik\u00f3w literatury czeskiej,<\/li>\n<li>dla czytelnik\u00f3w ceni\u0105cych opowiadania,<\/li>\n<li>dla wszystkich, kt\u00f3rzy lubi\u0105 ksi\u0105\u017cki o pami\u0119ci, to\u017csamo\u015bci i miejscu.<\/li>\n<\/ul>\n<h3>Podsumowanie kategorii<\/h3>\n<p>Lipcowe premiery z kategorii literatury pi\u0119knej pokazuj\u0105, jak r\u00f3\u017cnymi drogami mo\u017cna opowiada\u0107 o cz\u0142owieku i \u015bwiecie. \u201eLato bez ko\u0144ca\u201d stawia pytania o przysz\u0142o\u015b\u0107 naszej planety i natur\u0119 ludzkich relacji, \u201eNawr\u00f3cona\u201d przypomina o sile mi\u0142o\u015bci zdolnej przekracza\u0107 granice epok i religii, a \u201eSudety. Raj utracony\u201d pozwalaj\u0105 spojrze\u0107 na histori\u0119 przez pryzmat indywidualnych los\u00f3w oraz pami\u0119ci o miejscach, kt\u00f3re bezpowrotnie si\u0119 zmieni\u0142y.<\/p>\n<p>To ksi\u0105\u017cki dla czytelnik\u00f3w poszukuj\u0105cych czego\u015b wi\u0119cej ni\u017c tylko fabularnej rozrywki. Ka\u017cda z nich oferuje warto\u015bciow\u0105 literack\u0105 podr\u00f3\u017c, kt\u00f3ra zostawia po sobie emocje, pytania i refleksje towarzysz\u0105ce jeszcze d\u0142ugo po zamkni\u0119ciu ostatniej strony.<\/p>\n<h1>Literatura obyczajowa<\/h1>\n<p><a href=\"https:\/\/www.legimi.pl\/ebooki\/proza-obyczajowa,g4078\/\"><img loading=\"lazy\" decoding=\"async\" class=\"aligncenter size-full wp-image-5824\" src=\"https:\/\/blog.legimi.pl\/wp-content\/uploads\/2026\/09\/powiesci-obyczajowe.jpg\" alt=\"\" width=\"1584\" height=\"396\" srcset=\"https:\/\/blog.legimi.pl\/wp-content\/uploads\/2026\/09\/powiesci-obyczajowe.jpg 1584w, https:\/\/blog.legimi.pl\/wp-content\/uploads\/2026\/09\/powiesci-obyczajowe-300x75.jpg 300w, https:\/\/blog.legimi.pl\/wp-content\/uploads\/2026\/09\/powiesci-obyczajowe-1024x256.jpg 1024w, https:\/\/blog.legimi.pl\/wp-content\/uploads\/2026\/09\/powiesci-obyczajowe-768x192.jpg 768w, https:\/\/blog.legimi.pl\/wp-content\/uploads\/2026\/09\/powiesci-obyczajowe-1536x384.jpg 1536w\" sizes=\"auto, (max-width: 1584px) 100vw, 1584px\" \/><\/a><\/p>\n<p>Literatura obyczajowa od lat nale\u017cy do najch\u0119tniej wybieranych gatunk\u00f3w przez u\u017cytkownik\u00f3w Legimi. Czytelnicy ceni\u0105 j\u0105 za emocjonalne historie, wielowymiarowych bohater\u00f3w i opowie\u015bci pokazuj\u0105ce, jak wydarzenia z przesz\u0142o\u015bci wp\u0142ywaj\u0105 na wsp\u00f3\u0142czesne \u017cycie. W\u015br\u00f3d lipcowych nowo\u015bci znalaz\u0142y si\u0119 ksi\u0105\u017cki \u0142\u0105cz\u0105ce rodzinne tajemnice, histori\u0119 i wielkie uczucia. To propozycje dla os\u00f3b, kt\u00f3re lubi\u0105 zanurzy\u0107 si\u0119 w opowie\u015bciach pe\u0142nych emocji, sk\u0142aniaj\u0105cych do refleksji d\u0142ugo po zako\u0144czeniu lektury.<\/p>\n<h2>\u201eCienie w Lustrzanej\u201d \u2013 Monika Cieluch (Skarpa Warszawska)<\/h2>\n<p>Lipcowy przegl\u0105d powie\u015bci obyczajowych rozpoczynamy od ksi\u0105\u017cki, kt\u00f3ra \u0142\u0105czy wsp\u00f3\u0142czesn\u0105 histori\u0119 z dramatycznymi wydarzeniami XX wieku. <a href=\"https:\/\/www.legimi.pl\/ebook-cienie-w-lustrzanej-monika-cieluch,b1588889.html\">Cienie w Lustrzanej<\/a> Moniki Cieluch to powie\u015b\u0107 o pami\u0119ci, odkrywaniu rodzinnych tajemnic i odpowiedzialno\u015bci za zachowanie historii dla kolejnych pokole\u0144.<\/p>\n<p>G\u0142\u00f3wn\u0105 bohaterk\u0105 jest Liwia, konserwatorka zabytk\u00f3w, kt\u00f3ra podejmuje si\u0119 renowacji starej willi skrywaj\u0105cej \u015blady przesz\u0142o\u015bci. Prace remontowe prowadz\u0105 do odkry\u0107, kt\u00f3re stopniowo ods\u0142aniaj\u0105 tragiczne losy rodziny Rosenfeld\u00f3w. Czytelnik wraz z bohaterk\u0105 poznaje histori\u0119 ludzi, kt\u00f3rych \u017cycie zosta\u0142o brutalnie przerwane przez wydarzenia II wojny \u015bwiatowej i Zag\u0142ad\u0119.<\/p>\n<p>Szczeg\u00f3lnie poruszaj\u0105cy jest fakt, \u017ce cz\u0119\u015b\u0107 historii poznajemy z perspektywy nastoletniej dziewczynki. Dzi\u0119ki temu wielka historia nabiera bardzo osobistego wymiaru. Wojna nie jest tu jedynie t\u0142em wydarze\u0144, lecz do\u015bwiadczeniem wp\u0142ywaj\u0105cym na codzienno\u015b\u0107 konkretnych ludzi, ich marzenia, relacje i wybory.<\/p>\n<p>Monika Cieluch umiej\u0119tnie buduje napi\u0119cie, stopniowo ods\u0142aniaj\u0105c kolejne elementy rodzinnej uk\u0142adanki. To powie\u015b\u0107 dla czytelnik\u00f3w, kt\u00f3rzy lubi\u0105 historie w duchu tw\u00f3rczo\u015bci Lucindy Riley czy Kristin Hannah, gdzie wsp\u00f3\u0142czesno\u015b\u0107 splata si\u0119 z dramatyczn\u0105 przesz\u0142o\u015bci\u0105. \u201eCienie w Lustrzanej\u201d pokazuj\u0105, \u017ce czasami odnowienie starego budynku mo\u017ce sta\u0107 si\u0119 tak\u017ce pr\u00f3b\u0105 ocalenia pami\u0119ci o tych, kt\u00f3rzy nie mieli szans opowiedzie\u0107 w\u0142asnej historii. Audiobook dost\u0119pny jest w interpretacji Klaudii Be\u0142cik.<\/p>\n<h3>Dlaczego warto przeczyta\u0107?<\/h3>\n<ul>\n<li>dla wielbicieli sag rodzinnych i sekret\u00f3w z przesz\u0142o\u015bci,<\/li>\n<li>dla os\u00f3b zainteresowanych histori\u0105 II wojny \u015bwiatowej,<\/li>\n<li>dla czytelnik\u00f3w poszukuj\u0105cych poruszaj\u0105cych historii o pami\u0119ci i to\u017csamo\u015bci.<\/li>\n<\/ul>\n<h2>\u201eParyska sukienka\u201d \u2013 Gabriela Feliksik (Skarpa Warszawska)<\/h2>\n<p>Pozostajemy w klimacie rodzinnych tajemnic, ale tym razem przenosimy si\u0119 do \u015bwiata wielkiej mody, elegancji i sekret\u00f3w skrywanych przez dziesi\u0119ciolecia.<\/p>\n<p><a href=\"https:\/\/www.legimi.pl\/ebook-paryska-sukienka-gabriela-feliksik,b1588887.html\">Paryska sukienka<\/a> Gabrieli Feliksik to opowie\u015b\u0107 o tym, jak przesz\u0142o\u015b\u0107 potrafi niespodziewanie upomnie\u0107 si\u0119 o swoje miejsce w tera\u017aniejszo\u015bci. Punktem wyj\u015bcia dla fabu\u0142y staje si\u0119 nietypowa pro\u015bba seniora rodu Lamartin, za\u0142o\u017cyciela s\u0142ynnego domu mody. M\u0119\u017cczyzna zleca swojemu wnukowi odnalezienie kobiety mieszkaj\u0105cej w Polsce. Z pozoru proste zadanie szybko okazuje si\u0119 pocz\u0105tkiem podr\u00f3\u017cy prowadz\u0105cej do wydarze\u0144 sprzed wielu lat.<\/p>\n<p>Autorka stopniowo odkrywa przed czytelnikami histori\u0119 pe\u0142n\u0105 emocji, skrywanych uczu\u0107 i decyzji, kt\u00f3re wp\u0142yn\u0119\u0142y na \u017cycie wielu os\u00f3b. Na kartach powie\u015bci pojawiaj\u0105 si\u0119 zar\u00f3wno malownicze francuskie krajobrazy, jak i rodzinne sekrety przekazywane z pokolenia na pokolenie.<\/p>\n<p>Szczeg\u00f3lnie interesuj\u0105co wypada motyw \u015bwiata mody. Nie jest on jedynie dekoracj\u0105, ale integralnym elementem opowie\u015bci. Kreacje, projekty i rodzinny biznes staj\u0105 si\u0119 symbolem pami\u0119ci, ambicji oraz marze\u0144, kt\u00f3re nie zawsze udaje si\u0119 zrealizowa\u0107.<\/p>\n<p>\u201eParyska sukienka\u201d to ksi\u0105\u017cka dla wszystkich, kt\u00f3rzy lubi\u0105 emocjonalne historie o mi\u0142o\u015bci, rodzinie i przesz\u0142o\u015bci. To tak\u017ce doskona\u0142a propozycja dla czytelnik\u00f3w ceni\u0105cych powie\u015bci obyczajowe z historycznym t\u0142em oraz eleganck\u0105 europejsk\u0105 atmosfer\u0105. W wersji audio ksi\u0105\u017ck\u0119 czyta Klaudia Be\u0142cik.<\/p>\n<h3>Dlaczego warto przeczyta\u0107?<\/h3>\n<ul>\n<li>dla mi\u0142o\u015bnik\u00f3w historii rodzinnych,<\/li>\n<li>dla os\u00f3b zainteresowanych \u015bwiatem mody,<\/li>\n<li>dla czytelnik\u00f3w lubi\u0105cych po\u0142\u0105czenie wsp\u00f3\u0142czesno\u015bci z histori\u0105.<\/li>\n<\/ul>\n<h2>\u201ePanny z dobrego domu\u201d \u2013 Edyta \u015awi\u0119tek (Wydawnictwo Mando)<\/h2>\n<p>Kolejna propozycja zabiera nas znacznie dalej w przesz\u0142o\u015b\u0107. <a href=\"https:\/\/www.legimi.pl\/autor\/edyta-swietek,ad965\/\">Edyta \u015awi\u0119tek<\/a> w drugim tomie cyklu <a href=\"https:\/\/www.legimi.pl\/ebooki\/w-cieniu-niewoli,c8302\/\">W cieniu niewoli<\/a> po raz kolejny udowadnia, \u017ce doskonale odnajduje si\u0119 w tworzeniu powie\u015bci historyczno-obyczajowych.<\/p>\n<p>Akcja <a href=\"https:\/\/www.legimi.pl\/ebook-panny-z-dobrego-domu-edyta-swietek,b1586746.html\">Panien z dobrego domu<\/a> rozgrywa si\u0119 w XIX wieku, w czasie wielkich przemian spo\u0142ecznych i politycznych. Na tle rabacji galicyjskiej oraz kolejnych ruch\u00f3w niepodleg\u0142o\u015bciowych autorka kre\u015bli losy bohater\u00f3w nale\u017c\u0105cych do arystokratycznych rod\u00f3w. To \u015bwiat pe\u0142en konwenans\u00f3w, sztywnych zasad i oczekiwa\u0144, kt\u00f3re cz\u0119sto stoj\u0105 w sprzeczno\u015bci z prawdziwymi uczuciami.<\/p>\n<p>Bohaterowie musz\u0105 dokonywa\u0107 wybor\u00f3w mi\u0119dzy mi\u0142o\u015bci\u0105 a obowi\u0105zkiem, w\u0142asnym szcz\u0119\u015bciem a dobrem rodziny czy ojczyzny. Dzi\u0119ki temu powie\u015b\u0107 nie jest jedynie romansem historycznym, lecz r\u00f3wnie\u017c opowie\u015bci\u0105 o dojrzewaniu, po\u015bwi\u0119ceniu i odpowiedzialno\u015bci.<\/p>\n<p>Edyta \u015awi\u0119tek z du\u017c\u0105 dba\u0142o\u015bci\u0105 o realia epoki odtwarza atmosfer\u0119 XIX-wiecznej Polski. Czytelnicy otrzymuj\u0105 nie tylko emocjonuj\u0105c\u0105 histori\u0119, ale tak\u017ce mo\u017cliwo\u015b\u0107 zanurzenia si\u0119 w \u015bwiecie dawnych salon\u00f3w, rodzinnych maj\u0105tk\u00f3w i wydarze\u0144 wp\u0142ywaj\u0105cych na losy ca\u0142ego narodu.<\/p>\n<p>\u201ePanny z dobrego domu\u201d przypadn\u0105 do gustu wszystkim osobom, kt\u00f3re pokocha\u0142y tw\u00f3rczo\u015b\u0107 Lucyny Olejniczak, A\u0142beny Grabowskiej czy Marii Paszy\u0144skiej. To ksi\u0105\u017cka pe\u0142na emocji, nadziei i bohater\u00f3w, kt\u00f3rych losami \u0142atwo si\u0119 przej\u0105\u0107. Audiobook czyta Karol Kunysz.<\/p>\n<h3>Dlaczego warto przeczyta\u0107?<\/h3>\n<ul>\n<li>dla fan\u00f3w romans\u00f3w historycznych,<\/li>\n<li>dla czytelnik\u00f3w lubi\u0105cych rozbudowane sagi,<\/li>\n<li>dla os\u00f3b zainteresowanych histori\u0105 Polski XIX wieku.<\/li>\n<\/ul>\n<h1>Romanse<\/h1>\n<p><a href=\"https:\/\/www.legimi.pl\/ebooki\/romanse,g4081\/\"><img loading=\"lazy\" decoding=\"async\" class=\"aligncenter size-full wp-image-5823\" src=\"https:\/\/blog.legimi.pl\/wp-content\/uploads\/2026\/09\/romanse.jpg\" alt=\"\" width=\"1584\" height=\"396\" srcset=\"https:\/\/blog.legimi.pl\/wp-content\/uploads\/2026\/09\/romanse.jpg 1584w, https:\/\/blog.legimi.pl\/wp-content\/uploads\/2026\/09\/romanse-300x75.jpg 300w, https:\/\/blog.legimi.pl\/wp-content\/uploads\/2026\/09\/romanse-1024x256.jpg 1024w, https:\/\/blog.legimi.pl\/wp-content\/uploads\/2026\/09\/romanse-768x192.jpg 768w, https:\/\/blog.legimi.pl\/wp-content\/uploads\/2026\/09\/romanse-1536x384.jpg 1536w\" sizes=\"auto, (max-width: 1584px) 100vw, 1584px\" \/><\/a><\/p>\n<p>Lato to tradycyjnie jeden z najlepszych moment\u00f3w na si\u0119ganie po romanse. D\u0142ugie wieczory, urlopy i wolniejsze tempo codzienno\u015bci sprzyjaj\u0105 historiom pe\u0142nym emocji, chemii mi\u0119dzy bohaterami i nieoczywistych relacji. Lipcowe nowo\u015bci w Legimi pokazuj\u0105 jednak, \u017ce wsp\u00f3\u0142czesny romans to znacznie wi\u0119cej ni\u017c przewidywalna historia mi\u0142osna. W\u015br\u00f3d premier znajdziemy zar\u00f3wno opowie\u015bci o uczuciach wystawionych na pr\u00f3b\u0119 przez \u017cyciowe okoliczno\u015bci, jak i historie pe\u0142ne humoru, napi\u0119cia oraz bohater\u00f3w, kt\u00f3rzy musz\u0105 najpierw zrozumie\u0107 samych siebie, zanim otworz\u0105 si\u0119 na drug\u0105 osob\u0119.<\/p>\n<h2>\u201eLavender Kiss\u201d \u2013 Ludka Skrzydlewska (Niegrzeczne Ksi\u0105\u017cki)<\/h2>\n<p>Czy ma\u0142\u017ce\u0144stwo zawarte z rozs\u0105dku mo\u017ce sta\u0107 si\u0119 pocz\u0105tkiem prawdziwej mi\u0142o\u015bci? To pytanie od lat fascynuje czytelnik\u00f3w literatury romantycznej i w\u0142a\u015bnie wok\u00f3\u0142 niego <a href=\"https:\/\/www.legimi.pl\/autor\/ludka-skrzydlewska,ad496232\/?sort=popularity\">Ludka Skrzydlewska<\/a> buduje fabu\u0142\u0119 swojej najnowszej powie\u015bci.<\/p>\n<p>G\u0142\u00f3wna bohaterka <a href=\"https:\/\/www.legimi.pl\/ebook-lavender-kiss-ludka-skrzydlewska,b1606006.html\">Lavender kiss<\/a> prowadzi rodzinny biznes lotniczy, kt\u00f3ry znalaz\u0142 si\u0119 na granicy bankructwa. Sytuacja wydaje si\u0119 bez wyj\u015bcia, a jedyn\u0105 szans\u0105 na uratowanie firmy staje si\u0119 propozycja ma\u0142\u017ce\u0144stwa oparta bardziej na kalkulacji ni\u017c uczuciu. Bohaterka musi zdecydowa\u0107, czy po\u015bwi\u0119ci\u0107 w\u0142asne marzenia i niezale\u017cno\u015b\u0107 dla dobra rodziny oraz pracownik\u00f3w, czy te\u017c pozwoli\u0107, by wszystko, na co pracowa\u0142a przez lata, leg\u0142o w gruzach.<\/p>\n<p>Autorka umiej\u0119tnie pokazuje konflikt mi\u0119dzy sercem a rozs\u0105dkiem. Opr\u00f3cz romantycznych w\u0105tk\u00f3w pojawia si\u0119 tutaj tak\u017ce temat odpowiedzialno\u015bci za rodzinne dziedzictwo, presji spo\u0142ecznych oczekiwa\u0144 oraz poszukiwania w\u0142asnej drogi. Dzi\u0119ki temu ksi\u0105\u017cka nie ogranicza si\u0119 wy\u0142\u0105cznie do historii mi\u0142osnej, ale staje si\u0119 opowie\u015bci\u0105 o dorastaniu do wa\u017cnych \u017cyciowych decyzji.<\/p>\n<p>Najwi\u0119kszym atutem powie\u015bci s\u0105 emocje towarzysz\u0105ce bohaterom. Relacja rozwija si\u0119 stopniowo, bez po\u015bpiechu, a czytelnik ma okazj\u0119 obserwowa\u0107, jak pocz\u0105tkowo ch\u0142odny uk\u0142ad zaczyna zmienia\u0107 si\u0119 w co\u015b znacznie bardziej skomplikowanego.<\/p>\n<p>To idealna propozycja dla os\u00f3b lubi\u0105cych romanse z motywem marriage of convenience, silne bohaterki i historie, w kt\u00f3rych mi\u0142o\u015b\u0107 pojawia si\u0119 wtedy, gdy najmniej si\u0119 jej spodziewamy.<\/p>\n<h2>\u201eProjekt nieodpowiedni facet\u201d \u2013 Iwona Jaworska (Moje Wydawnictwo)<\/h2>\n<p>Media spo\u0142eczno\u015bciowe od dawna s\u0105 jednym z najciekawszych temat\u00f3w wsp\u00f3\u0142czesnej literatury obyczajowej i romantycznej. <a href=\"https:\/\/www.legimi.pl\/autor\/iwona-jaworska,ad499208\/?sort=popularity\">Iwona Jaworska<\/a> postanowi\u0142a wykorzysta\u0107 ten motyw, tworz\u0105c histori\u0119, kt\u00f3ra z jednej strony bawi, a z drugiej bardzo trafnie pokazuje paradoksy wsp\u00f3\u0142czesnych relacji.<\/p>\n<p>Nina Harrington zdoby\u0142a popularno\u015b\u0107 w internecie dzi\u0119ki analizowaniu tzw. red flag\u00f3w w zwi\u0105zkach. Tysi\u0105ce kobiet \u015bledzi jej materia\u0142y i korzysta z rad dotycz\u0105cych randkowania. Bohaterka zawodowo pomaga innym rozpoznawa\u0107 manipulacj\u0119, toksyczne zachowania i niebezpieczne sygna\u0142y ostrzegawcze.<\/p>\n<p>Problemy zaczynaj\u0105 si\u0119 wtedy, gdy sama poznaje m\u0119\u017cczyzn\u0119, kt\u00f3ry sprawia, \u017ce wszystkie jej starannie wypracowane zasady przestaj\u0105 dzia\u0142a\u0107.<\/p>\n<p>Autorka z du\u017c\u0105 lekko\u015bci\u0105 pokazuje, jak trudno zachowa\u0107 obiektywno\u015b\u0107, gdy sami stajemy si\u0119 cz\u0119\u015bci\u0105 historii, kt\u00f3re zwykle oceniamy z boku. W efekcie powstaje zabawna, wsp\u00f3\u0142czesna i bardzo aktualna opowie\u015b\u0107 o relacjach, oczekiwaniach oraz r\u00f3\u017cnicy mi\u0119dzy teori\u0105 a praktyk\u0105.<\/p>\n<p><a href=\"https:\/\/www.legimi.pl\/ebook-projekt-nieodpowiedni-facet-iwona-jaworska,b1629555.html\">Projekt (nie)odpowiedni facet<\/a> to ksi\u0105\u017cka szczeg\u00f3lnie atrakcyjna dla m\u0142odszych czytelniczek oraz os\u00f3b aktywnie korzystaj\u0105cych z medi\u00f3w spo\u0142eczno\u015bciowych. Wiele sytuacji przedstawionych w powie\u015bci b\u0119dzie im dobrze znanych z codziennych do\u015bwiadcze\u0144.<\/p>\n<h2>\u201eWrogowie All Inclusive\u201d \u2013 R.S. Grey (Niegrzeczne Ksi\u0105\u017cki)<\/h2>\n<p>Motyw enemies to lovers pozostaje jednym z najpopularniejszych trend\u00f3w w literaturze romantycznej i trudno si\u0119 temu dziwi\u0107. Ma\u0142o co dostarcza tyle emocji, co obserwowanie bohater\u00f3w, kt\u00f3rzy pocz\u0105tkowo nie mog\u0105 na siebie patrze\u0107, a z czasem zaczynaj\u0105 dostrzega\u0107 swoje zupe\u0142nie inne oblicza.<\/p>\n<p>Paige i Cole, bohaterowie <a href=\"https:\/\/www.legimi.pl\/ebook-wrogowie-all-inclusive-r-s-grey,b1588917.html\">Wrog\u00f3w All Inclusive<\/a>, pracuj\u0105 w luksusowym kurorcie na Turks i Caicos. Od samego pocz\u0105tku ich relacja pe\u0142na jest wzajemnych uszczypliwo\u015bci, nieporozumie\u0144 i rywalizacji. Oboje s\u0105 przekonani, \u017ce druga strona jest \u017ar\u00f3d\u0142em wi\u0119kszo\u015bci problem\u00f3w w pracy.<\/p>\n<p>Jednak tropikalny raj nie zawsze okazuje si\u0119 tak idealny, jak wygl\u0105da na zdj\u0119ciach. Kiedy sytuacja wok\u00f3\u0142 bohater\u00f3w zaczyna si\u0119 komplikowa\u0107, wsp\u00f3lne przeciwno\u015bci losu zmuszaj\u0105 ich do bli\u017cszego kontaktu.<\/p>\n<p>Autorka \u015bwietnie wykorzystuje egzotyczn\u0105 sceneri\u0119, tworz\u0105c atmosfer\u0119 idealnie pasuj\u0105c\u0105 do wakacyjnej lektury. B\u0142\u0119kitne morze, luksusowy kurort i romantyczne napi\u0119cie tworz\u0105 mieszank\u0119, od kt\u00f3rej trudno si\u0119 oderwa\u0107.<\/p>\n<p>To ksi\u0105\u017cka, kt\u00f3ra sprawdzi si\u0119 przede wszystkim jako lekka, odpr\u0119\u017caj\u0105ca lektura na urlop lub weekend.<\/p>\n<h1>Fantastyka<\/h1>\n<p><a href=\"https:\/\/www.legimi.pl\/ebooki\/fantastyka,g211\/\"><img loading=\"lazy\" decoding=\"async\" class=\"aligncenter size-full wp-image-5822\" src=\"https:\/\/blog.legimi.pl\/wp-content\/uploads\/2026\/09\/fantastyka.jpg\" alt=\"\" width=\"1584\" height=\"396\" srcset=\"https:\/\/blog.legimi.pl\/wp-content\/uploads\/2026\/09\/fantastyka.jpg 1584w, https:\/\/blog.legimi.pl\/wp-content\/uploads\/2026\/09\/fantastyka-300x75.jpg 300w, https:\/\/blog.legimi.pl\/wp-content\/uploads\/2026\/09\/fantastyka-1024x256.jpg 1024w, https:\/\/blog.legimi.pl\/wp-content\/uploads\/2026\/09\/fantastyka-768x192.jpg 768w, https:\/\/blog.legimi.pl\/wp-content\/uploads\/2026\/09\/fantastyka-1536x384.jpg 1536w\" sizes=\"auto, (max-width: 1584px) 100vw, 1584px\" \/><\/a><\/p>\n<p>Fantastyka od lat pozostaje jednym z najdynamiczniej rozwijaj\u0105cych si\u0119 gatunk\u00f3w literackich. Wsp\u00f3\u0142cze\u015bni czytelnicy oczekuj\u0105 od niej nie tylko rozbudowanych \u015bwiat\u00f3w i epickich przyg\u00f3d, ale r\u00f3wnie\u017c bohater\u00f3w z krwi i ko\u015bci, skomplikowanych relacji oraz temat\u00f3w odnosz\u0105cych si\u0119 do realnych dylemat\u00f3w wsp\u00f3\u0142czesnego cz\u0142owieka. Lipcowe nowo\u015bci w Legimi doskonale pokazuj\u0105, jak r\u00f3\u017cnorodna jest dzisiejsza literatura fantasy. Znajdziemy tu zar\u00f3wno historie g\u0142\u0119boko zakorzenione w s\u0142owia\u0144skiej kulturze i dawnych wierzeniach, jak i monumentalne opowie\u015bci o bogach, przeznaczeniu oraz walce o przysz\u0142o\u015b\u0107 ca\u0142ych kr\u00f3lestw.<\/p>\n<p>To propozycje dla czytelnik\u00f3w, kt\u00f3rzy chc\u0105 zanurzy\u0107 si\u0119 w alternatywnych \u015bwiatach pe\u0142nych magii, tajemnic i niezwyk\u0142ych bohater\u00f3w. Niezale\u017cnie od tego, czy fascynuj\u0105 Was rodzime legendy, \u015bredniowieczne klimaty czy epicka fantasy z rozmachem godnym najwi\u0119kszych bestseller\u00f3w, w\u015br\u00f3d lipcowych premier z pewno\u015bci\u0105 znajdziecie co\u015b dla siebie.<\/p>\n<h2>\u201eWybra\u0144cy bog\u00f3w\u201d \u2013 Norbert Grzegorz Ko\u015bciesza (N-Kort)<\/h2>\n<p>S\u0142owia\u0144ska fantastyka od kilku lat prze\u017cywa prawdziwy renesans. Coraz wi\u0119cej autor\u00f3w si\u0119ga po rodzime legendy, ludowe wierzenia oraz histori\u0119 region\u00f3w, kt\u00f3re przez wieki pozostawa\u0142y skarbnic\u0105 opowie\u015bci przekazywanych z pokolenia na pokolenie. <a href=\"https:\/\/www.legimi.pl\/autor\/norbert-grzegorz-kosciesza,ad98248\/\">Norbert Grzegorz Ko\u015bciesza<\/a> nale\u017cy do tw\u00f3rc\u00f3w, kt\u00f3rzy robi\u0105 to z wyj\u0105tkow\u0105 konsekwencj\u0105 i ogromnym szacunkiem dla lokalnego dziedzictwa.<\/p>\n<p><a href=\"https:\/\/www.legimi.pl\/ebook-szeptuni-wybrancy-bogow-norbert-grzegorz-kosciesza,b1585516.html\">Wybra\u0144cy bog\u00f3w<\/a>, drugi tom cyklu <a href=\"https:\/\/www.legimi.pl\/ebooki\/szeptuni,c8394\/\">Szeptuni<\/a>, ponownie zabiera czytelnik\u00f3w na Podlasie. To miejsce wyj\u0105tkowe nie tylko pod wzgl\u0119dem krajobrazu, lecz tak\u017ce kultury, tradycji i wierze\u0144. W \u015bwiecie stworzonym przez autora granica mi\u0119dzy codzienno\u015bci\u0105 a sfer\u0105 nadprzyrodzon\u0105 pozostaje niezwykle cienka. Dawni bogowie, duchy i istoty znane ze s\u0142owia\u0144skich poda\u0144 nadal wp\u0142ywaj\u0105 na ludzkie losy, a mieszka\u0144cy regionu musz\u0105 mierzy\u0107 si\u0119 z si\u0142ami, kt\u00f3rych nie spos\u00f3b wyja\u015bni\u0107 racjonalnie.<\/p>\n<p>Autor z du\u017cym wyczuciem wykorzystuje lokalny koloryt. Czytelnik znajdzie tu charakterystyczne podlaskie krajobrazy, elementy gwary, odniesienia do regionalnych opowie\u015bci i wierze\u0144, kt\u00f3re nadaj\u0105 historii autentyczno\u015bci. Dzi\u0119ki temu \u015bwiat przedstawiony nie sprawia wra\u017cenia kolejnej fantastycznej krainy stworzonej od podstaw. Wr\u0119cz przeciwnie. Wydaje si\u0119 miejscem, kt\u00f3re mog\u0142oby istnie\u0107 tu\u017c obok naszej rzeczywisto\u015bci.<\/p>\n<p>Tym razem bohaterowie staj\u0105 przed nowymi wyzwaniami zwi\u0105zanymi zar\u00f3wno z dzia\u0142aniem si\u0142 nadprzyrodzonych, jak i w\u0142asnym przeznaczeniem. Musz\u0105 podejmowa\u0107 trudne decyzje, mierzy\u0107 si\u0119 z konsekwencjami wcze\u015bniejszych wydarze\u0144 oraz odkrywa\u0107 prawd\u0119 o sobie samych. To w\u0142a\u015bnie ten aspekt sprawia, \u017ce \u201eWybra\u0144cy bog\u00f3w\u201d s\u0105 czym\u015b wi\u0119cej ni\u017c tylko histori\u0105 o walce dobra ze z\u0142em. To r\u00f3wnie\u017c opowie\u015b\u0107 o odpowiedzialno\u015bci, dojrzewaniu i pr\u00f3bie odnalezienia w\u0142asnego miejsca w \u015bwiecie.<\/p>\n<p>Powie\u015b\u0107 szczeg\u00f3lnie przypadnie do gustu czytelnikom, kt\u00f3rzy pokochali tw\u00f3rczo\u015b\u0107 Katarzyny Bereniki Miszczuk, Witolda Jab\u0142o\u0144skiego czy Marcina Mortki. To fantastyka silnie osadzona w polskiej kulturze, a jednocze\u015bnie niezwykle przyst\u0119pna dla wsp\u00f3\u0142czesnego odbiorcy.<\/p>\n<p><strong>Dlaczego warto przeczyta\u0107?<\/strong><\/p>\n<ul>\n<li>dla fan\u00f3w s\u0142owia\u0144skiej fantastyki,<\/li>\n<li>dla os\u00f3b zainteresowanych regionalnymi legendami i folklorem,<\/li>\n<li>dla czytelnik\u00f3w lubi\u0105cych historie osadzone w polskich realiach,<\/li>\n<li>dla mi\u0142o\u015bnik\u00f3w magicznych opowie\u015bci z rozbudowanym \u015bwiatem przedstawionym.<\/li>\n<\/ul>\n<h2>\u201eWied\u017ama i mniszka\u201d \u2013 Monika Maciewicz (SQN Imaginatio)<\/h2>\n<p><a href=\"https:\/\/www.legimi.pl\/autor\/monika-maciewicz,ad462030\/?sort=popularity\">Monika Maciewicz<\/a> po raz kolejny udowadnia, \u017ce potrafi tworzy\u0107 historie \u0142\u0105cz\u0105ce przygod\u0119, histori\u0119 i fantastyk\u0119 w wyj\u0105tkowo przekonuj\u0105cy spos\u00f3b. <a href=\"https:\/\/www.legimi.pl\/ebook-wiedzma-i-mniszka-monika-maciewicz,b1619878.html\">Wied\u017ama i mniszka<\/a> zabiera czytelnik\u00f3w do \u015bredniowiecznej Polski, czyli czas\u00f3w, gdy dawne wierzenia stopniowo ust\u0119powa\u0142y miejsca chrze\u015bcija\u0144stwu, a konflikt mi\u0119dzy starym i nowym porz\u0105dkiem wp\u0142ywa\u0142 na \u017cycie ca\u0142ych spo\u0142eczno\u015bci.<\/p>\n<p>Autorka osadza swoj\u0105 opowie\u015b\u0107 w rzeczywisto\u015bci pe\u0142nej napi\u0119\u0107 kulturowych i religijnych. \u015awiat znajduje si\u0119 na rozdro\u017cu. Coraz wi\u0119ksze znaczenie zyskuje nowa wiara, jednak dawne s\u0142owia\u0144skie b\u00f3stwa i zwi\u0105zane z nimi tradycje nie chc\u0105 tak \u0142atwo odej\u015b\u0107 w zapomnienie. To w\u0142a\u015bnie w tym burzliwym okresie poznajemy Imk\u0119 i Mlad\u0119, bohaterki reprezentuj\u0105ce dwa r\u00f3\u017cne sposoby patrzenia na \u015bwiat.<\/p>\n<p>Ich wsp\u00f3lna podr\u00f3\u017c szybko staje si\u0119 czym\u015b wi\u0119cej ni\u017c tylko seri\u0105 przyg\u00f3d. To tak\u017ce opowie\u015b\u0107 o poszukiwaniu w\u0142asnej to\u017csamo\u015bci, zderzeniu odmiennych przekona\u0144 oraz pr\u00f3bie znalezienia porozumienia tam, gdzie wydaje si\u0119 ono niemo\u017cliwe. Bohaterki musz\u0105 nauczy\u0107 si\u0119 wsp\u00f3\u0142pracowa\u0107 mimo dziel\u0105cych je r\u00f3\u017cnic, a jednocze\u015bnie odnale\u017a\u0107 odpowiedzi na pytania dotycz\u0105ce w\u0142asnej przysz\u0142o\u015bci.<\/p>\n<p>Ogromnym atutem ksi\u0105\u017cki jest spos\u00f3b przedstawienia s\u0142owia\u0144skiej mitologii. Maciewicz nie traktuje dawnych wierze\u0144 wy\u0142\u0105cznie jako dekoracji dla fabu\u0142y. Wr\u0119cz przeciwnie. Staj\u0105 si\u0119 one integraln\u0105 cz\u0119\u015bci\u0105 historii i wp\u0142ywaj\u0105 na ka\u017cde wa\u017cniejsze wydarzenie. Dzi\u0119ki temu czytelnik otrzymuje nie tylko wci\u0105gaj\u0105c\u0105 przygod\u00f3wk\u0119 fantasy, ale r\u00f3wnie\u017c fascynuj\u0105c\u0105 podr\u00f3\u017c przez \u015bwiat dawnych legend i poda\u0144.<\/p>\n<p>Autorka bardzo sprawnie \u0142\u0105czy realizm historyczny z elementami magicznymi. Mi\u0142o\u015bnicy \u015bredniowiecznych klimat\u00f3w doceni\u0105 starannie odtworzone realia epoki, natomiast fani fantasy znajd\u0105 tu pe\u0142ne tajemnic rytua\u0142y, niezwyk\u0142e stworzenia i bog\u00f3w, kt\u00f3rych obecno\u015b\u0107 nieustannie odczuwa si\u0119 w tle wydarze\u0144.<\/p>\n<p>To propozycja idealna dla os\u00f3b ceni\u0105cych inteligentn\u0105 fantastyk\u0119, kt\u00f3ra poza rozrywk\u0105 oferuje r\u00f3wnie\u017c g\u0142\u0119bsz\u0105 refleksj\u0119 nad histori\u0105, wiar\u0105 i ludzkimi wyborami.<\/p>\n<p><strong>Dlaczego warto przeczyta\u0107?<\/strong><\/p>\n<ul>\n<li>dla mi\u0142o\u015bnik\u00f3w s\u0142owia\u0144skich mit\u00f3w i legend,<\/li>\n<li>dla czytelnik\u00f3w lubi\u0105cych fantasy z historycznym t\u0142em,<\/li>\n<li>dla fan\u00f3w silnych kobiecych bohaterek,<\/li>\n<li>dla os\u00f3b poszukuj\u0105cych przygodowej fantastyki z g\u0142\u0119bszym przes\u0142aniem.<\/li>\n<\/ul>\n<h2>\u201eUpad\u0142y i poca\u0142unek mroku\u201d \u2013 Carissa Broadbent (Wydawnictwo Filia)<\/h2>\n<p>Po s\u0142owia\u0144skich inspiracjach czas na fantasy o znacznie wi\u0119kszej skali. <a href=\"https:\/\/www.legimi.pl\/autor\/carissa-broadbent,ad496848\/?sort=popularity\">Carissa Broadbent<\/a> nale\u017cy dzi\u015b do najg\u0142o\u015bniejszych autorek fantasy romantycznej, a seria <a href=\"https:\/\/www.legimi.pl\/ebooki\/krolestwo-nyaxii,c5359\/?sort=popularity\">Kr\u00f3lestwa Nyaxii<\/a> zdoby\u0142a ogromn\u0105 popularno\u015b\u0107 dzi\u0119ki po\u0142\u0105czeniu epickiej fabu\u0142y, rozbudowanego \u015bwiata oraz emocjonalnych relacji mi\u0119dzy bohaterami.<\/p>\n<p><a href=\"https:\/\/www.legimi.pl\/ebook-upadly-i-pocalunek-mroku-carissa-broadbent,b1557990.html\">Upad\u0142y i poca\u0142unek mroku<\/a> to historia osadzona w \u015bwiecie, gdzie bogowie nie s\u0105 jedynie elementem wierze\u0144, lecz realnymi si\u0142ami wp\u0142ywaj\u0105cymi na losy ca\u0142ych narod\u00f3w. Kr\u00f3lestwa znajduj\u0105 si\u0119 na granicy chaosu, dawne sojusze rozpadaj\u0105 si\u0119 pod naporem konflikt\u00f3w, a ka\u017cda decyzja bohater\u00f3w mo\u017ce wp\u0142yn\u0105\u0107 na przysz\u0142o\u015b\u0107 \u015bwiata.<\/p>\n<p>W centrum wydarze\u0144 znajduj\u0105 si\u0119 Mische oraz Asar. Oboje musz\u0105 zmierzy\u0107 si\u0119 z konsekwencjami w\u0142asnych wybor\u00f3w, trudn\u0105 przesz\u0142o\u015bci\u0105 oraz odpowiedzialno\u015bci\u0105 za los innych ludzi. Ich droga prowadzi przez polityczne intrygi, niebezpieczne misje i starcia z si\u0142ami znacznie pot\u0119\u017cniejszymi od nich samych.<\/p>\n<p>Jednym z najwi\u0119kszych atut\u00f3w powie\u015bci pozostaje warstwa emocjonalna. Broadbent bardzo umiej\u0119tnie pokazuje rozw\u00f3j relacji mi\u0119dzy bohaterami, unikaj\u0105c prostych schemat\u00f3w. Uczucia nie s\u0105 tutaj dodatkiem do fabu\u0142y. Stanowi\u0105 jej wa\u017cny element i wp\u0142ywaj\u0105 na podejmowane decyzje r\u00f3wnie mocno jak wojny, magia czy dzia\u0142ania bog\u00f3w.<\/p>\n<p>Czytelnik\u00f3w przyci\u0105ga r\u00f3wnie\u017c bogaty \u015bwiat przedstawiony. Autorka tworzy rozbudowan\u0105 mitologi\u0119, skomplikowany system polityczny oraz liczne konflikty, kt\u00f3re stopniowo uk\u0142adaj\u0105 si\u0119 w wielow\u0105tkow\u0105 opowie\u015b\u0107 pe\u0142n\u0105 napi\u0119cia. To fantasy z rozmachem, kt\u00f3re szczeg\u00f3lnie przypadnie do gustu fanom Sarah J. Maas, Jennifer L. Armentrout czy Rebekki Yarros.<\/p>\n<p>\u201eUpad\u0142y i poca\u0142unek mroku\u201d udowadnia, \u017ce wsp\u00f3\u0142czesna fantasy mo\u017ce jednocze\u015bnie dostarcza\u0107 widowiskowej przygody, silnych emocji i bohater\u00f3w, z kt\u00f3rymi \u0142atwo si\u0119 uto\u017csami\u0107.<\/p>\n<p><strong>Dlaczego warto przeczyta\u0107?<\/strong><\/p>\n<ul>\n<li>dla fan\u00f3w romantasy i epickiej fantasy,<\/li>\n<li>dla czytelnik\u00f3w lubi\u0105cych rozbudowane \u015bwiaty i mitologie,<\/li>\n<li>dla os\u00f3b szukaj\u0105cych silnych emocji oraz skomplikowanych relacji,<\/li>\n<li>dla mi\u0142o\u015bnik\u00f3w historii o bogach, przeznaczeniu i walce o los \u015bwiata.<\/li>\n<\/ul>\n<h3>Podsumowanie kategorii<\/h3>\n<p>Lipcowe premiery fantasy w Legimi pokazuj\u0105, jak szerokie mo\u017cliwo\u015bci oferuje wsp\u00f3\u0142czesna fantastyka. \u201eWybra\u0144cy bog\u00f3w\u201d zachwycaj\u0105 lokalnym kolorytem i s\u0142owia\u0144skim folklorem, \u201eWied\u017ama i mniszka\u201d przenosi czytelnik\u00f3w do \u015bwiata dawnych wierze\u0144 oraz \u015bredniowiecznych konflikt\u00f3w, natomiast \u201eUpad\u0142y i poca\u0142unek mroku\u201d oferuje epick\u0105 opowie\u015b\u0107 o bogach, magii i uczuciach wystawionych na najci\u0119\u017csz\u0105 pr\u00f3b\u0119.<\/p>\n<p>To ksi\u0105\u017cki dla czytelnik\u00f3w, kt\u00f3rzy chc\u0105 cho\u0107 na chwil\u0119 opu\u015bci\u0107 codzienno\u015b\u0107 i zanurzy\u0107 si\u0119 w \u015bwiatach, gdzie wszystko jest mo\u017cliwe. Niezale\u017cnie od tego, czy bli\u017cej Wam do s\u0142owia\u0144skich legend, historycznej fantasy czy widowiskowych opowie\u015bci o walce o los ca\u0142ego \u015bwiata, lipcowe nowo\u015bci Legimi dostarcz\u0105 wielu godzin fascynuj\u0105cej lektury.<\/p>\n<h1>Literatura faktu<\/h1>\n<p><a href=\"https:\/\/www.legimi.pl\/ebooki\/literatura-faktu,g219\/\"><img loading=\"lazy\" decoding=\"async\" class=\"aligncenter size-full wp-image-5821\" src=\"https:\/\/blog.legimi.pl\/wp-content\/uploads\/2026\/09\/literatura-faktu.jpg\" alt=\"\" width=\"1584\" height=\"396\" srcset=\"https:\/\/blog.legimi.pl\/wp-content\/uploads\/2026\/09\/literatura-faktu.jpg 1584w, https:\/\/blog.legimi.pl\/wp-content\/uploads\/2026\/09\/literatura-faktu-300x75.jpg 300w, https:\/\/blog.legimi.pl\/wp-content\/uploads\/2026\/09\/literatura-faktu-1024x256.jpg 1024w, https:\/\/blog.legimi.pl\/wp-content\/uploads\/2026\/09\/literatura-faktu-768x192.jpg 768w, https:\/\/blog.legimi.pl\/wp-content\/uploads\/2026\/09\/literatura-faktu-1536x384.jpg 1536w\" sizes=\"auto, (max-width: 1584px) 100vw, 1584px\" \/><\/a><\/p>\n<p>Literatura faktu od lat cieszy si\u0119 ogromnym zainteresowaniem czytelnik\u00f3w, kt\u00f3rzy w ksi\u0105\u017ckach szukaj\u0105 nie tylko rozrywki, ale r\u00f3wnie\u017c wiedzy, zrozumienia \u015bwiata i prawdziwych historii. Dobre reporta\u017ce, wspomnienia czy opracowania historyczne pozwalaj\u0105 spojrze\u0107 na wa\u017cne wydarzenia z perspektywy ludzi, kt\u00f3rzy ich do\u015bwiadczyli na w\u0142asnej sk\u00f3rze. To w\u0142a\u015bnie dzi\u0119ki nim historia przestaje by\u0107 zbiorem dat i nazwisk, a staje si\u0119 opowie\u015bci\u0105 o konkretnych ludzkich losach, emocjach i decyzjach.<\/p>\n<p>Lipcowe nowo\u015bci w Legimi pokazuj\u0105, \u017ce literatura faktu mo\u017ce przyjmowa\u0107 bardzo r\u00f3\u017cne formy. Znajdziemy tu zar\u00f3wno przejmuj\u0105ce \u015bwiadectwa dotycz\u0105ce II wojny \u015bwiatowej, jak i ksi\u0105\u017cki oddaj\u0105ce g\u0142os kobietom, kt\u00f3rych do\u015bwiadczenia przez lata pozostawa\u0142y na marginesie historycznych narracji. Nie zabrak\u0142o r\u00f3wnie\u017c reporta\u017cu uznawanego za jedn\u0105 z najwa\u017cniejszych publikacji opisuj\u0105cych jedno z najtragiczniejszych ludob\u00f3jstw XX wieku.<\/p>\n<p>To propozycje wymagaj\u0105ce wi\u0119kszego zaanga\u017cowania emocjonalnego ni\u017c lekka literatura rozrywkowa, ale w\u0142a\u015bnie dlatego pozostaj\u0105 w pami\u0119ci na d\u0142ugo po zako\u0144czeniu lektury.<\/p>\n<h2>\u201eNa nieludzkiej ziemi\u201d \u2013 J\u00f3zef Czapski (Wydawnictwo Wizerunkowe)<\/h2>\n<p>Niekt\u00f3re ksi\u0105\u017cki s\u0105 czym\u015b wi\u0119cej ni\u017c tylko relacj\u0105 z wydarze\u0144 historycznych. Staj\u0105 si\u0119 \u015bwiadectwem epoki i dokumentem, kt\u00f3ry pozwala kolejnym pokoleniom zrozumie\u0107 do\u015bwiadczenia ludzi \u017cyj\u0105cych w czasach wielkich tragedii. Do takich publikacji bez w\u0105tpienia nale\u017cy <a href=\"https:\/\/www.legimi.pl\/ebook-na-nieludzkiej-ziemi-wydanie-pelne-jozef-czapski,b1587132.html\">Na nieludzkiej ziemi<\/a> <a href=\"https:\/\/www.legimi.pl\/autor\/jozef-czapski,ad10871\/?filters=audiobooks,ebooks,epub,mobi,pdf,synchrobooks\">J\u00f3zefa Czapskiego<\/a>.<\/p>\n<p>Autor nie wyst\u0119puje tutaj w roli historyka analizuj\u0105cego \u017ar\u00f3d\u0142a wiele lat po wydarzeniach. Jest bezpo\u015brednim uczestnikiem opisywanej historii, oficerem Wojska Polskiego, wi\u0119\u017aniem sowieckich oboz\u00f3w oraz cz\u0142owiekiem zaanga\u017cowanym w poszukiwanie prawdy o losach zaginionych polskich oficer\u00f3w.<\/p>\n<p>Ksi\u0105\u017cka przedstawia dramatyczne do\u015bwiadczenia Polak\u00f3w deportowanych w g\u0142\u0105b Zwi\u0105zku Radzieckiego po wybuchu II wojny \u015bwiatowej. Czapski opisuje warunki \u017cycia w obozach, wszechobecn\u0105 niepewno\u015b\u0107 oraz codzienn\u0105 walk\u0119 o przetrwanie. Szczeg\u00f3ln\u0105 uwag\u0119 po\u015bwi\u0119ca jednak pr\u00f3bom odnalezienia tysi\u0119cy oficer\u00f3w, kt\u00f3rzy znikn\u0119li bez \u015bladu.<\/p>\n<p>To w\u0142a\u015bnie te poszukiwania prowadz\u0105 go do jednej z najwi\u0119kszych tajemnic wojennych XX wieku, czyli sprawy zbrodni katy\u0144skiej. Czytelnik obserwuje stopniowe odkrywanie fakt\u00f3w oraz bezsilno\u015b\u0107 ludzi pr\u00f3buj\u0105cych dotrze\u0107 do prawdy w \u015bwiecie podporz\u0105dkowanym propagandzie i politycznym interesom.<\/p>\n<p>Ogromn\u0105 si\u0142\u0105 ksi\u0105\u017cki pozostaje autentyczno\u015b\u0107. Czapski nie tworzy sensacyjnej opowie\u015bci ani nie pr\u00f3buje dramatyzowa\u0107 wydarze\u0144. Pisze spokojnie, rzeczowo i z wielk\u0105 dba\u0142o\u015bci\u0105 o szczeg\u00f3\u0142y, dzi\u0119ki czemu jego relacja zyskuje jeszcze wi\u0119ksz\u0105 moc oddzia\u0142ywania.<\/p>\n<p>\u201eNa nieludzkiej ziemi\u201d zainteresuje nie tylko pasjonat\u00f3w historii II wojny \u015bwiatowej. To r\u00f3wnie\u017c poruszaj\u0105ca opowie\u015b\u0107 o godno\u015bci, wytrwa\u0142o\u015bci i zachowaniu cz\u0142owiecze\u0144stwa w warunkach, kt\u00f3re zdawa\u0142y si\u0119 temu przeczy\u0107.<\/p>\n<p><strong>Dlaczego warto przeczyta\u0107?<\/strong><\/p>\n<ul>\n<li>dla os\u00f3b zainteresowanych histori\u0105 Polski XX wieku,<\/li>\n<li>dla czytelnik\u00f3w poszukuj\u0105cych autentycznych \u015bwiadectw historycznych,<\/li>\n<li>dla pasjonat\u00f3w tematyki katy\u0144skiej,<\/li>\n<li>dla wszystkich, kt\u00f3rzy chc\u0105 lepiej zrozumie\u0107 do\u015bwiadczenia Polak\u00f3w w ZSRR podczas II wojny \u015bwiatowej.<\/li>\n<\/ul>\n<h2>\u201eSanitariuszki. Mi\u0142o\u015b\u0107 i \u015bmier\u0107 w powstaniu warszawskim\u201d \u2013 Sylwia Winnik (Wydawnictwo Mando)<\/h2>\n<p>Powstanie Warszawskie od dziesi\u0119cioleci pozostaje jednym z najwa\u017cniejszych temat\u00f3w polskiej literatury historycznej. Najcz\u0119\u015bciej jednak opowie\u015bci o tamtych wydarzeniach koncentruj\u0105 si\u0119 na dzia\u0142aniach wojskowych, dow\u00f3dcach i przebiegu walk. <a href=\"https:\/\/www.legimi.pl\/autor\/sylwia-winnik,ad23245\/?sort=popularity\">Sylwia Winnik<\/a> proponuje zupe\u0142nie inn\u0105 perspektyw\u0119.<\/p>\n<p>W centrum swojej ksi\u0105\u017cki stawia kobiety, kt\u00f3re podczas powstania ka\u017cdego dnia ratowa\u0142y \u017cycie rannym \u017co\u0142nierzom i cywilom. <a href=\"https:\/\/www.legimi.pl\/ebook-sanitariuszki-milosc-i-smierc-w-powstaniu-warszawskim-sylwia-winnik,b1588333.html\">Sanitariuszki<\/a> dzia\u0142a\u0142y pod ostrza\u0142em, cz\u0119sto bez odpowiedniego sprz\u0119tu medycznego, nieustannie ryzykuj\u0105c w\u0142asnym \u017cyciem. Ich bohaterstwo przez wiele lat pozostawa\u0142o jednak w cieniu bardziej znanych historii frontowych.<\/p>\n<p>Autorka oddaje g\u0142os samym bohaterkom. Dzi\u0119ki ich wspomnieniom czytelnik poznaje nie tylko przebieg wydarze\u0144, ale przede wszystkim emocje towarzysz\u0105ce codziennemu \u017cyciu w walcz\u0105cej Warszawie. Strach miesza si\u0119 tutaj z odwag\u0105, rozpacz z nadziej\u0105, a dramat wojny z marzeniami o zwyczajnym \u017cyciu.<\/p>\n<p>Szczeg\u00f3lnie poruszaj\u0105ce s\u0105 fragmenty pokazuj\u0105ce, \u017ce nawet w najbardziej tragicznych okoliczno\u015bciach ludzie nadal potrafili kocha\u0107, budowa\u0107 relacje i my\u015ble\u0107 o przysz\u0142o\u015bci. Mi\u0142o\u015b\u0107, przyja\u017a\u0144 i solidarno\u015b\u0107 staj\u0105 si\u0119 w tej ksi\u0105\u017cce r\u00f3wnie wa\u017cnymi bohaterami jak historia samego powstania.<\/p>\n<p>Sylwia Winnik z du\u017c\u0105 wra\u017cliwo\u015bci\u0105 opisuje losy swoich rozm\u00f3wczy\u0144. Nie tworzy pomnik\u00f3w ani jednoznacznych ocen. Pozwala wybrzmie\u0107 autentycznym do\u015bwiadczeniom kobiet, kt\u00f3re musia\u0142y dojrzewa\u0107 w cieniu wojny i podejmowa\u0107 decyzje przekraczaj\u0105ce mo\u017cliwo\u015bci wi\u0119kszo\u015bci wsp\u00f3\u0142czesnych ludzi.<\/p>\n<p>To ksi\u0105\u017cka, kt\u00f3ra pozwala spojrze\u0107 na Powstanie Warszawskie z bardziej ludzkiej, osobistej perspektywy.<\/p>\n<p><strong>Dlaczego warto przeczyta\u0107?<\/strong><\/p>\n<ul>\n<li>dla os\u00f3b zainteresowanych histori\u0105 Powstania Warszawskiego,<\/li>\n<li>dla czytelnik\u00f3w ceni\u0105cych reporta\u017ce oparte na relacjach \u015bwiadk\u00f3w,<\/li>\n<li>dla wszystkich, kt\u00f3rzy chc\u0105 pozna\u0107 wojenne do\u015bwiadczenia kobiet,<\/li>\n<li>dla mi\u0142o\u015bnik\u00f3w historii opowiedzianych przez pryzmat indywidualnych los\u00f3w.<\/li>\n<\/ul>\n<h2>\u201ePragniemy zawiadomi\u0107, \u017ce jutro zostaniemy zabici wraz z rodzinami\u201d \u2013 Philip Gourevitch (Wydawnictwo Filia)<\/h2>\n<p>S\u0105 ksi\u0105\u017cki, kt\u00f3re zmieniaj\u0105 spos\u00f3b patrzenia na histori\u0119 i zmuszaj\u0105 do zadawania trudnych pyta\u0144 o natur\u0119 cz\u0142owieka. Reporta\u017c <a href=\"https:\/\/www.legimi.pl\/autor\/philip-gourevitch,ad497748\/?filters=audiobooks,ebooks,epub,mobi,pdf,synchrobooks\">Philipa Gourevitcha<\/a> nale\u017cy w\u0142a\u015bnie do tej kategorii.<\/p>\n<p>Autor opisuje ludob\u00f3jstwo w Rwandzie z 1994 roku, podczas kt\u00f3rego w ci\u0105gu zaledwie kilku miesi\u0119cy zamordowano setki tysi\u0119cy ludzi. Jednak celem ksi\u0105\u017cki nie jest wy\u0142\u0105cznie przedstawienie fakt\u00f3w. Gourevitch stara si\u0119 zrozumie\u0107 mechanizmy, kt\u00f3re doprowadzi\u0142y do jednej z najwi\u0119kszych tragedii wsp\u00f3\u0142czesnej historii.<\/p>\n<p>Reporta\u017c powsta\u0142 na podstawie licznych rozm\u00f3w z ocala\u0142ymi, \u015bwiadkami, politykami i osobami bezpo\u015brednio zaanga\u017cowanymi w wydarzenia. Dzi\u0119ki temu czytelnik poznaje nie tylko przebieg ludob\u00f3jstwa, lecz tak\u017ce ludzkie historie kryj\u0105ce si\u0119 za statystykami.<\/p>\n<p>Autor z niezwyk\u0142\u0105 precyzj\u0105 pokazuje, jak propaganda, manipulacja i polityczna nienawi\u015b\u0107 stopniowo przygotowywa\u0142y grunt pod katastrof\u0119. Jednocze\u015bnie opisuje reakcj\u0119 spo\u0142eczno\u015bci mi\u0119dzynarodowej, kt\u00f3ra przez d\u0142ugi czas pozostawa\u0142a bierna wobec narastaj\u0105cej tragedii.<\/p>\n<p>Najwi\u0119ksz\u0105 warto\u015bci\u0105 ksi\u0105\u017cki jest umiej\u0119tno\u015b\u0107 po\u0142\u0105czenia reporterskiej rzetelno\u015bci z g\u0142\u0119bok\u0105 empati\u0105 wobec bohater\u00f3w. Gourevitch nie epatuje okrucie\u0144stwem dla samego efektu. Zamiast tego skupia si\u0119 na tym, jak ludzie pr\u00f3buj\u0105 \u017cy\u0107 po do\u015bwiadczeniu niewyobra\u017calnej przemocy i jak odbudowuj\u0105 swoje spo\u0142eczno\u015bci po traumie.<\/p>\n<p>Cho\u0107 opisywane wydarzenia mia\u0142y miejsce ponad trzydzie\u015bci lat temu, ksi\u0105\u017cka pozostaje niezwykle aktualna. Przypomina, jak niebezpieczne mog\u0105 by\u0107 spo\u0142eczne podzia\u0142y, dehumanizacja przeciwnika i oboj\u0119tno\u015b\u0107 wobec narastaj\u0105cej przemocy.<\/p>\n<p>To reporta\u017c trudny, momentami wstrz\u0105saj\u0105cy, ale jednocze\u015bnie niezwykle wa\u017cny i potrzebny.<\/p>\n<p><strong>Dlaczego warto przeczyta\u0107?<\/strong><\/p>\n<ul>\n<li>dla mi\u0142o\u015bnik\u00f3w ambitnego reporta\u017cu,<\/li>\n<li>dla os\u00f3b zainteresowanych histori\u0105 wsp\u00f3\u0142czesnej Afryki,<\/li>\n<li>dla czytelnik\u00f3w chc\u0105cych zrozumie\u0107 mechanizmy ludob\u00f3jstwa,<\/li>\n<li>dla wszystkich, kt\u00f3rzy ceni\u0105 literatur\u0119 faktu sk\u0142aniaj\u0105c\u0105 do refleksji.<\/li>\n<\/ul>\n<h3>Podsumowanie kategorii<\/h3>\n<p>Lipcowe nowo\u015bci z kategorii literatury faktu przypominaj\u0105, \u017ce prawdziwe historie cz\u0119sto poruszaj\u0105 mocniej ni\u017c najlepsza fikcja literacka. \u201eNa nieludzkiej ziemi\u201d pozwala spojrze\u0107 na dramat Polak\u00f3w w Zwi\u0105zku Radzieckim oczami \u015bwiadka historii, \u201eSanitariuszki. Mi\u0142o\u015b\u0107 i \u015bmier\u0107 w powstaniu warszawskim\u201d oddaj\u0105 g\u0142os kobietom, kt\u00f3re ka\u017cdego dnia ratowa\u0142y \u017cycie podczas jednego z najwa\u017cniejszych wydarze\u0144 w dziejach Polski, a reporta\u017c <a href=\"https:\/\/www.legimi.pl\/ebook-pragniemy-zawiadomic-ze-jutro-zostaniemy-zabici-wraz-z-rodzinami-philip-gourevitch,b1524344.html\">Pragniemy zawiadomi\u0107, \u017ce jutro zostaniemy zabici wraz z rodzinami<\/a> pokazuje konsekwencje nienawi\u015bci i oboj\u0119tno\u015bci w skali ca\u0142ego \u015bwiata.<\/p>\n<p>To ksi\u0105\u017cki dla czytelnik\u00f3w, kt\u00f3rzy chc\u0105 lepiej rozumie\u0107 histori\u0119, ludzi i mechanizmy kszta\u0142tuj\u0105ce wsp\u00f3\u0142czesn\u0105 rzeczywisto\u015b\u0107. Ka\u017cda z nich oferuje nie tylko wiedz\u0119, ale tak\u017ce g\u0142\u0119bokie emocje i refleksje pozostaj\u0105ce z czytelnikiem d\u0142ugo po zako\u0144czeniu lektury.<\/p>\n<h2>Literatura m\u0142odzie\u017cowa<\/h2>\n<p><a href=\"https:\/\/www.legimi.pl\/ebooki\/dla-mlodziezy,g4087\/\"><img loading=\"lazy\" decoding=\"async\" class=\"aligncenter size-full wp-image-5820\" src=\"https:\/\/blog.legimi.pl\/wp-content\/uploads\/2026\/09\/dla-mlodziezy.jpg\" alt=\"\" width=\"1584\" height=\"396\" srcset=\"https:\/\/blog.legimi.pl\/wp-content\/uploads\/2026\/09\/dla-mlodziezy.jpg 1584w, https:\/\/blog.legimi.pl\/wp-content\/uploads\/2026\/09\/dla-mlodziezy-300x75.jpg 300w, https:\/\/blog.legimi.pl\/wp-content\/uploads\/2026\/09\/dla-mlodziezy-1024x256.jpg 1024w, https:\/\/blog.legimi.pl\/wp-content\/uploads\/2026\/09\/dla-mlodziezy-768x192.jpg 768w, https:\/\/blog.legimi.pl\/wp-content\/uploads\/2026\/09\/dla-mlodziezy-1536x384.jpg 1536w\" sizes=\"auto, (max-width: 1584px) 100vw, 1584px\" \/><\/a><\/p>\n<p>Literatura m\u0142odzie\u017cowa od dawna przesta\u0142a by\u0107 gatunkiem skierowanym wy\u0142\u0105cznie do nastolatk\u00f3w. Wsp\u00f3\u0142czesne young adult coraz cz\u0119\u015bciej podejmuje trudne tematy, opowiada o skomplikowanych relacjach i emocjach, kt\u00f3re doskonale rozumiej\u0105 r\u00f3wnie\u017c doro\u015bli czytelnicy. W\u015br\u00f3d lipcowych nowo\u015bci w Legimi znalaz\u0142y si\u0119 zar\u00f3wno romantyczne historie o pierwszej mi\u0142o\u015bci, jak i bardziej poruszaj\u0105ce opowie\u015bci o stracie, traumie i poszukiwaniu w\u0142asnego miejsca w \u015bwiecie.<\/p>\n<p>To ksi\u0105\u017cki, kt\u00f3re potrafi\u0105 wzruszy\u0107, rozbawi\u0107 i przypomnie\u0107, jak intensywne bywaj\u0105 emocje towarzysz\u0105ce wchodzeniu w doros\u0142o\u015b\u0107.<\/p>\n<h2>\u201eCzasami Ci\u0119 pragn\u0119\u201d \u2013 Aleksandra Maciejowska (Wydawnictwo Mi\u0119ta)<\/h2>\n<p>Przegl\u0105d m\u0142odzie\u017cowych nowo\u015bci rozpoczynamy od historii, kt\u00f3ra szczeg\u00f3lnie spodoba si\u0119 mi\u0142o\u015bnikom motywu friends to lovers. To jeden z tych trop\u00f3w literackich, kt\u00f3ry niezmiennie cieszy si\u0119 popularno\u015bci\u0105, poniewa\u017c opowiada o czym\u015b bardzo bliskim wielu czytelnikom. O uczuciach rodz\u0105cych si\u0119 tam, gdzie pocz\u0105tkowo widzieli\u015bmy jedynie przyja\u017a\u0144.<\/p>\n<p>W powie\u015bci <a href=\"https:\/\/www.legimi.pl\/autor\/aleksandra-maciejowska,ad497708\/\">Aleksandry Maciejowskiej<\/a> wakacyjny powr\u00f3t do rodzinnego miasta staje si\u0119 pocz\u0105tkiem emocjonalnej podr\u00f3\u017cy w przesz\u0142o\u015b\u0107. Bohaterka <a href=\"https:\/\/www.legimi.pl\/ebook-czasami-cie-pragne-aleksandra-maciejowska,b1606012.html\">Czasami Ci\u0119 pragn\u0119<\/a> ponownie spotyka osob\u0119, kt\u00f3ra przez lata by\u0142a wa\u017cn\u0105 cz\u0119\u015bci\u0105 jej \u017cycia. Wspomnienia zaczynaj\u0105 wraca\u0107, a wraz z nimi uczucia, kt\u00f3rych wcze\u015bniej nie potrafi\u0142a nazwa\u0107 lub nie chcia\u0142a dostrzec.<\/p>\n<p>Autorka bardzo dobrze oddaje atmosfer\u0119 wakacji, powrot\u00f3w do miejsc znanych z dzieci\u0144stwa i konfrontacji z tym, kim byli\u015bmy kilka lat wcze\u015bniej. Tematem ksi\u0105\u017cki staje si\u0119 nie tylko rozwijaj\u0105ca si\u0119 relacja mi\u0119dzy bohaterami, ale r\u00f3wnie\u017c dojrzewanie emocjonalne i pr\u00f3ba odpowiedzenia sobie na pytanie, czy warto dawa\u0107 drug\u0105 szans\u0119 ludziom oraz uczuciom.<\/p>\n<p>Du\u017c\u0105 si\u0142\u0105 powie\u015bci s\u0105 bohaterowie. Nie s\u0105 idealni, pope\u0142niaj\u0105 b\u0142\u0119dy, czasami podejmuj\u0105 nieprzemy\u015blane decyzje, ale w\u0142a\u015bnie dzi\u0119ki temu wydaj\u0105 si\u0119 autentyczni. Czytelnik bez trudu mo\u017ce odnale\u017a\u0107 w ich do\u015bwiadczeniach cz\u0105stk\u0119 w\u0142asnych wspomnie\u0144.<\/p>\n<p>\u201eCzasami ci\u0119 pragn\u0119\u201d to lekka, romantyczna, ale jednocze\u015bnie bardzo emocjonalna historia o tym, \u017ce niekt\u00f3re relacje potrzebuj\u0105 czasu, by rozkwitn\u0105\u0107 naprawd\u0119.<\/p>\n<p>Audiobook czyta Ma\u0142gorzata Koz\u0142owska.<\/p>\n<h4>Dlaczego warto przeczyta\u0107?<\/h4>\n<ul>\n<li>dla fan\u00f3w motywu friends to lovers,<\/li>\n<li>dla czytelnik\u00f3w lubi\u0105cych wakacyjne historie,<\/li>\n<li>dla os\u00f3b szukaj\u0105cych romantycznych ksi\u0105\u017cek o drugich szansach,<\/li>\n<li>dla mi\u0142o\u015bnik\u00f3w emocjonalnych young adult.<\/li>\n<\/ul>\n<h2>\u201eNiebo nie przyjmuje pasa\u017cer\u00f3w\u201d \u2013 Dominika Hajs (Wydawnictwo Rebelde)<\/h2>\n<p>Po lekkiej i romantycznej historii czas na ksi\u0105\u017ck\u0119 znacznie bardziej wymagaj\u0105c\u0105 emocjonalnie. <a href=\"https:\/\/www.legimi.pl\/ebook-niebo-nie-przyjmuje-pasazerow-dominika-hajs,b1606499.html\">Niebo nie przyjmuje pasa\u017cer\u00f3w<\/a> <a href=\"https:\/\/www.legimi.pl\/autor\/dominika-hajs,ad467015\/?filters=audiobooks,ebooks,epub,mobi,pdf,synchrobooks\">Dominiki Hajs<\/a> to jedna z tych m\u0142odzie\u017cowych powie\u015bci, kt\u00f3re pokazuj\u0105, \u017ce literatura dla m\u0142odych czytelnik\u00f3w mo\u017ce porusza\u0107 bardzo trudne i wa\u017cne tematy.<\/p>\n<p>Autorka skupia si\u0119 na do\u015bwiadczeniu straty, poczuciu winy oraz pr\u00f3bie odbudowania \u017cycia po wydarzeniach, kt\u00f3re wywr\u00f3ci\u0142y wszystko do g\u00f3ry nogami. Bohaterowie musz\u0105 zmierzy\u0107 si\u0119 z konsekwencjami traumatycznych prze\u017cy\u0107 i znale\u017a\u0107 spos\u00f3b, by mimo b\u00f3lu dalej i\u015b\u0107 naprz\u00f3d.<\/p>\n<p>To historia o dorastaniu w sytuacji, gdy \u015bwiat przestaje wydawa\u0107 si\u0119 bezpieczny i przewidywalny. O szukaniu odpowiedzi na pytania, na kt\u00f3re cz\u0119sto nikt nie potrafi odpowiedzie\u0107. O pr\u00f3bie pogodzenia si\u0119 z tym, \u017ce nie wszystko da si\u0119 naprawi\u0107.<\/p>\n<p>Dominika Hajs nie ucieka od trudnych emocji. Zamiast tworzy\u0107 prost\u0105 histori\u0119 z happy endem, pokazuje proces prze\u017cywania \u017ca\u0142oby i radzenia sobie z traum\u0105 w spos\u00f3b autentyczny i wiarygodny. Dzi\u0119ki temu ksi\u0105\u017cka mo\u017ce by\u0107 szczeg\u00f3lnie warto\u015bciowa dla m\u0142odych os\u00f3b, kt\u00f3re same mierz\u0105 si\u0119 z trudnymi do\u015bwiadczeniami lub pr\u00f3buj\u0105 zrozumie\u0107 emocje swoich r\u00f3wie\u015bnik\u00f3w.<\/p>\n<p>Mimo ci\u0119\u017ckiej tematyki nie jest to jednak powie\u015b\u0107 pozbawiona nadziei. Wr\u0119cz przeciwnie. To opowie\u015b\u0107 o tym, \u017ce nawet po najciemniejszych momentach mo\u017cna stopniowo odnale\u017a\u0107 sens i si\u0142\u0119 do dalszego dzia\u0142ania.<\/p>\n<h4>Dlaczego warto przeczyta\u0107?<\/h4>\n<ul>\n<li>dla czytelnik\u00f3w szukaj\u0105cych ambitniejszej literatury m\u0142odzie\u017cowej,<\/li>\n<li>dla os\u00f3b lubi\u0105cych emocjonalne historie,<\/li>\n<li>dla fan\u00f3w ksi\u0105\u017cek poruszaj\u0105cych wa\u017cne problemy spo\u0142eczne,<\/li>\n<li>dla wszystkich, kt\u00f3rzy ceni\u0105 autentycznych bohater\u00f3w.<\/li>\n<\/ul>\n<h2>\u201eOkruchy gwiazd\u201d \u2013 Jagoda Marcinkowska (Wydawnictwo KDW)<\/h2>\n<p>Na zako\u0144czenie kategorii m\u0142odzie\u017cowej czeka nas historia, kt\u00f3ra przypadnie do gustu wszystkim mi\u0142o\u015bnikom romantycznych opowie\u015bci o pierwszych uczuciach i skomplikowanych relacjach mi\u0119dzy przyjaci\u00f3\u0142mi.<\/p>\n<p><a href=\"https:\/\/www.legimi.pl\/ebook-okruchy-gwiazd-jagoda-marcinkowska,b1588328.html\">Okruchy gwiazd<\/a> s\u0105 opowie\u015bci\u0105 o emocjach, kt\u00f3re przez d\u0142ugi czas pozostaj\u0105 niewypowiedziane. O uczuciach ukrywanych pod mask\u0105 codzienno\u015bci, przyja\u017ani i pozornej oboj\u0119tno\u015bci. Bohaterowie stopniowo odkrywaj\u0105, \u017ce relacje, kt\u00f3re wydawa\u0142y si\u0119 stabilne i przewidywalne, mog\u0105 nagle nabra\u0107 zupe\u0142nie nowego znaczenia.<\/p>\n<p><a href=\"https:\/\/www.legimi.pl\/autor\/jagoda-marcinkowska,ad494527\/?filters=audiobooks,ebooks,epub,mobi,pdf,synchrobooks\">Jagoda Marcinkowska<\/a> z du\u017c\u0105 wra\u017cliwo\u015bci\u0105 opisuje proces dojrzewania emocjonalnego. Pokazuje, jak trudno bywa m\u00f3wi\u0107 o w\u0142asnych uczuciach i jak \u0142atwo nieporozumienia mog\u0105 wp\u0142yn\u0105\u0107 na relacje mi\u0119dzy lud\u017ami.<\/p>\n<p>To ksi\u0105\u017cka pe\u0142na romantycznego napi\u0119cia, ale r\u00f3wnie\u017c refleksji nad przyja\u017ani\u0105, lojalno\u015bci\u0105 i potrzeb\u0105 bycia akceptowanym przez innych. Wiele os\u00f3b odnajdzie w tej historii w\u0142asne do\u015bwiadczenia zwi\u0105zane z pierwsz\u0105 mi\u0142o\u015bci\u0105, niepewno\u015bci\u0105 i pr\u00f3b\u0105 okre\u015blenia w\u0142asnego miejsca w \u015bwiecie.<\/p>\n<p>\u201eOkruchy gwiazd\u201d to propozycja dla czytelnik\u00f3w poszukuj\u0105cych ciep\u0142ej, emocjonalnej i anga\u017cuj\u0105cej historii, przy kt\u00f3rej trudno nie kibicowa\u0107 bohaterom.<\/p>\n<h4>Dlaczego warto przeczyta\u0107?<\/h4>\n<ul>\n<li>dla fan\u00f3w romantycznych m\u0142odzie\u017c\u00f3wek,<\/li>\n<li>dla mi\u0142o\u015bnik\u00f3w historii o pierwszej mi\u0142o\u015bci,<\/li>\n<li>dla os\u00f3b lubi\u0105cych relacje friends to lovers i love triangle,<\/li>\n<li>dla czytelnik\u00f3w szukaj\u0105cych emocjonalnych bohater\u00f3w.<\/li>\n<\/ul>\n<h3>Podsumowanie kategorii<\/h3>\n<p>Lipcowe nowo\u015bci m\u0142odzie\u017cowe pokazuj\u0105, jak r\u00f3\u017cnorodny jest dzi\u015b gatunek young adult. \u201eCzasami ci\u0119 pragn\u0119\u201d zachwyca romantycznym klimatem i motywem drugiej szansy, \u201eNiebo nie przyjmuje pasa\u017cer\u00f3w\u201d porusza wa\u017cne i trudne tematy, a \u201eOkruchy gwiazd\u201d przypominaj\u0105, jak skomplikowane potrafi\u0105 by\u0107 pierwsze uczucia. To ksi\u0105\u017cki, kt\u00f3re zainteresuj\u0105 zar\u00f3wno nastoletnich czytelnik\u00f3w, jak i doros\u0142ych szukaj\u0105cych historii pe\u0142nych emocji i autentycznych bohater\u00f3w.<\/p>\n<h1>Literatura dzieci\u0119ca<br \/>\n<a href=\"https:\/\/www.legimi.pl\/ebooki\/dla-dzieci,g221\/\"><img loading=\"lazy\" decoding=\"async\" class=\"aligncenter size-full wp-image-5819\" src=\"https:\/\/blog.legimi.pl\/wp-content\/uploads\/2026\/09\/dla-dzieci.jpg\" alt=\"\" width=\"1584\" height=\"396\" srcset=\"https:\/\/blog.legimi.pl\/wp-content\/uploads\/2026\/09\/dla-dzieci.jpg 1584w, https:\/\/blog.legimi.pl\/wp-content\/uploads\/2026\/09\/dla-dzieci-300x75.jpg 300w, https:\/\/blog.legimi.pl\/wp-content\/uploads\/2026\/09\/dla-dzieci-1024x256.jpg 1024w, https:\/\/blog.legimi.pl\/wp-content\/uploads\/2026\/09\/dla-dzieci-768x192.jpg 768w, https:\/\/blog.legimi.pl\/wp-content\/uploads\/2026\/09\/dla-dzieci-1536x384.jpg 1536w\" sizes=\"auto, (max-width: 1584px) 100vw, 1584px\" \/><\/a><\/h1>\n<p>Dobra literatura dzieci\u0119ca potrafi jednocze\u015bnie bawi\u0107, wzrusza\u0107 i przekazywa\u0107 warto\u015bci, kt\u00f3re pozostaj\u0105 z m\u0142odymi czytelnikami na d\u0142ugo. Lipcowe nowo\u015bci w Legimi doskonale pokazuj\u0105, \u017ce ksi\u0105\u017cki dla najm\u0142odszych mog\u0105 by\u0107 zar\u00f3wno \u015bwietn\u0105 rozrywk\u0105, jak i okazj\u0105 do wsp\u00f3lnego sp\u0119dzania czasu z rodzin\u0105.<\/p>\n<p>W\u015br\u00f3d nowych tytu\u0142\u00f3w znalaz\u0142y si\u0119 zar\u00f3wno uwielbiane przez dzieci serie, jak i wzruszaj\u0105ca opowie\u015b\u0107 zach\u0119caj\u0105ca do uwa\u017cnego prze\u017cywania ka\u017cdej chwili.<\/p>\n<h2>\u201ePOPR-a\u0144cy. W stadzie si\u0142a\u201d \u2013 Anna Sakowicz<\/h2>\n<p>Mi\u0142o\u015bnicy serii o <a href=\"https:\/\/www.legimi.pl\/ebooki\/popr-ancy,c4434\/\">POPR-a\u0144cach<\/a> z pewno\u015bci\u0105 z niecierpliwo\u015bci\u0105 czekali na ten moment. W lipcu do katalogu Legimi trafi\u0142 ostatni tom przyg\u00f3d niezwyk\u0142ej zwierz\u0119cej ekipy stworzonej przez <a href=\"https:\/\/www.legimi.pl\/autor\/anna-sakowicz,ad7714\/\">Ann\u0119 Sakowicz<\/a>.<\/p>\n<p>Od pocz\u0105tku seria zdobywa\u0142a sympati\u0119 m\u0142odych czytelnik\u00f3w dzi\u0119ki humorowi, dynamicznej akcji i bohaterom, kt\u00f3rych po prostu trudno nie polubi\u0107. Ka\u017cda cz\u0119\u015b\u0107 przypomina\u0142a, jak wa\u017cne s\u0105 przyja\u017a\u0144, wsp\u00f3\u0142praca i wzajemne wsparcie.<\/p>\n<p><a href=\"https:\/\/www.legimi.pl\/ebook-popr-ancy-13-w-stadzie-sila-anna-sakowicz,b1581198.html\">W fina\u0142owej ods\u0142onie<\/a> r\u00f3wnie\u017c nie zabraknie emocjonuj\u0105cych wydarze\u0144, zabawnych sytuacji i moment\u00f3w, kt\u00f3re wywo\u0142uj\u0105 u\u015bmiech na twarzach zar\u00f3wno dzieci, jak i doros\u0142ych. <a href=\"https:\/\/www.legimi.pl\/ebook-popr-ancy-13-w-stadzie-sila-anna-sakowicz,b1581198.html\">W stadzie si\u0142a<\/a> to ksi\u0105\u017cka pokazuj\u0105ca, \u017ce najwi\u0119ksze przygody prze\u017cywa si\u0119 razem, a prawdziwa si\u0142a tkwi w przyja\u017ani.<\/p>\n<p>Szczeg\u00f3ln\u0105 uwag\u0119 warto zwr\u00f3ci\u0107 na audiobook przygotowany przez Labreto. To pe\u0142nowarto\u015bciowe s\u0142uchowisko z udzia\u0142em aktor\u00f3w, kt\u00f3re pozwala jeszcze g\u0142\u0119biej zanurzy\u0107 si\u0119 w \u015bwiecie bohater\u00f3w.<\/p>\n<h4>Dlaczego warto przeczyta\u0107 lub pos\u0142ucha\u0107?<\/h4>\n<ul>\n<li>dla fan\u00f3w poprzednich cz\u0119\u015bci serii,<\/li>\n<li>dla dzieci lubi\u0105cych historie o zwierz\u0119tach,<\/li>\n<li>dla rodzin s\u0142uchaj\u0105cych audiobook\u00f3w razem,<\/li>\n<li>dla m\u0142odych czytelnik\u00f3w ceni\u0105cych przygod\u0119 i humor.<\/li>\n<\/ul>\n<h2>\u201eSpokojnie, Cukierku\u201d \u2013 Waldemar Cicho\u0144 (Wydawnictwo Aleksandria)<\/h2>\n<p><a href=\"https:\/\/www.legimi.pl\/ebooki\/kot-cukierek,c2678\/?filters=audiobooks,ebooks,epub,mobi,pdf,synchrobooks\">Kot Cukierek<\/a> od lat nale\u017cy do grona najbardziej rozpoznawalnych bohater\u00f3w polskiej literatury dzieci\u0119cej. Jego przygody bawi\u0105 kolejne pokolenia m\u0142odych czytelnik\u00f3w, a najnowsza cz\u0119\u015b\u0107 serii ma wszystko to, za co dzieci pokocha\u0142y t\u0119 histori\u0119.<\/p>\n<p>Tytu\u0142owy bohater, jego przyszywana siostra Tradycja oraz pozostali cz\u0142onkowie rodziny po raz kolejny wpadaj\u0105 w wir zabawnych wydarze\u0144. Jak zwykle nie zabraknie kocich pomys\u0142\u00f3w, niespodziewanych komplikacji i sytuacji, kt\u00f3re z perspektywy doros\u0142ych wydaj\u0105 si\u0119 ca\u0142kowicie nieprawdopodobne, ale w\u0142a\u015bnie dlatego s\u0105 tak zabawne.<\/p>\n<p>Si\u0142\u0105 ksi\u0105\u017cek <a href=\"https:\/\/www.legimi.pl\/autor\/waldemar-cichon,ad495532\/\">Waldemara Cichonia<\/a> jest ich uniwersalno\u015b\u0107. Dzieci odnajduj\u0105 tu humor i przygod\u0119, natomiast doro\u015bli dostrzegaj\u0105 trafne obserwacje dotycz\u0105ce rodzinnego \u017cycia i codziennych relacji.<\/p>\n<p><a href=\"https:\/\/www.legimi.pl\/ebook-spokojnie-cukierku-waldemar-cichon,b1588359.html\">Spokojnie, Cukierku!<\/a> to idealna lektura dla pocz\u0105tkuj\u0105cych czytelnik\u00f3w, ale r\u00f3wnie\u017c \u015bwietny wyb\u00f3r do wsp\u00f3lnego czytania przed snem. Audiobook interpretowany przez Janusza Zadur\u0119 dodatkowo podkre\u015bla komediowy charakter historii.<\/p>\n<h4>Dlaczego warto przeczyta\u0107?<\/h4>\n<ul>\n<li>dla fan\u00f3w kota Cukierka,<\/li>\n<li>dla m\u0142odszych dzieci rozpoczynaj\u0105cych przygod\u0119 z czytaniem,<\/li>\n<li>dla rodzin szukaj\u0105cych ksi\u0105\u017cek do wsp\u00f3lnej lektury,<\/li>\n<li>dla wszystkich, kt\u00f3rzy lubi\u0105 pe\u0142ne humoru opowie\u015bci.<\/li>\n<\/ul>\n<h2>\u201eW pogoni za \u017cyciem\u201d \u2013 Przemys\u0142aw Wechterowicz (Wydawnictwo Ezop)<\/h2>\n<p>Na zako\u0144czenie przegl\u0105du nowo\u015bci dla dzieci warto zwr\u00f3ci\u0107 uwag\u0119 na ksi\u0105\u017ck\u0119, kt\u00f3ra niesie ze sob\u0105 wyj\u0105tkowo wa\u017cne przes\u0142anie.<\/p>\n<p><a href=\"https:\/\/www.legimi.pl\/ebook-w-pogoni-za-zyciem-przemyslaw-wechterowicz,b1586695.html\">W pogoni za \u017cyciem<\/a> <a href=\"https:\/\/www.legimi.pl\/autor\/przemyslaw-wechterowicz,ad16486\/\">Przemys\u0142awa Wechterowicza<\/a> to opowie\u015b\u0107 o J\u0119tce i Musze, kt\u00f3re wsp\u00f3lnie wyruszaj\u0105 w niezwyk\u0142\u0105 podr\u00f3\u017c przez Nowy Jork. Cho\u0107 historia pe\u0142na jest przyg\u00f3d i zabawnych sytuacji, pod jej powierzchni\u0105 kryje si\u0119 uniwersalna refleksja nad tym, jak prze\u017cywamy w\u0142asne \u017cycie.<\/p>\n<p>Autor przypomina m\u0142odym czytelnikom o warto\u015bci uwa\u017cno\u015bci, dostrzegania ma\u0142ych rado\u015bci i cieszenia si\u0119 chwil\u0105 obecn\u0105. To przes\u0142anie wydaje si\u0119 szczeg\u00f3lnie aktualne r\u00f3wnie\u017c dla doros\u0142ych, kt\u00f3rzy cz\u0119sto funkcjonuj\u0105 w ci\u0105g\u0142ym po\u015bpiechu.<\/p>\n<p>Ksi\u0105\u017cka zachwyca ciep\u0142em, delikatnym humorem i m\u0105dro\u015bci\u0105 podan\u0105 w spos\u00f3b przyst\u0119pny dla najm\u0142odszych. Nie moralizuje, lecz zaprasza do wsp\u00f3lnego odkrywania \u015bwiata i zadawania pyta\u0144 o to, co naprawd\u0119 jest wa\u017cne.<\/p>\n<p>To jedna z tych historii, kt\u00f3re mog\u0105 sta\u0107 si\u0119 pretekstem do wielu warto\u015bciowych rozm\u00f3w mi\u0119dzy dzie\u0107mi a rodzicami.<\/p>\n<p>W wersji audio wyst\u0119puj\u0105 Anna Szyma\u0144czyk, Klementyna Umer, Maciej Kowalik i Jan Marczewski, tworz\u0105c wyj\u0105tkowo anga\u017cuj\u0105ce s\u0142uchowisko.<\/p>\n<h4>Dlaczego warto przeczyta\u0107 lub pos\u0142ucha\u0107?<\/h4>\n<ul>\n<li>dla dzieci ciekawych \u015bwiata,<\/li>\n<li>dla rodzin szukaj\u0105cych m\u0105drych historii,<\/li>\n<li>dla mi\u0142o\u015bnik\u00f3w audiobook\u00f3w z udzia\u0142em wielu aktor\u00f3w,<\/li>\n<li>dla wszystkich, kt\u00f3rzy ceni\u0105 opowie\u015bci o przyja\u017ani i uwa\u017cno\u015bci.<\/li>\n<\/ul>\n<h3>Podsumowanie kategorii<\/h3>\n<p>Lipcowe nowo\u015bci dla dzieci oferuj\u0105 wszystko, czego mo\u017cna oczekiwa\u0107 od dobrej literatury dzieci\u0119cej: humor, przygod\u0119, emocje i warto\u015bciowe przes\u0142anie. Niezale\u017cnie od tego, czy wybierzecie fina\u0142 przyg\u00f3d POPR-a\u0144c\u00f3w, kolejne perypetie kota Cukierka czy refleksyjn\u0105 podr\u00f3\u017c bohater\u00f3w \u201eW pogoni za \u017cyciem\u201d, mo\u017cecie liczy\u0107 na historie, kt\u00f3re dostarcz\u0105 najm\u0142odszym wielu powod\u00f3w do \u015bmiechu, wzrusze\u0144 i zachwytu.<\/p>\n<p><img loading=\"lazy\" decoding=\"async\" class=\"aligncenter size-full wp-image-5828\" src=\"https:\/\/blog.legimi.pl\/wp-content\/uploads\/2026\/09\/outro.jpg\" alt=\"\" width=\"1584\" height=\"396\" srcset=\"https:\/\/blog.legimi.pl\/wp-content\/uploads\/2026\/09\/outro.jpg 1584w, https:\/\/blog.legimi.pl\/wp-content\/uploads\/2026\/09\/outro-300x75.jpg 300w, https:\/\/blog.legimi.pl\/wp-content\/uploads\/2026\/09\/outro-1024x256.jpg 1024w, https:\/\/blog.legimi.pl\/wp-content\/uploads\/2026\/09\/outro-768x192.jpg 768w, https:\/\/blog.legimi.pl\/wp-content\/uploads\/2026\/09\/outro-1536x384.jpg 1536w\" sizes=\"auto, (max-width: 1584px) 100vw, 1584px\" \/><\/p>\n<h1>Kt\u00f3re nowo\u015bci Legimi z lipca 2026 warto przeczyta\u0107?<\/h1>\n<p>Lipcowe nowo\u015bci w Legimi pokazuj\u0105, jak r\u00f3\u017cnorodny jest wsp\u00f3\u0142czesny rynek ksi\u0105\u017cki. W katalogu znalaz\u0142y si\u0119 zar\u00f3wno g\u0142o\u015bne nazwiska \u015bwiatowej literatury, cenieni polscy autorzy, ambitne reporta\u017ce, jak i lekkie wakacyjne romanse.<\/p>\n<p>Je\u017celi szukacie mocnych emocji, warto si\u0119gn\u0105\u0107 po \u201eTw\u00f3rc\u0119\u201d, \u201eJej ch\u0142opaka\u201d lub \u201eNie ratuj mnie\u201d. Mi\u0142o\u015bnikom historii i literatury pi\u0119knej szczeg\u00f3lnie polecamy \u201eNawr\u00f3con\u0105\u201d oraz \u201eSudety. Raj utracony\u201d. Fani fantastyki nie powinni przeoczy\u0107 \u201eWybra\u0144c\u00f3w bog\u00f3w\u201d i \u201eWied\u017amy i mniszki\u201d, natomiast osoby szukaj\u0105ce wzruszaj\u0105cych historii obyczajowych znajd\u0105 je w \u201eCieniach w Lustrzanej\u201d czy \u201eParyskiej sukience\u201d.<\/p>\n<p>Niezale\u017cnie od tego, czy preferujecie ebooki, czy audiobooki, lipiec 2026 dostarczy\u0142 wielu premier, kt\u00f3re maj\u0105 szans\u0119 sta\u0107 si\u0119 jednymi z najciekawszych ksi\u0105\u017cek tego lata.<\/p>\n<p><iframe loading=\"lazy\" title=\"#RegularnyPrzegl\u0105dP\u00f3\u0142ki | Najciekawsze premiery lipca\" width=\"500\" height=\"281\" src=\"https:\/\/www.youtube.com\/embed\/sYbaSx03Gy8?feature=oembed\" frameborder=\"0\" allow=\"accelerometer; autoplay; clipboard-write; encrypted-media; gyroscope; picture-in-picture; web-share\" referrerpolicy=\"strict-origin-when-cross-origin\" allowfullscreen><\/iframe><\/p>\n<h2>FAQ<\/h2>\n<h3>Jakie nowo\u015bci pojawi\u0142y si\u0119 w Legimi w lipcu 2026?<\/h3>\n<p>Legimi regularnie aktualizuje swoj\u0105 bibliotek\u0119 nowymi tytu\u0142ami. Wiele tytu\u0142\u00f3w trafia do oferty abonamentowej przedpremierowo. W lipcu 2026 do katalogu trafi\u0142y nowe krymina\u0142y, romanse, powie\u015bci obyczajowe, ksi\u0105\u017cki fantasy, reporta\u017ce oraz publikacje dla dzieci i m\u0142odzie\u017cy.<\/p>\n<h3>Jak znale\u017a\u0107 najlepsze nowe ksi\u0105\u017cki w Legimi?<\/h3>\n<p>Warto \u015bledzi\u0107 comiesi\u0119czne zestawienia premier oraz rekomendacje ksi\u0105\u017ckowe przygotowywane przez ekspert\u00f3w i redakcje literackie.<\/p>\n<h3>Czy nowo\u015bci s\u0105 dost\u0119pne jako ebook i audiobook?<\/h3>\n<p>Wiele premier trafia do Legimi r\u00f3wnocze\u015bnie w obu formatach, dzi\u0119ki czemu mo\u017cna wybra\u0107 preferowany spos\u00f3b korzystania z ksi\u0105\u017cki.<\/p>\n<h3>Jaka nowo\u015b\u0107 kryminalna w Legimi zas\u0142uguje na szczeg\u00f3ln\u0105 uwag\u0119?<\/h3>\n<p>W\u015br\u00f3d najg\u0142o\u015bniejszych premier znajduj\u0105 si\u0119 \u201eTw\u00f3rca\u201d, \u201eJej ch\u0142opak\u201d oraz \u201eNie ratuj mnie\u201d.<\/p>\n<h3>Co warto przeczyta\u0107 w Legimi latem 2026?<\/h3>\n<p>W zale\u017cno\u015bci od preferencji \u015bwietnym wyborem b\u0119d\u0105 zar\u00f3wno wakacyjne romanse, jak i krymina\u0142y, literatura pi\u0119kna czy s\u0142owia\u0144ska fantastyka.<\/p>\n<h3>Jak mog\u0119 skorzysta\u0107 z Katalogu Klubowego?<\/h3>\n<p>Katalog Legimi to g\u0142\u00f3wna biblioteka serwisu, obejmuj\u0105ca ponad 240 tysi\u0119cy ebook\u00f3w, audiobook\u00f3w i synchrobook\u00f3w. Katalog Klubowy to specjalna sekcja z ksi\u0105\u017ckami dost\u0119pnymi za dodatkow\u0105 op\u0142at\u0105, kt\u00f3re nie s\u0105 obj\u0119te standardowym abonamentem. Ksi\u0105\u017cki z Katalogu Klubowego nie wchodz\u0105 do abonamentu i wymagaj\u0105 dop\u0142aty. Katalog klubowy to ksi\u0105\u017cki oznaczone na kartach produktu jako \u201edost\u0119pne w abonamencie za dop\u0142at\u0105\u201d, czyli z kupowanym dost\u0119pem do danego tytu\u0142u. Ze wzgl\u0119d\u00f3w licencyjnych pozycje z Katalogu Klubowego nie mog\u0105 by\u0107 udost\u0119pnione w ramach op\u0142aty abonamentowej. Publikacje te s\u0105 widoczne w katalogu aplikacji mobilnej, mo\u017cemy je r\u00f3wnie\u017c wyszuka\u0107 w katalogu na stronie. Zakup mo\u017cna zrealizowa\u0107 tylko przez stron\u0119 internetow\u0105. Obecnie w aplikacji mobilnej zakup nie jest mo\u017cliwy. Po wykupieniu dost\u0119pu dany tytu\u0142 l\u0105duje na wirtualnej p\u00f3\u0142ce i mo\u017cemy czyta\u0107 go w aplikacji mobilnej &#8211; na telefonach, tabletach oraz certyfikowanych czytnikach. Ksi\u0105\u017cki z Katalogu Klubowego nie odliczaj\u0105 stron od limitu pakietu.<\/p>\n","protected":false},"excerpt":{"rendered":"<p>Szukasz inspiracji czytelniczych na najbli\u017csze tygodnie? W lipcu 2026 do katalogu Legimi trafi\u0142o wiele interesuj\u0105cych premier, w\u015br\u00f3d kt\u00f3rych nie zabrak\u0142o mrocznych krymina\u0142\u00f3w, poruszaj\u0105cej literatury pi\u0119knej, wci\u0105gaj\u0105cych romans\u00f3w, epickiej fantastyki, warto\u015bciowych reporta\u017cy oraz ksi\u0105\u017cek dla m\u0142odzie\u017cy i dzieci. To zestawienie przygotowali\u015bmy z my\u015bl\u0105 o wszystkich u\u017cytkownikach Legimi oraz osobach szukaj\u0105cych rekomendacji czytelniczych na lato. Poni\u017cej znajdziesz [&hellip;]<\/p>\n","protected":false},"author":61,"featured_media":5829,"comment_status":"closed","ping_status":"closed","sticky":false,"template":"","format":"standard","meta":{"footnotes":""},"categories":[4261,121],"tags":[5314],"class_list":["post-5818","post","type-post","status-publish","format-standard","has-post-thumbnail","hentry","category-artykuly","category-nowosci","tag-regularny-przeglad-polki"],"yoast_head":"<!-- This site is optimized with the Yoast SEO plugin v28.4 - https:\/\/yoast.com\/product\/yoast-seo-wordpress\/ -->\n<title>Lipcowe nowo\u015bci, czyli Regularny Przegl\u0105d P\u00f3\u0142ki - Legimi - blog<\/title>\n<meta name=\"description\" content=\"Odkryj najciekawsze nowo\u015bci Legimi z lipca 2026. Krymina\u0142y, romanse, fantastyka, reporta\u017ce i literatura pi\u0119kna w jednym zestawieniu\" \/>\n<meta name=\"robots\" content=\"index, follow, max-snippet:-1, max-image-preview:large, max-video-preview:-1\" \/>\n<link rel=\"canonical\" href=\"https:\/\/www.legimi.pl\/blog\/2026\/08\/lipcowe-nowosci-czyli-regularny-przeglad-polki\/\" \/>\n<meta property=\"og:locale\" content=\"pl_PL\" \/>\n<meta property=\"og:type\" content=\"article\" \/>\n<meta property=\"og:title\" content=\"Lipcowe nowo\u015bci, czyli Regularny Przegl\u0105d P\u00f3\u0142ki - Legimi - blog\" \/>\n<meta property=\"og:description\" content=\"Odkryj najciekawsze nowo\u015bci Legimi z lipca 2026. Krymina\u0142y, romanse, fantastyka, reporta\u017ce i literatura pi\u0119kna w jednym zestawieniu\" \/>\n<meta property=\"og:url\" content=\"https:\/\/www.legimi.pl\/blog\/2026\/08\/lipcowe-nowosci-czyli-regularny-przeglad-polki\/\" \/>\n<meta property=\"og:site_name\" content=\"Legimi - blog\" \/>\n<meta property=\"article:published_time\" content=\"2026-08-06T08:00:59+00:00\" \/>\n<meta property=\"article:modified_time\" content=\"2026-09-04T07:32:44+00:00\" \/>\n<meta property=\"og:image\" content=\"https:\/\/blog.legimi.pl\/wp-content\/uploads\/2026\/09\/Nowosci-w-legimi-2026-lipiec-RPP.png\" \/>\n\t<meta property=\"og:image:width\" content=\"1080\" \/>\n\t<meta property=\"og:image:height\" content=\"675\" \/>\n\t<meta property=\"og:image:type\" content=\"image\/png\" \/>\n<meta name=\"author\" content=\"Agnieszka B\u0142aszczyk\" \/>\n<meta name=\"twitter:card\" content=\"summary_large_image\" \/>\n<meta name=\"twitter:label1\" content=\"Napisane przez\" \/>\n\t<meta name=\"twitter:data1\" content=\"Agnieszka B\u0142aszczyk\" \/>\n\t<meta name=\"twitter:label2\" content=\"Szacowany czas czytania\" \/>\n\t<meta name=\"twitter:data2\" content=\"48 minut\" \/>\n<script type=\"application\/ld+json\" class=\"yoast-schema-graph\">{\"@context\":\"https:\\\/\\\/schema.org\",\"@graph\":[{\"@type\":\"Article\",\"@id\":\"https:\\\/\\\/www.legimi.pl\\\/blog\\\/2026\\\/08\\\/lipcowe-nowosci-czyli-regularny-przeglad-polki\\\/#article\",\"isPartOf\":{\"@id\":\"https:\\\/\\\/www.legimi.pl\\\/blog\\\/2026\\\/08\\\/lipcowe-nowosci-czyli-regularny-przeglad-polki\\\/\"},\"author\":{\"name\":\"Agnieszka B\u0142aszczyk\",\"@id\":\"https:\\\/\\\/www.legimi.pl\\\/blog\\\/#\\\/schema\\\/person\\\/ebd2705e460590d5460b6da515b4f18d\"},\"headline\":\"Lipcowe nowo\u015bci, czyli Regularny Przegl\u0105d P\u00f3\u0142ki\",\"datePublished\":\"2026-08-06T08:00:59+00:00\",\"dateModified\":\"2026-09-04T07:32:44+00:00\",\"mainEntityOfPage\":{\"@id\":\"https:\\\/\\\/www.legimi.pl\\\/blog\\\/2026\\\/08\\\/lipcowe-nowosci-czyli-regularny-przeglad-polki\\\/\"},\"wordCount\":9623,\"image\":{\"@id\":\"https:\\\/\\\/www.legimi.pl\\\/blog\\\/2026\\\/08\\\/lipcowe-nowosci-czyli-regularny-przeglad-polki\\\/#primaryimage\"},\"thumbnailUrl\":\"https:\\\/\\\/blog.legimi.pl\\\/wp-content\\\/uploads\\\/2026\\\/09\\\/Nowosci-w-legimi-2026-lipiec-RPP.png\",\"keywords\":[\"Regularny Przegl\u0105d P\u00f3\u0142ki\"],\"articleSection\":[\"Artyku\u0142y\",\"Nowo\u015bci\"],\"inLanguage\":\"pl-PL\"},{\"@type\":\"WebPage\",\"@id\":\"https:\\\/\\\/www.legimi.pl\\\/blog\\\/2026\\\/08\\\/lipcowe-nowosci-czyli-regularny-przeglad-polki\\\/\",\"url\":\"https:\\\/\\\/www.legimi.pl\\\/blog\\\/2026\\\/08\\\/lipcowe-nowosci-czyli-regularny-przeglad-polki\\\/\",\"name\":\"Lipcowe nowo\u015bci, czyli Regularny Przegl\u0105d P\u00f3\u0142ki - Legimi - blog\",\"isPartOf\":{\"@id\":\"https:\\\/\\\/www.legimi.pl\\\/blog\\\/#website\"},\"primaryImageOfPage\":{\"@id\":\"https:\\\/\\\/www.legimi.pl\\\/blog\\\/2026\\\/08\\\/lipcowe-nowosci-czyli-regularny-przeglad-polki\\\/#primaryimage\"},\"image\":{\"@id\":\"https:\\\/\\\/www.legimi.pl\\\/blog\\\/2026\\\/08\\\/lipcowe-nowosci-czyli-regularny-przeglad-polki\\\/#primaryimage\"},\"thumbnailUrl\":\"https:\\\/\\\/blog.legimi.pl\\\/wp-content\\\/uploads\\\/2026\\\/09\\\/Nowosci-w-legimi-2026-lipiec-RPP.png\",\"datePublished\":\"2026-08-06T08:00:59+00:00\",\"dateModified\":\"2026-09-04T07:32:44+00:00\",\"author\":{\"@id\":\"https:\\\/\\\/www.legimi.pl\\\/blog\\\/#\\\/schema\\\/person\\\/ebd2705e460590d5460b6da515b4f18d\"},\"description\":\"Odkryj najciekawsze nowo\u015bci Legimi z lipca 2026. Krymina\u0142y, romanse, fantastyka, reporta\u017ce i literatura pi\u0119kna w jednym zestawieniu\",\"breadcrumb\":{\"@id\":\"https:\\\/\\\/www.legimi.pl\\\/blog\\\/2026\\\/08\\\/lipcowe-nowosci-czyli-regularny-przeglad-polki\\\/#breadcrumb\"},\"inLanguage\":\"pl-PL\",\"potentialAction\":[{\"@type\":\"ReadAction\",\"target\":[\"https:\\\/\\\/www.legimi.pl\\\/blog\\\/2026\\\/08\\\/lipcowe-nowosci-czyli-regularny-przeglad-polki\\\/\"]}]},{\"@type\":\"ImageObject\",\"inLanguage\":\"pl-PL\",\"@id\":\"https:\\\/\\\/www.legimi.pl\\\/blog\\\/2026\\\/08\\\/lipcowe-nowosci-czyli-regularny-przeglad-polki\\\/#primaryimage\",\"url\":\"https:\\\/\\\/blog.legimi.pl\\\/wp-content\\\/uploads\\\/2026\\\/09\\\/Nowosci-w-legimi-2026-lipiec-RPP.png\",\"contentUrl\":\"https:\\\/\\\/blog.legimi.pl\\\/wp-content\\\/uploads\\\/2026\\\/09\\\/Nowosci-w-legimi-2026-lipiec-RPP.png\",\"width\":1080,\"height\":675},{\"@type\":\"BreadcrumbList\",\"@id\":\"https:\\\/\\\/www.legimi.pl\\\/blog\\\/2026\\\/08\\\/lipcowe-nowosci-czyli-regularny-przeglad-polki\\\/#breadcrumb\",\"itemListElement\":[{\"@type\":\"ListItem\",\"position\":1,\"name\":\"Home\",\"item\":\"https:\\\/\\\/www.legimi.pl\\\/blog\\\/\"},{\"@type\":\"ListItem\",\"position\":2,\"name\":\"Lipcowe nowo\u015bci, czyli Regularny Przegl\u0105d P\u00f3\u0142ki\"}]},{\"@type\":\"WebSite\",\"@id\":\"https:\\\/\\\/www.legimi.pl\\\/blog\\\/#website\",\"url\":\"https:\\\/\\\/www.legimi.pl\\\/blog\\\/\",\"name\":\"Legimi - blog\",\"description\":\"\",\"potentialAction\":[{\"@type\":\"SearchAction\",\"target\":{\"@type\":\"EntryPoint\",\"urlTemplate\":\"https:\\\/\\\/www.legimi.pl\\\/blog\\\/?s={search_term_string}\"},\"query-input\":{\"@type\":\"PropertyValueSpecification\",\"valueRequired\":true,\"valueName\":\"search_term_string\"}}],\"inLanguage\":\"pl-PL\"},{\"@type\":\"Person\",\"@id\":\"https:\\\/\\\/www.legimi.pl\\\/blog\\\/#\\\/schema\\\/person\\\/ebd2705e460590d5460b6da515b4f18d\",\"name\":\"Agnieszka B\u0142aszczyk\",\"image\":{\"@type\":\"ImageObject\",\"inLanguage\":\"pl-PL\",\"@id\":\"https:\\\/\\\/secure.gravatar.com\\\/avatar\\\/a09ea5f61d6193acf6fd5ce987bcf152cb3cc5d46ea8734f0665f65fc600bba0?s=96&d=mm&r=g\",\"url\":\"https:\\\/\\\/secure.gravatar.com\\\/avatar\\\/a09ea5f61d6193acf6fd5ce987bcf152cb3cc5d46ea8734f0665f65fc600bba0?s=96&d=mm&r=g\",\"contentUrl\":\"https:\\\/\\\/secure.gravatar.com\\\/avatar\\\/a09ea5f61d6193acf6fd5ce987bcf152cb3cc5d46ea8734f0665f65fc600bba0?s=96&d=mm&r=g\",\"caption\":\"Agnieszka B\u0142aszczyk\"},\"url\":\"https:\\\/\\\/www.legimi.pl\\\/blog\\\/author\\\/agnieszka-blaszczyk\\\/\"}]}<\/script>\n<!-- \/ Yoast SEO plugin. -->","yoast_head_json":{"title":"Lipcowe nowo\u015bci, czyli Regularny Przegl\u0105d P\u00f3\u0142ki - Legimi - blog","description":"Odkryj najciekawsze nowo\u015bci Legimi z lipca 2026. Krymina\u0142y, romanse, fantastyka, reporta\u017ce i literatura pi\u0119kna w jednym zestawieniu","robots":{"index":"index","follow":"follow","max-snippet":"max-snippet:-1","max-image-preview":"max-image-preview:large","max-video-preview":"max-video-preview:-1"},"canonical":"https:\/\/www.legimi.pl\/blog\/2026\/08\/lipcowe-nowosci-czyli-regularny-przeglad-polki\/","og_locale":"pl_PL","og_type":"article","og_title":"Lipcowe nowo\u015bci, czyli Regularny Przegl\u0105d P\u00f3\u0142ki - Legimi - blog","og_description":"Odkryj najciekawsze nowo\u015bci Legimi z lipca 2026. Krymina\u0142y, romanse, fantastyka, reporta\u017ce i literatura pi\u0119kna w jednym zestawieniu","og_url":"https:\/\/www.legimi.pl\/blog\/2026\/08\/lipcowe-nowosci-czyli-regularny-przeglad-polki\/","og_site_name":"Legimi - blog","article_published_time":"2026-08-06T08:00:59+00:00","article_modified_time":"2026-09-04T07:32:44+00:00","og_image":[{"width":1080,"height":675,"url":"https:\/\/blog.legimi.pl\/wp-content\/uploads\/2026\/09\/Nowosci-w-legimi-2026-lipiec-RPP.png","type":"image\/png"}],"author":"Agnieszka B\u0142aszczyk","twitter_card":"summary_large_image","twitter_misc":{"Napisane przez":"Agnieszka B\u0142aszczyk","Szacowany czas czytania":"48 minut"},"schema":{"@context":"https:\/\/schema.org","@graph":[{"@type":"Article","@id":"https:\/\/www.legimi.pl\/blog\/2026\/08\/lipcowe-nowosci-czyli-regularny-przeglad-polki\/#article","isPartOf":{"@id":"https:\/\/www.legimi.pl\/blog\/2026\/08\/lipcowe-nowosci-czyli-regularny-przeglad-polki\/"},"author":{"name":"Agnieszka B\u0142aszczyk","@id":"https:\/\/www.legimi.pl\/blog\/#\/schema\/person\/ebd2705e460590d5460b6da515b4f18d"},"headline":"Lipcowe nowo\u015bci, czyli Regularny Przegl\u0105d P\u00f3\u0142ki","datePublished":"2026-08-06T08:00:59+00:00","dateModified":"2026-09-04T07:32:44+00:00","mainEntityOfPage":{"@id":"https:\/\/www.legimi.pl\/blog\/2026\/08\/lipcowe-nowosci-czyli-regularny-przeglad-polki\/"},"wordCount":9623,"image":{"@id":"https:\/\/www.legimi.pl\/blog\/2026\/08\/lipcowe-nowosci-czyli-regularny-przeglad-polki\/#primaryimage"},"thumbnailUrl":"https:\/\/blog.legimi.pl\/wp-content\/uploads\/2026\/09\/Nowosci-w-legimi-2026-lipiec-RPP.png","keywords":["Regularny Przegl\u0105d P\u00f3\u0142ki"],"articleSection":["Artyku\u0142y","Nowo\u015bci"],"inLanguage":"pl-PL"},{"@type":"WebPage","@id":"https:\/\/www.legimi.pl\/blog\/2026\/08\/lipcowe-nowosci-czyli-regularny-przeglad-polki\/","url":"https:\/\/www.legimi.pl\/blog\/2026\/08\/lipcowe-nowosci-czyli-regularny-przeglad-polki\/","name":"Lipcowe nowo\u015bci, czyli Regularny Przegl\u0105d P\u00f3\u0142ki - Legimi - blog","isPartOf":{"@id":"https:\/\/www.legimi.pl\/blog\/#website"},"primaryImageOfPage":{"@id":"https:\/\/www.legimi.pl\/blog\/2026\/08\/lipcowe-nowosci-czyli-regularny-przeglad-polki\/#primaryimage"},"image":{"@id":"https:\/\/www.legimi.pl\/blog\/2026\/08\/lipcowe-nowosci-czyli-regularny-przeglad-polki\/#primaryimage"},"thumbnailUrl":"https:\/\/blog.legimi.pl\/wp-content\/uploads\/2026\/09\/Nowosci-w-legimi-2026-lipiec-RPP.png","datePublished":"2026-08-06T08:00:59+00:00","dateModified":"2026-09-04T07:32:44+00:00","author":{"@id":"https:\/\/www.legimi.pl\/blog\/#\/schema\/person\/ebd2705e460590d5460b6da515b4f18d"},"description":"Odkryj najciekawsze nowo\u015bci Legimi z lipca 2026. Krymina\u0142y, romanse, fantastyka, reporta\u017ce i literatura pi\u0119kna w jednym zestawieniu","breadcrumb":{"@id":"https:\/\/www.legimi.pl\/blog\/2026\/08\/lipcowe-nowosci-czyli-regularny-przeglad-polki\/#breadcrumb"},"inLanguage":"pl-PL","potentialAction":[{"@type":"ReadAction","target":["https:\/\/www.legimi.pl\/blog\/2026\/08\/lipcowe-nowosci-czyli-regularny-przeglad-polki\/"]}]},{"@type":"ImageObject","inLanguage":"pl-PL","@id":"https:\/\/www.legimi.pl\/blog\/2026\/08\/lipcowe-nowosci-czyli-regularny-przeglad-polki\/#primaryimage","url":"https:\/\/blog.legimi.pl\/wp-content\/uploads\/2026\/09\/Nowosci-w-legimi-2026-lipiec-RPP.png","contentUrl":"https:\/\/blog.legimi.pl\/wp-content\/uploads\/2026\/09\/Nowosci-w-legimi-2026-lipiec-RPP.png","width":1080,"height":675},{"@type":"BreadcrumbList","@id":"https:\/\/www.legimi.pl\/blog\/2026\/08\/lipcowe-nowosci-czyli-regularny-przeglad-polki\/#breadcrumb","itemListElement":[{"@type":"ListItem","position":1,"name":"Home","item":"https:\/\/www.legimi.pl\/blog\/"},{"@type":"ListItem","position":2,"name":"Lipcowe nowo\u015bci, czyli Regularny Przegl\u0105d P\u00f3\u0142ki"}]},{"@type":"WebSite","@id":"https:\/\/www.legimi.pl\/blog\/#website","url":"https:\/\/www.legimi.pl\/blog\/","name":"Legimi - blog","description":"","potentialAction":[{"@type":"SearchAction","target":{"@type":"EntryPoint","urlTemplate":"https:\/\/www.legimi.pl\/blog\/?s={search_term_string}"},"query-input":{"@type":"PropertyValueSpecification","valueRequired":true,"valueName":"search_term_string"}}],"inLanguage":"pl-PL"},{"@type":"Person","@id":"https:\/\/www.legimi.pl\/blog\/#\/schema\/person\/ebd2705e460590d5460b6da515b4f18d","name":"Agnieszka B\u0142aszczyk","image":{"@type":"ImageObject","inLanguage":"pl-PL","@id":"https:\/\/secure.gravatar.com\/avatar\/a09ea5f61d6193acf6fd5ce987bcf152cb3cc5d46ea8734f0665f65fc600bba0?s=96&d=mm&r=g","url":"https:\/\/secure.gravatar.com\/avatar\/a09ea5f61d6193acf6fd5ce987bcf152cb3cc5d46ea8734f0665f65fc600bba0?s=96&d=mm&r=g","contentUrl":"https:\/\/secure.gravatar.com\/avatar\/a09ea5f61d6193acf6fd5ce987bcf152cb3cc5d46ea8734f0665f65fc600bba0?s=96&d=mm&r=g","caption":"Agnieszka B\u0142aszczyk"},"url":"https:\/\/www.legimi.pl\/blog\/author\/agnieszka-blaszczyk\/"}]}},"_links":{"self":[{"href":"https:\/\/www.legimi.pl\/blog\/wp-json\/wp\/v2\/posts\/5818","targetHints":{"allow":["GET"]}}],"collection":[{"href":"https:\/\/www.legimi.pl\/blog\/wp-json\/wp\/v2\/posts"}],"about":[{"href":"https:\/\/www.legimi.pl\/blog\/wp-json\/wp\/v2\/types\/post"}],"author":[{"embeddable":true,"href":"https:\/\/www.legimi.pl\/blog\/wp-json\/wp\/v2\/users\/61"}],"replies":[{"embeddable":true,"href":"https:\/\/www.legimi.pl\/blog\/wp-json\/wp\/v2\/comments?post=5818"}],"version-history":[{"count":1,"href":"https:\/\/www.legimi.pl\/blog\/wp-json\/wp\/v2\/posts\/5818\/revisions"}],"predecessor-version":[{"id":5830,"href":"https:\/\/www.legimi.pl\/blog\/wp-json\/wp\/v2\/posts\/5818\/revisions\/5830"}],"wp:featuredmedia":[{"embeddable":true,"href":"https:\/\/www.legimi.pl\/blog\/wp-json\/wp\/v2\/media\/5829"}],"wp:attachment":[{"href":"https:\/\/www.legimi.pl\/blog\/wp-json\/wp\/v2\/media?parent=5818"}],"wp:term":[{"taxonomy":"category","embeddable":true,"href":"https:\/\/www.legimi.pl\/blog\/wp-json\/wp\/v2\/categories?post=5818"},{"taxonomy":"post_tag","embeddable":true,"href":"https:\/\/www.legimi.pl\/blog\/wp-json\/wp\/v2\/tags?post=5818"}],"curies":[{"name":"wp","href":"https:\/\/api.w.org\/{rel}","templated":true}]}}