{"id":5541,"date":"2026-04-20T18:20:36","date_gmt":"2026-04-20T16:20:36","guid":{"rendered":"https:\/\/www.legimi.pl\/blog\/?p=5541"},"modified":"2026-04-30T14:34:13","modified_gmt":"2026-04-30T12:34:13","slug":"wydawca-miesiaca-w-legimi-wydawnictwo-rm","status":"publish","type":"post","link":"https:\/\/www.legimi.pl\/blog\/2026\/04\/wydawca-miesiaca-w-legimi-wydawnictwo-rm\/","title":{"rendered":"Wydawca miesi\u0105ca w Legimi &#8211; Wydawnictwo RM"},"content":{"rendered":"<h2 data-pm-slice=\"1 1 []\"><a href=\"https:\/\/www.legimi.pl\/ebooki\/odkryj-swiat-bez-fikcji-wydawnictwo-rm-wydawca-miesiaca,c7913\/\"><img loading=\"lazy\" decoding=\"async\" class=\"aligncenter wp-image-5552 size-full\" src=\"https:\/\/blog.legimi.pl\/wp-content\/uploads\/2026\/04\/kryminaly-1.png\" alt=\"\" width=\"1700\" height=\"455\" srcset=\"https:\/\/blog.legimi.pl\/wp-content\/uploads\/2026\/04\/kryminaly-1.png 1700w, https:\/\/blog.legimi.pl\/wp-content\/uploads\/2026\/04\/kryminaly-1-300x80.png 300w, https:\/\/blog.legimi.pl\/wp-content\/uploads\/2026\/04\/kryminaly-1-1024x274.png 1024w, https:\/\/blog.legimi.pl\/wp-content\/uploads\/2026\/04\/kryminaly-1-768x206.png 768w, https:\/\/blog.legimi.pl\/wp-content\/uploads\/2026\/04\/kryminaly-1-1536x411.png 1536w\" sizes=\"auto, (max-width: 1700px) 100vw, 1700px\" \/><\/a><\/h2>\n<h2 data-pm-slice=\"1 1 []\">Odkryj \u015bwiat bez fikcji! W cyklu Wydawca Miesi\u0105ca przedstawiamy Wydawnictwo RM, specjalizuj\u0105ce si\u0119 w wydawaniu poradnik\u00f3w, literatury non-fiction i ksi\u0105\u017cek historycznych.<\/h2>\n<p>W tym roku wydawnictwo RM obchodzi 30. rocznic\u0119 powstania. Oficyna zosta\u0142a za\u0142o\u017cona w 1996 r. w Warszawie i pocz\u0105tkowo specjalizowa\u0142a si\u0119 w publikacjach dotycz\u0105cych program\u00f3w komputerowych.<\/p>\n<p>Funkcj\u0119 prezesa Wydawnictwa pe\u0142ni obecnie (od 2004 r.) Piotr Kiery\u0142, kt\u00f3ry jest zwi\u0105zany z RM od pocz\u0105tku jego istnienia.<\/p>\n<h2>Sk\u0105d nazwa RM?<\/h2>\n<p>Co ukrywa si\u0119 pod skr\u00f3tem RM? To pozosta\u0142o\u015b\u0107 po Oficynie Read Me, z kt\u00f3rej wyodr\u0119bni\u0142o si\u0119 Wydawnictwo RM. Oficyna Read Me zajmowa\u0142a si\u0119 wydawaniem publikacji dotycz\u0105cych oprogramowania komputerowego, a jego nazw\u0105 pochodzi od nazwy folderu, w kt\u00f3rym zamieszczane sa instrukcje obs\u0142ugi program\u00f3w komputerowych.<\/p>\n<h2>Jakie ksi\u0105\u017cki wydaje RM?<\/h2>\n<p>Dzi\u015b w jego ofercie znajduj\u0105 si\u0119:<\/p>\n<ul>\n<li>poradniki dotycz\u0105cych r\u00f3\u017cnych obszar\u00f3w \u017cycia (rozwojowe, psychologiczne, ksi\u0105\u017cki kucharskie),<\/li>\n<li>reporta\u017ce<\/li>\n<li>ksi\u0105\u017cki popularno-naukowe<\/li>\n<li>ksi\u0105\u017cki historyczne.<\/li>\n<\/ul>\n<h2>Zmiana profilu wydawniczego<\/h2>\n<p>Pocz\u0105tkowo RM wydawa\u0142o poradniki komputerowe, jednak wraz z rozwojem technologii i coraz wi\u0119ksz\u0105 intuicyjno\u015bci\u0105 oprogramowania zapotrzebowanie na tego typu ksi\u0105\u017cki zanik\u0142o.<\/p>\n<p>Potem przez wiele lat wydawa\u0142o przewodniki turystyczne, odpowiadaj\u0105c na rosn\u0105ce zainteresowanie Polak\u00f3w podr\u00f3\u017cami zagranicznymi po wej\u015bciu do Unii Europejskiej. Z czasem jednak ich znaczenie w ofercie wydawnictwa os\u0142ab\u0142o, poniewa\u017c Internet przej\u0105\u0142 funkcj\u0119 podstawowego \u017ar\u00f3d\u0142a informacji podr\u00f3\u017cniczych.<\/p>\n<p>W odpowiedzi wydawnictwo przestawi\u0142o si\u0119 na:<\/p>\n<ul>\n<li>poradniki og\u00f3lne (np. kulinarne, dietetyczne, psychologiczne, rozwojowe),<\/li>\n<li>ksi\u0105\u017cki historyczne, (w katalogu Wydawnictwa RM znajdziemy tytu\u0142y zar\u00f3wno dla czytelnik\u00f3w, kt\u00f3rzy s\u0105 pocz\u0105tkuj\u0105cymi pasjonatami historii, jak i publikacje adresowane do os\u00f3b szukaj\u0105cych szczeg\u00f3\u0142owych informacji dotycz\u0105cych konkretnego tematu)<\/li>\n<li>publikacje popularnonaukowe i humanistyczne<\/li>\n<li>reporta\u017ce<\/li>\n<\/ul>\n<p>Wa\u017cn\u0105 cz\u0119\u015bci\u0105 oferty jest seria \u201eKr\u00f3tka historia\u201d \u2013 przyst\u0119pne wprowadzenia do zagadnie\u0144 takich jak filozofia, ekonomia czy r\u00f3\u017cne zjawiska spo\u0142eczne i naukowe.<\/p>\n<h2>Seria szachowa<\/h2>\n<p>Wydawnictwo RM jest jednym z najwi\u0119kszych w Polsce wydawc\u00f3w podr\u0119cznik\u00f3w szachowych, a to za spraw\u0105 jednego ze wsp\u00f3\u0142w\u0142a\u015bcicieli, kt\u00f3ry jest pasjonatem kr\u00f3lewskiej gry i swoje zainteresowanie przeni\u00f3s\u0142 na ofert\u0119 oficyny. Najwi\u0119ksz\u0105 popularno\u015bci\u0105 podr\u0119czniki szachowe cieszy\u0142y si\u0119 po premierze serialu Gambit kr\u00f3lowej.<\/p>\n<h2>TOP 5 ksi\u0105\u017cek Wydawnictwa RM<\/h2>\n<p>Je\u015bli zainteresowa\u0142 Was profil Wydawnictwa RM chcieliby\u015bcie przeczyta\u0107 co\u015b z jego oferty, ale nie wiecie, od czego zacz\u0105\u0107, skorzystajcie z naszych podpowiedzi. Oto 5 ksi\u0105\u017cek wydawnictwa RM, kt\u00f3re szczeg\u00f3lnie polecamy.<\/p>\n<p><img loading=\"lazy\" decoding=\"async\" class=\"aligncenter size-full wp-image-5544\" src=\"https:\/\/blog.legimi.pl\/wp-content\/uploads\/2026\/04\/1-dowody.png\" alt=\"\" width=\"1700\" height=\"455\" srcset=\"https:\/\/blog.legimi.pl\/wp-content\/uploads\/2026\/04\/1-dowody.png 1700w, https:\/\/blog.legimi.pl\/wp-content\/uploads\/2026\/04\/1-dowody-300x80.png 300w, https:\/\/blog.legimi.pl\/wp-content\/uploads\/2026\/04\/1-dowody-1024x274.png 1024w, https:\/\/blog.legimi.pl\/wp-content\/uploads\/2026\/04\/1-dowody-768x206.png 768w, https:\/\/blog.legimi.pl\/wp-content\/uploads\/2026\/04\/1-dowody-1536x411.png 1536w\" sizes=\"auto, (max-width: 1700px) 100vw, 1700px\" \/><\/p>\n<p><a href=\"https:\/\/www.legimi.pl\/ebook-epidemie-krotka-historia-anna-trojanowska,b1156541.html\">Epidemie. Kr\u00f3tka historia<\/a> to przyst\u0119pna i fascynuj\u0105ca opowie\u015b\u0107 o chorobach, kt\u00f3re przez wieki budzi\u0142y strach i zmienia\u0142y bieg dziej\u00f3w \u2013 od d\u017cumy i cholery po osp\u0119 i tajemnicze gor\u0105czki krwotoczne. Autorka przedstawia nie tylko medyczne wyja\u015bnienia epidemii, ale tak\u017ce mity, wierzenia i teorie spiskowe, kt\u00f3re wok\u00f3\u0142 nich narasta\u0142y. Pisze tak\u017ce o spo\u0142ecznych konsekwencjach pandemii..<\/p>\n<h3><img loading=\"lazy\" decoding=\"async\" class=\"aligncenter size-full wp-image-5547\" src=\"https:\/\/blog.legimi.pl\/wp-content\/uploads\/2026\/04\/2-dowody.png\" alt=\"\" width=\"1699\" height=\"455\" srcset=\"https:\/\/blog.legimi.pl\/wp-content\/uploads\/2026\/04\/2-dowody.png 1699w, https:\/\/blog.legimi.pl\/wp-content\/uploads\/2026\/04\/2-dowody-300x80.png 300w, https:\/\/blog.legimi.pl\/wp-content\/uploads\/2026\/04\/2-dowody-1024x274.png 1024w, https:\/\/blog.legimi.pl\/wp-content\/uploads\/2026\/04\/2-dowody-768x206.png 768w, https:\/\/blog.legimi.pl\/wp-content\/uploads\/2026\/04\/2-dowody-1536x411.png 1536w\" sizes=\"auto, (max-width: 1699px) 100vw, 1699px\" \/><\/h3>\n<p>Chcesz wyst\u0119powa\u0107 przed kamer\u0105 lub zosta\u0107 influencerem? Poznaj tajniki skutecznych wyst\u0105pie\u0144 publicznych dzi\u0119ki <a href=\"https:\/\/www.legimi.pl\/ebook-wystapienia-bez-stresu-jak-dobrze-wypasc-na-zywo-w-mediach-i-internecie-maciej-orlos,b1411988.html\">ksi\u0105\u017cce Macieja Or\u0142osia<\/a>\u2013 do\u015bwiadczonego dziennikarza i uznanego eksperta w dziedzinie komunikacji. Autor w przyst\u0119pny i praktyczny spos\u00f3b pokazuje, jak wyst\u0119powa\u0107 na \u017cywo i przed kamer\u0105, prowadzi\u0107 prezentacje oraz budowa\u0107 zainteresowanie i zaanga\u017cowanie odbiorc\u00f3w \u2013 w pracy, internecie i na konferencjach.<\/p>\n<h3><img loading=\"lazy\" decoding=\"async\" class=\"aligncenter size-full wp-image-5548\" src=\"https:\/\/blog.legimi.pl\/wp-content\/uploads\/2026\/04\/3-dowody.png\" alt=\"\" width=\"1700\" height=\"455\" srcset=\"https:\/\/blog.legimi.pl\/wp-content\/uploads\/2026\/04\/3-dowody.png 1700w, https:\/\/blog.legimi.pl\/wp-content\/uploads\/2026\/04\/3-dowody-300x80.png 300w, https:\/\/blog.legimi.pl\/wp-content\/uploads\/2026\/04\/3-dowody-1024x274.png 1024w, https:\/\/blog.legimi.pl\/wp-content\/uploads\/2026\/04\/3-dowody-768x206.png 768w, https:\/\/blog.legimi.pl\/wp-content\/uploads\/2026\/04\/3-dowody-1536x411.png 1536w\" sizes=\"auto, (max-width: 1700px) 100vw, 1700px\" \/><\/h3>\n<p><a href=\"https:\/\/www.legimi.pl\/ebook-zaginieni-historie-ludzi-ktorzy-przepadli-bez-sladu-gronczewska-anna,b1282433.html\">Zaginieni<\/a> to lektura obowi\u0105zkowa dla czytelnik\u00f3w interesuj\u0105cych si\u0119 true crime. Reporta\u017c Anny Gronczewskiej opowiada o najbardziej zagadkowych zagini\u0119ciach w Polsce i dramatach rodzin, kt\u00f3re przez lata \u017cyj\u0105 w niepewno\u015bci i nadziei. Autorka \u0142\u0105czy prawdziwe historie z g\u0142osami ekspert\u00f3w, pokazuj\u0105c, jak bolesne i skomplikowane s\u0105 sprawy os\u00f3b zaginionych.<\/p>\n<h3><img loading=\"lazy\" decoding=\"async\" class=\"aligncenter size-full wp-image-5549\" src=\"https:\/\/blog.legimi.pl\/wp-content\/uploads\/2026\/04\/4-dowody.png\" alt=\"\" width=\"1699\" height=\"455\" srcset=\"https:\/\/blog.legimi.pl\/wp-content\/uploads\/2026\/04\/4-dowody.png 1699w, https:\/\/blog.legimi.pl\/wp-content\/uploads\/2026\/04\/4-dowody-300x80.png 300w, https:\/\/blog.legimi.pl\/wp-content\/uploads\/2026\/04\/4-dowody-1024x274.png 1024w, https:\/\/blog.legimi.pl\/wp-content\/uploads\/2026\/04\/4-dowody-768x206.png 768w, https:\/\/blog.legimi.pl\/wp-content\/uploads\/2026\/04\/4-dowody-1536x411.png 1536w\" sizes=\"auto, (max-width: 1699px) 100vw, 1699px\" \/><\/h3>\n<p><a href=\"https:\/\/www.legimi.pl\/ebook-ludowa-historia-kobiet-zbiorowy,b1115904.html\">Ludowa historia kobiet<\/a> to ksi\u0105\u017cka, kt\u00f3ra oddaje g\u0142os kobietom z ludu i pokazuje ich do\u015bwiadczenia w r\u00f3\u017cnych epokach \u2013 od \u015bredniowiecza po XIX wiek. Autorki poszczeg\u00f3lnych artyku\u0142\u00f3w opisuj\u0105 ich codzienne role, prac\u0119, migracje i formy spo\u0142ecznej obecno\u015bci, ods\u0142aniaj\u0105c w\u0105tki cz\u0119sto pomijane w tradycyjnej historiografii. To wa\u017cne uzupe\u0142nienie serii \u201eLudowa Historia Polski\u201d, przywracaj\u0105ce pami\u0119\u0107 o tych, kt\u00f3re wsp\u00f3\u0142tworzy\u0142y histori\u0119, pozostaj\u0105c na jej marginesach.<\/p>\n<h3><img loading=\"lazy\" decoding=\"async\" class=\"aligncenter size-full wp-image-5550\" src=\"https:\/\/blog.legimi.pl\/wp-content\/uploads\/2026\/04\/5-dowody.png\" alt=\"\" width=\"1700\" height=\"455\" srcset=\"https:\/\/blog.legimi.pl\/wp-content\/uploads\/2026\/04\/5-dowody.png 1700w, https:\/\/blog.legimi.pl\/wp-content\/uploads\/2026\/04\/5-dowody-300x80.png 300w, https:\/\/blog.legimi.pl\/wp-content\/uploads\/2026\/04\/5-dowody-1024x274.png 1024w, https:\/\/blog.legimi.pl\/wp-content\/uploads\/2026\/04\/5-dowody-768x206.png 768w, https:\/\/blog.legimi.pl\/wp-content\/uploads\/2026\/04\/5-dowody-1536x411.png 1536w\" sizes=\"auto, (max-width: 1700px) 100vw, 1700px\" \/><\/h3>\n<p>Kamil Go\u0142dowski w przyst\u0119pny spos\u00f3b opowiada o dawnych bogach, obrz\u0119dach, magach i codziennym rytmie \u017cycia S\u0142owian, \u0142\u0105cz\u0105c wiedz\u0119 historyczn\u0105 z j\u0119zykow\u0105 i kulturow\u0105. <a href=\"https:\/\/www.legimi.pl\/ebook-magiczny-swiat-slowian-goldowski-kamil,b1290529.html\">Magiczny \u015bwiat S\u0142owian<\/a> to zaproszenie do poznania wierze\u0144, mit\u00f3w i rytua\u0142\u00f3w, kt\u00f3re przez wieki kszta\u0142towa\u0142y wyobra\u017ani\u0119 naszych przodk\u00f3w i kt\u00f3rych \u015blady odnajdujemy tak\u017ce dzi\u015b.<\/p>\n<h2>Wydawnictwo RM od trzydziestu lat konsekwentnie buduje katalog oparty na rzetelnej wiedzy, odpowiadaj\u0105c na zmieniaj\u0105ce si\u0119 potrzeby czytelnik\u00f3w. \u0141\u0105cz\u0105c do\u015bwiadczenie z otwarto\u015bci\u0105 na nowe tematy i trendy, oferuje ksi\u0105\u017cki, kt\u00f3re pomagaj\u0105 lepiej zrozumie\u0107 \u015bwiat \u2013 bez fikcji, za to z pasj\u0105, kontekstem i wysok\u0105 jako\u015bci\u0105 merytoryczn\u0105.<\/h2>\n<p>Ksi\u0105\u017cki wydawnictwa RM znajdziecie w specjalnej <a href=\"https:\/\/www.legimi.pl\/ebooki\/odkryj-swiat-bez-fikcji-wydawnictwo-rm-wydawca-miesiaca,c7913\/\">kolekcji<\/a> w katalogu Legimi. Obejrzyj odcinek cyklu Wydawca Miesi\u0105ca o Wydawnictwie RM!<\/p>\n<p><iframe loading=\"lazy\" title=\"Odkryj \u015bwiat bez fikcji - Wydawnictwo RM wydawc\u0105 miesi\u0105ca \ud83d\udc9a\" width=\"500\" height=\"281\" src=\"https:\/\/www.youtube.com\/embed\/YaA8Ppt7WTw?feature=oembed\" frameborder=\"0\" allow=\"accelerometer; autoplay; clipboard-write; encrypted-media; gyroscope; picture-in-picture; web-share\" referrerpolicy=\"strict-origin-when-cross-origin\" allowfullscreen><\/iframe><\/p>\n","protected":false},"excerpt":{"rendered":"<p>Odkryj \u015bwiat bez fikcji! W cyklu Wydawca Miesi\u0105ca przedstawiamy Wydawnictwo RM, specjalizuj\u0105ce si\u0119 w wydawaniu poradnik\u00f3w, literatury non-fiction i ksi\u0105\u017cek historycznych. W tym roku wydawnictwo RM obchodzi 30. rocznic\u0119 powstania. Oficyna zosta\u0142a za\u0142o\u017cona w 1996 r. w Warszawie i pocz\u0105tkowo specjalizowa\u0142a si\u0119 w publikacjach dotycz\u0105cych program\u00f3w komputerowych. Funkcj\u0119 prezesa Wydawnictwa pe\u0142ni obecnie (od 2004 r.) [&hellip;]<\/p>\n","protected":false},"author":61,"featured_media":5543,"comment_status":"closed","ping_status":"closed","sticky":false,"template":"","format":"standard","meta":{"footnotes":""},"categories":[4261,211],"tags":[5261,3651],"class_list":["post-5541","post","type-post","status-publish","format-standard","has-post-thumbnail","hentry","category-artykuly","category-wydawcy-2","tag-wydawca-miesiaca","tag-wydawnictwo-rm"],"yoast_head":"<!-- This site is optimized with the Yoast SEO plugin v27.4 - https:\/\/yoast.com\/product\/yoast-seo-wordpress\/ -->\n<title>Wydawnictwo RM wydawc\u0105 miesi\u0105ca - Legimi - blog<\/title>\n<meta name=\"description\" content=\"Wydawca Miesi\u0105ca w Legimi: Wydawnictwo RM. Poradniki, non\u2011fiction i ksi\u0105\u017cki historyczne - odkryj \u015bwiat bez fikcji.\" \/>\n<meta name=\"robots\" content=\"index, follow, max-snippet:-1, max-image-preview:large, max-video-preview:-1\" \/>\n<link rel=\"canonical\" href=\"https:\/\/www.legimi.pl\/blog\/2026\/04\/wydawca-miesiaca-w-legimi-wydawnictwo-rm\/\" \/>\n<meta property=\"og:locale\" content=\"pl_PL\" \/>\n<meta property=\"og:type\" content=\"article\" \/>\n<meta property=\"og:title\" content=\"Wydawnictwo RM wydawc\u0105 miesi\u0105ca - Legimi - blog\" \/>\n<meta property=\"og:description\" content=\"Wydawca Miesi\u0105ca w Legimi: Wydawnictwo RM. Poradniki, non\u2011fiction i ksi\u0105\u017cki historyczne - odkryj \u015bwiat bez fikcji.\" \/>\n<meta property=\"og:url\" content=\"https:\/\/www.legimi.pl\/blog\/2026\/04\/wydawca-miesiaca-w-legimi-wydawnictwo-rm\/\" \/>\n<meta property=\"og:site_name\" content=\"Legimi - blog\" \/>\n<meta property=\"article:published_time\" content=\"2026-04-20T16:20:36+00:00\" \/>\n<meta property=\"article:modified_time\" content=\"2026-04-30T12:34:13+00:00\" \/>\n<meta property=\"og:image\" content=\"https:\/\/blog.legimi.pl\/wp-content\/uploads\/2026\/04\/WM-kwiecien-2026.png\" \/>\n\t<meta property=\"og:image:width\" content=\"1080\" \/>\n\t<meta property=\"og:image:height\" content=\"675\" \/>\n\t<meta property=\"og:image:type\" content=\"image\/png\" \/>\n<meta name=\"author\" content=\"Agnieszka B\u0142aszczyk\" \/>\n<meta name=\"twitter:card\" content=\"summary_large_image\" \/>\n<meta name=\"twitter:label1\" content=\"Napisane przez\" \/>\n\t<meta name=\"twitter:data1\" content=\"Agnieszka B\u0142aszczyk\" \/>\n\t<meta name=\"twitter:label2\" content=\"Szacowany czas czytania\" \/>\n\t<meta name=\"twitter:data2\" content=\"6 minut\" \/>\n<script type=\"application\/ld+json\" class=\"yoast-schema-graph\">{\"@context\":\"https:\\\/\\\/schema.org\",\"@graph\":[{\"@type\":\"Article\",\"@id\":\"https:\\\/\\\/www.legimi.pl\\\/blog\\\/2026\\\/04\\\/wydawca-miesiaca-w-legimi-wydawnictwo-rm\\\/#article\",\"isPartOf\":{\"@id\":\"https:\\\/\\\/www.legimi.pl\\\/blog\\\/2026\\\/04\\\/wydawca-miesiaca-w-legimi-wydawnictwo-rm\\\/\"},\"author\":{\"name\":\"Agnieszka B\u0142aszczyk\",\"@id\":\"https:\\\/\\\/www.legimi.pl\\\/blog\\\/#\\\/schema\\\/person\\\/ebd2705e460590d5460b6da515b4f18d\"},\"headline\":\"Wydawca miesi\u0105ca w Legimi &#8211; Wydawnictwo RM\",\"datePublished\":\"2026-04-20T16:20:36+00:00\",\"dateModified\":\"2026-04-30T12:34:13+00:00\",\"mainEntityOfPage\":{\"@id\":\"https:\\\/\\\/www.legimi.pl\\\/blog\\\/2026\\\/04\\\/wydawca-miesiaca-w-legimi-wydawnictwo-rm\\\/\"},\"wordCount\":854,\"image\":{\"@id\":\"https:\\\/\\\/www.legimi.pl\\\/blog\\\/2026\\\/04\\\/wydawca-miesiaca-w-legimi-wydawnictwo-rm\\\/#primaryimage\"},\"thumbnailUrl\":\"https:\\\/\\\/blog.legimi.pl\\\/wp-content\\\/uploads\\\/2026\\\/04\\\/WM-kwiecien-2026.png\",\"keywords\":[\"Wydawca Miesi\u0105ca\",\"wydawnictwo RM\"],\"articleSection\":[\"Artyku\u0142y\",\"Wydawcy\"],\"inLanguage\":\"pl-PL\"},{\"@type\":\"WebPage\",\"@id\":\"https:\\\/\\\/www.legimi.pl\\\/blog\\\/2026\\\/04\\\/wydawca-miesiaca-w-legimi-wydawnictwo-rm\\\/\",\"url\":\"https:\\\/\\\/www.legimi.pl\\\/blog\\\/2026\\\/04\\\/wydawca-miesiaca-w-legimi-wydawnictwo-rm\\\/\",\"name\":\"Wydawnictwo RM wydawc\u0105 miesi\u0105ca - Legimi - blog\",\"isPartOf\":{\"@id\":\"https:\\\/\\\/www.legimi.pl\\\/blog\\\/#website\"},\"primaryImageOfPage\":{\"@id\":\"https:\\\/\\\/www.legimi.pl\\\/blog\\\/2026\\\/04\\\/wydawca-miesiaca-w-legimi-wydawnictwo-rm\\\/#primaryimage\"},\"image\":{\"@id\":\"https:\\\/\\\/www.legimi.pl\\\/blog\\\/2026\\\/04\\\/wydawca-miesiaca-w-legimi-wydawnictwo-rm\\\/#primaryimage\"},\"thumbnailUrl\":\"https:\\\/\\\/blog.legimi.pl\\\/wp-content\\\/uploads\\\/2026\\\/04\\\/WM-kwiecien-2026.png\",\"datePublished\":\"2026-04-20T16:20:36+00:00\",\"dateModified\":\"2026-04-30T12:34:13+00:00\",\"author\":{\"@id\":\"https:\\\/\\\/www.legimi.pl\\\/blog\\\/#\\\/schema\\\/person\\\/ebd2705e460590d5460b6da515b4f18d\"},\"description\":\"Wydawca Miesi\u0105ca w Legimi: Wydawnictwo RM. Poradniki, non\u2011fiction i ksi\u0105\u017cki historyczne - odkryj \u015bwiat bez fikcji.\",\"breadcrumb\":{\"@id\":\"https:\\\/\\\/www.legimi.pl\\\/blog\\\/2026\\\/04\\\/wydawca-miesiaca-w-legimi-wydawnictwo-rm\\\/#breadcrumb\"},\"inLanguage\":\"pl-PL\",\"potentialAction\":[{\"@type\":\"ReadAction\",\"target\":[\"https:\\\/\\\/www.legimi.pl\\\/blog\\\/2026\\\/04\\\/wydawca-miesiaca-w-legimi-wydawnictwo-rm\\\/\"]}]},{\"@type\":\"ImageObject\",\"inLanguage\":\"pl-PL\",\"@id\":\"https:\\\/\\\/www.legimi.pl\\\/blog\\\/2026\\\/04\\\/wydawca-miesiaca-w-legimi-wydawnictwo-rm\\\/#primaryimage\",\"url\":\"https:\\\/\\\/blog.legimi.pl\\\/wp-content\\\/uploads\\\/2026\\\/04\\\/WM-kwiecien-2026.png\",\"contentUrl\":\"https:\\\/\\\/blog.legimi.pl\\\/wp-content\\\/uploads\\\/2026\\\/04\\\/WM-kwiecien-2026.png\",\"width\":1080,\"height\":675},{\"@type\":\"BreadcrumbList\",\"@id\":\"https:\\\/\\\/www.legimi.pl\\\/blog\\\/2026\\\/04\\\/wydawca-miesiaca-w-legimi-wydawnictwo-rm\\\/#breadcrumb\",\"itemListElement\":[{\"@type\":\"ListItem\",\"position\":1,\"name\":\"Home\",\"item\":\"https:\\\/\\\/www.legimi.pl\\\/blog\\\/\"},{\"@type\":\"ListItem\",\"position\":2,\"name\":\"Wydawca miesi\u0105ca w Legimi &#8211; Wydawnictwo RM\"}]},{\"@type\":\"WebSite\",\"@id\":\"https:\\\/\\\/www.legimi.pl\\\/blog\\\/#website\",\"url\":\"https:\\\/\\\/www.legimi.pl\\\/blog\\\/\",\"name\":\"Legimi - blog\",\"description\":\"\",\"potentialAction\":[{\"@type\":\"SearchAction\",\"target\":{\"@type\":\"EntryPoint\",\"urlTemplate\":\"https:\\\/\\\/www.legimi.pl\\\/blog\\\/?s={search_term_string}\"},\"query-input\":{\"@type\":\"PropertyValueSpecification\",\"valueRequired\":true,\"valueName\":\"search_term_string\"}}],\"inLanguage\":\"pl-PL\"},{\"@type\":\"Person\",\"@id\":\"https:\\\/\\\/www.legimi.pl\\\/blog\\\/#\\\/schema\\\/person\\\/ebd2705e460590d5460b6da515b4f18d\",\"name\":\"Agnieszka B\u0142aszczyk\",\"image\":{\"@type\":\"ImageObject\",\"inLanguage\":\"pl-PL\",\"@id\":\"https:\\\/\\\/secure.gravatar.com\\\/avatar\\\/a09ea5f61d6193acf6fd5ce987bcf152cb3cc5d46ea8734f0665f65fc600bba0?s=96&d=mm&r=g\",\"url\":\"https:\\\/\\\/secure.gravatar.com\\\/avatar\\\/a09ea5f61d6193acf6fd5ce987bcf152cb3cc5d46ea8734f0665f65fc600bba0?s=96&d=mm&r=g\",\"contentUrl\":\"https:\\\/\\\/secure.gravatar.com\\\/avatar\\\/a09ea5f61d6193acf6fd5ce987bcf152cb3cc5d46ea8734f0665f65fc600bba0?s=96&d=mm&r=g\",\"caption\":\"Agnieszka B\u0142aszczyk\"},\"url\":\"https:\\\/\\\/www.legimi.pl\\\/blog\\\/author\\\/agnieszka-blaszczyk\\\/\"}]}<\/script>\n<!-- \/ Yoast SEO plugin. -->","yoast_head_json":{"title":"Wydawnictwo RM wydawc\u0105 miesi\u0105ca - Legimi - blog","description":"Wydawca Miesi\u0105ca w Legimi: Wydawnictwo RM. Poradniki, non\u2011fiction i ksi\u0105\u017cki historyczne - odkryj \u015bwiat bez fikcji.","robots":{"index":"index","follow":"follow","max-snippet":"max-snippet:-1","max-image-preview":"max-image-preview:large","max-video-preview":"max-video-preview:-1"},"canonical":"https:\/\/www.legimi.pl\/blog\/2026\/04\/wydawca-miesiaca-w-legimi-wydawnictwo-rm\/","og_locale":"pl_PL","og_type":"article","og_title":"Wydawnictwo RM wydawc\u0105 miesi\u0105ca - Legimi - blog","og_description":"Wydawca Miesi\u0105ca w Legimi: Wydawnictwo RM. Poradniki, non\u2011fiction i ksi\u0105\u017cki historyczne - odkryj \u015bwiat bez fikcji.","og_url":"https:\/\/www.legimi.pl\/blog\/2026\/04\/wydawca-miesiaca-w-legimi-wydawnictwo-rm\/","og_site_name":"Legimi - blog","article_published_time":"2026-04-20T16:20:36+00:00","article_modified_time":"2026-04-30T12:34:13+00:00","og_image":[{"width":1080,"height":675,"url":"https:\/\/blog.legimi.pl\/wp-content\/uploads\/2026\/04\/WM-kwiecien-2026.png","type":"image\/png"}],"author":"Agnieszka B\u0142aszczyk","twitter_card":"summary_large_image","twitter_misc":{"Napisane przez":"Agnieszka B\u0142aszczyk","Szacowany czas czytania":"6 minut"},"schema":{"@context":"https:\/\/schema.org","@graph":[{"@type":"Article","@id":"https:\/\/www.legimi.pl\/blog\/2026\/04\/wydawca-miesiaca-w-legimi-wydawnictwo-rm\/#article","isPartOf":{"@id":"https:\/\/www.legimi.pl\/blog\/2026\/04\/wydawca-miesiaca-w-legimi-wydawnictwo-rm\/"},"author":{"name":"Agnieszka B\u0142aszczyk","@id":"https:\/\/www.legimi.pl\/blog\/#\/schema\/person\/ebd2705e460590d5460b6da515b4f18d"},"headline":"Wydawca miesi\u0105ca w Legimi &#8211; Wydawnictwo RM","datePublished":"2026-04-20T16:20:36+00:00","dateModified":"2026-04-30T12:34:13+00:00","mainEntityOfPage":{"@id":"https:\/\/www.legimi.pl\/blog\/2026\/04\/wydawca-miesiaca-w-legimi-wydawnictwo-rm\/"},"wordCount":854,"image":{"@id":"https:\/\/www.legimi.pl\/blog\/2026\/04\/wydawca-miesiaca-w-legimi-wydawnictwo-rm\/#primaryimage"},"thumbnailUrl":"https:\/\/blog.legimi.pl\/wp-content\/uploads\/2026\/04\/WM-kwiecien-2026.png","keywords":["Wydawca Miesi\u0105ca","wydawnictwo RM"],"articleSection":["Artyku\u0142y","Wydawcy"],"inLanguage":"pl-PL"},{"@type":"WebPage","@id":"https:\/\/www.legimi.pl\/blog\/2026\/04\/wydawca-miesiaca-w-legimi-wydawnictwo-rm\/","url":"https:\/\/www.legimi.pl\/blog\/2026\/04\/wydawca-miesiaca-w-legimi-wydawnictwo-rm\/","name":"Wydawnictwo RM wydawc\u0105 miesi\u0105ca - Legimi - blog","isPartOf":{"@id":"https:\/\/www.legimi.pl\/blog\/#website"},"primaryImageOfPage":{"@id":"https:\/\/www.legimi.pl\/blog\/2026\/04\/wydawca-miesiaca-w-legimi-wydawnictwo-rm\/#primaryimage"},"image":{"@id":"https:\/\/www.legimi.pl\/blog\/2026\/04\/wydawca-miesiaca-w-legimi-wydawnictwo-rm\/#primaryimage"},"thumbnailUrl":"https:\/\/blog.legimi.pl\/wp-content\/uploads\/2026\/04\/WM-kwiecien-2026.png","datePublished":"2026-04-20T16:20:36+00:00","dateModified":"2026-04-30T12:34:13+00:00","author":{"@id":"https:\/\/www.legimi.pl\/blog\/#\/schema\/person\/ebd2705e460590d5460b6da515b4f18d"},"description":"Wydawca Miesi\u0105ca w Legimi: Wydawnictwo RM. Poradniki, non\u2011fiction i ksi\u0105\u017cki historyczne - odkryj \u015bwiat bez fikcji.","breadcrumb":{"@id":"https:\/\/www.legimi.pl\/blog\/2026\/04\/wydawca-miesiaca-w-legimi-wydawnictwo-rm\/#breadcrumb"},"inLanguage":"pl-PL","potentialAction":[{"@type":"ReadAction","target":["https:\/\/www.legimi.pl\/blog\/2026\/04\/wydawca-miesiaca-w-legimi-wydawnictwo-rm\/"]}]},{"@type":"ImageObject","inLanguage":"pl-PL","@id":"https:\/\/www.legimi.pl\/blog\/2026\/04\/wydawca-miesiaca-w-legimi-wydawnictwo-rm\/#primaryimage","url":"https:\/\/blog.legimi.pl\/wp-content\/uploads\/2026\/04\/WM-kwiecien-2026.png","contentUrl":"https:\/\/blog.legimi.pl\/wp-content\/uploads\/2026\/04\/WM-kwiecien-2026.png","width":1080,"height":675},{"@type":"BreadcrumbList","@id":"https:\/\/www.legimi.pl\/blog\/2026\/04\/wydawca-miesiaca-w-legimi-wydawnictwo-rm\/#breadcrumb","itemListElement":[{"@type":"ListItem","position":1,"name":"Home","item":"https:\/\/www.legimi.pl\/blog\/"},{"@type":"ListItem","position":2,"name":"Wydawca miesi\u0105ca w Legimi &#8211; Wydawnictwo RM"}]},{"@type":"WebSite","@id":"https:\/\/www.legimi.pl\/blog\/#website","url":"https:\/\/www.legimi.pl\/blog\/","name":"Legimi - blog","description":"","potentialAction":[{"@type":"SearchAction","target":{"@type":"EntryPoint","urlTemplate":"https:\/\/www.legimi.pl\/blog\/?s={search_term_string}"},"query-input":{"@type":"PropertyValueSpecification","valueRequired":true,"valueName":"search_term_string"}}],"inLanguage":"pl-PL"},{"@type":"Person","@id":"https:\/\/www.legimi.pl\/blog\/#\/schema\/person\/ebd2705e460590d5460b6da515b4f18d","name":"Agnieszka B\u0142aszczyk","image":{"@type":"ImageObject","inLanguage":"pl-PL","@id":"https:\/\/secure.gravatar.com\/avatar\/a09ea5f61d6193acf6fd5ce987bcf152cb3cc5d46ea8734f0665f65fc600bba0?s=96&d=mm&r=g","url":"https:\/\/secure.gravatar.com\/avatar\/a09ea5f61d6193acf6fd5ce987bcf152cb3cc5d46ea8734f0665f65fc600bba0?s=96&d=mm&r=g","contentUrl":"https:\/\/secure.gravatar.com\/avatar\/a09ea5f61d6193acf6fd5ce987bcf152cb3cc5d46ea8734f0665f65fc600bba0?s=96&d=mm&r=g","caption":"Agnieszka B\u0142aszczyk"},"url":"https:\/\/www.legimi.pl\/blog\/author\/agnieszka-blaszczyk\/"}]}},"_links":{"self":[{"href":"https:\/\/www.legimi.pl\/blog\/wp-json\/wp\/v2\/posts\/5541","targetHints":{"allow":["GET"]}}],"collection":[{"href":"https:\/\/www.legimi.pl\/blog\/wp-json\/wp\/v2\/posts"}],"about":[{"href":"https:\/\/www.legimi.pl\/blog\/wp-json\/wp\/v2\/types\/post"}],"author":[{"embeddable":true,"href":"https:\/\/www.legimi.pl\/blog\/wp-json\/wp\/v2\/users\/61"}],"replies":[{"embeddable":true,"href":"https:\/\/www.legimi.pl\/blog\/wp-json\/wp\/v2\/comments?post=5541"}],"version-history":[{"count":4,"href":"https:\/\/www.legimi.pl\/blog\/wp-json\/wp\/v2\/posts\/5541\/revisions"}],"predecessor-version":[{"id":5553,"href":"https:\/\/www.legimi.pl\/blog\/wp-json\/wp\/v2\/posts\/5541\/revisions\/5553"}],"wp:featuredmedia":[{"embeddable":true,"href":"https:\/\/www.legimi.pl\/blog\/wp-json\/wp\/v2\/media\/5543"}],"wp:attachment":[{"href":"https:\/\/www.legimi.pl\/blog\/wp-json\/wp\/v2\/media?parent=5541"}],"wp:term":[{"taxonomy":"category","embeddable":true,"href":"https:\/\/www.legimi.pl\/blog\/wp-json\/wp\/v2\/categories?post=5541"},{"taxonomy":"post_tag","embeddable":true,"href":"https:\/\/www.legimi.pl\/blog\/wp-json\/wp\/v2\/tags?post=5541"}],"curies":[{"name":"wp","href":"https:\/\/api.w.org\/{rel}","templated":true}]}}