{"id":5430,"date":"2026-03-11T14:08:54","date_gmt":"2026-03-11T13:08:54","guid":{"rendered":"https:\/\/www.legimi.pl\/blog\/?p=5430"},"modified":"2026-03-11T14:08:54","modified_gmt":"2026-03-11T13:08:54","slug":"przeglad-nowosci-ksiazkowych-luty-2026","status":"publish","type":"post","link":"https:\/\/www.legimi.pl\/blog\/2026\/03\/przeglad-nowosci-ksiazkowych-luty-2026\/","title":{"rendered":"Przegl\u0105d nowo\u015bci ksi\u0105\u017ckowych &#8211; luty 2026"},"content":{"rendered":"<h2>Jakie interesuj\u0105ce nowo\u015bci pojawi\u0142y si\u0119 w lutym w katalogu Legimi? Przejrzeli\u015bmy dla Was p\u00f3\u0142ki z premierami i wybrali\u015bmy 21 tytu\u0142\u00f3w, kt\u00f3re warto przeczyta\u0107.<\/h2>\n<p>Regularny Przegl\u0105d P\u00f3\u0142ki to nasz comiesi\u0119czny cykl, w kt\u00f3rym poszukujemy najciekawszych ksi\u0105\u017ckowych nowo\u015bci dost\u0119pnych w Legimi.<\/p>\n<p>Si\u0119gamy po ksi\u0105\u017cki z najr\u00f3\u017cniejszych gatunk\u00f3w \u2014 buszujemy w\u015br\u00f3d krymina\u0142\u00f3w i thriller\u00f3w, szukamy wzruszaj\u0105cych romans\u00f3w oraz wyj\u0105tkowych powie\u015bci obyczajowych, przeczesujemy stosy fantastyki i science fiction, a tak\u017ce przegl\u0105damy p\u00f3\u0142ki z literatur\u0105 dla dzieci i m\u0142odzie\u017cy. Uwzgl\u0119dniamy zar\u00f3wno polskich, jak i zagranicznych autor\u00f3w.<\/p>\n<p>Poni\u017cej znajdziecie nasz lutowy wyb\u00f3r. Przegl\u0105d obejmuje najciekawsze premiery z r\u00f3\u017cnych gatunk\u00f3w, kt\u00f3re trafi\u0142y do katalogu Legimi w lutym 2026 roku.<\/p>\n<h2><a href=\"https:\/\/www.legimi.pl\/katalog\/regularnyprzegladpolki-najciekawsze-premiery-lutego,c7773\/\"><img loading=\"lazy\" decoding=\"async\" class=\"aligncenter size-full wp-image-5431\" src=\"https:\/\/blog.legimi.pl\/wp-content\/uploads\/2026\/03\/Kryminaly-i-thrillery-rpp-01-2026.png\" alt=\"\" width=\"1699\" height=\"455\" srcset=\"https:\/\/blog.legimi.pl\/wp-content\/uploads\/2026\/03\/Kryminaly-i-thrillery-rpp-01-2026.png 1699w, https:\/\/blog.legimi.pl\/wp-content\/uploads\/2026\/03\/Kryminaly-i-thrillery-rpp-01-2026-300x80.png 300w, https:\/\/blog.legimi.pl\/wp-content\/uploads\/2026\/03\/Kryminaly-i-thrillery-rpp-01-2026-1024x274.png 1024w, https:\/\/blog.legimi.pl\/wp-content\/uploads\/2026\/03\/Kryminaly-i-thrillery-rpp-01-2026-768x206.png 768w, https:\/\/blog.legimi.pl\/wp-content\/uploads\/2026\/03\/Kryminaly-i-thrillery-rpp-01-2026-1536x411.png 1536w\" sizes=\"auto, (max-width: 1699px) 100vw, 1699px\" \/><\/a><\/h2>\n<p>Od sk\u0105panej w s\u0142o\u0144cu, pe\u0142nej pradawnych wierze\u0144 Sardynii, przez skute lodem szwedzkie \u00c5re, a\u017c po mroczne zakamarki \u015bwiata kryminalnych podcast\u00f3w \u2014 ka\u017cda z tych historii ods\u0142ania inne oblicze zbrodni.<\/p>\n<h3>Piergiorgio Pulixi, <strong>\u201e<\/strong>Wyspa dusz<strong>\u201d<\/strong>, prze\u0142. Tomasz Kwiecie\u0144 \u2014 Wydawnictwo Mova<\/h3>\n<p>Malownicza Sardynia, dawne rytua\u0142y, mroczne kulty i dwa \u015bwietnie nakre\u015blone portrety bohaterek. <a href=\"https:\/\/www.legimi.pl\/ebook-wyspa-dusz-pulixi-piergiorgio,b1522840.html\" target=\"_blank\" rel=\"noopener noreferrer\">Wyspa dusz<\/a>, autorstwa w\u0142oskiego mistrza noir Piergiorgio Pulixiego, to powie\u015b\u0107 \u0142\u0105cz\u0105ca klasyczne policyjne \u015bledztwo z bogatym folklorem wyspy.<\/p>\n<p>W Caligari powstaje sekcja spraw nierozwi\u0105zanych, do kt\u00f3rej trafiaj\u0105 niepokorna \u015bledcza Mara Rais oraz przeniesiona z Mediolanu specjalistka od zbrodni rytualnych, Eva Croce. Szybko odkrywaj\u0105, \u017ce na Sardynii prawda bywa gro\u017aniejsza ni\u017c sama zbrodnia, a sekrety przetrwa\u0142e przez wieki wci\u0105\u017c potrafi\u0105 zabija\u0107. Audiobook czyta Wojciech Masacz.<\/p>\n<h3>Viveca Sten, <strong>\u201e<\/strong>Co skrywa \u015bnieg<strong>\u201d<\/strong>, prze\u0142. Patrycja W\u0142\u00f3czyk\u2011Nasta\u0142y \u2014 Wydawnictwo SQN<\/h3>\n<p>Nic tak nie trzyma w napi\u0119ciu jak solidny, mro\u017any skandynawski krymina\u0142. Viveca Sten proponuje wyj\u0105tkowo ch\u0142odn\u0105 ods\u0142on\u0119 gatunku. W niewielkim \u00c5re, na stoku narciarskim, zostaj\u0105 odkryte zw\u0142oki m\u0142odej dziewczyny, kt\u00f3ra zagin\u0119\u0142a po obchodach Dnia \u015awi\u0119tej \u0141ucji.<\/p>\n<p>Do \u015bledztwa prowadzonego przez lokalnego policjanta do\u0142\u0105cza Hanna Ahlander \u2014 funkcjonariuszka ze Sztokholmu, kt\u00f3ra przyjecha\u0142a do \u00c5re tylko na kr\u00f3tkie odwiedziny. Z ka\u017cdym tropem staje si\u0119 coraz bardziej oczywiste, \u017ce morderstwo to jedynie fragment wi\u0119kszej, niepokoj\u0105cej uk\u0142adanki.<\/p>\n<p>Dobra wiadomo\u015b\u0107 dla czytelnik\u00f3w \u2014 <a href=\"https:\/\/www.legimi.pl\/ebook-co-skrywa-snieg-viveca-sten,b1523424.html\" target=\"_blank\" rel=\"noopener noreferrer\">Co skrywa \u015bnieg<\/a> to pierwsza cz\u0119\u015b\u0107 serii Morderstwa w \u00c5re, wi\u0119c do tego urokliwego, cho\u0107 nieco mrocznego miasteczka b\u0119dzie mo\u017cna wraca\u0107 wielokrotnie.<\/p>\n<h3>Tomasz \u017bak, Jacek Piekie\u0142ko, <strong>\u201e<\/strong>Rigor Mortis<strong>\u201d<\/strong> \u2014 Labreto &amp; Legimi<\/h3>\n<p>Wydawnictwo Labreto i Legimi zapraszaj\u0105 do wys\u0142uchania kolejnego \u015bwietnie zrealizowanego audioserialu \u2014 tym razem b\u0119d\u0105cego adaptacj\u0105 powie\u015bci <a href=\"https:\/\/www.legimi.pl\/ebook-rigor-mortis-audioserial-odcinek-1-tomasz-zak-jacek-piekielko,b1523754.html\" target=\"_blank\" rel=\"noopener noreferrer\">Rigor Mortis<\/a> Tomasza \u017baka i Jacka Piekie\u0142ki.<\/p>\n<p>Autorzy zestawiaj\u0105 tu dwa \u015bwiaty: policji i tw\u00f3rc\u00f3w kryminalnych podcast\u00f3w. Kto pierwszy rozwik\u0142a spraw\u0119 seryjnego mordercy \u2014 komisarz Artur Kami\u0144ski czy celebryta i podcaster Miko\u0142aj Mortysz? A mo\u017ce w \u015bwiecie, w kt\u00f3rym zbrodnia staje si\u0119 medialnym widowiskiem, pytanie \u201ekto zabi\u0142?\u201d przestaje by\u0107 najwa\u017cniejsze?<\/p>\n<p>W audioserialu us\u0142yszymy m.in. Filipa Kosiora, Barbar\u0119 Liberek, J\u00f3zefa Paw\u0142owskiego i Andrzeja Hausnera. Re\u017cyseria: Aleksander Orsztynowicz\u2011Czy\u017c.<\/p>\n<h2><a href=\"https:\/\/www.legimi.pl\/katalog\/regularnyprzegladpolki-najciekawsze-premiery-lutego,c7773\/\"><img loading=\"lazy\" decoding=\"async\" class=\"aligncenter size-full wp-image-5432\" src=\"https:\/\/blog.legimi.pl\/wp-content\/uploads\/2026\/03\/Literatura-piekna-rpp-01-2026.png\" alt=\"\" width=\"1699\" height=\"455\" srcset=\"https:\/\/blog.legimi.pl\/wp-content\/uploads\/2026\/03\/Literatura-piekna-rpp-01-2026.png 1699w, https:\/\/blog.legimi.pl\/wp-content\/uploads\/2026\/03\/Literatura-piekna-rpp-01-2026-300x80.png 300w, https:\/\/blog.legimi.pl\/wp-content\/uploads\/2026\/03\/Literatura-piekna-rpp-01-2026-1024x274.png 1024w, https:\/\/blog.legimi.pl\/wp-content\/uploads\/2026\/03\/Literatura-piekna-rpp-01-2026-768x206.png 768w, https:\/\/blog.legimi.pl\/wp-content\/uploads\/2026\/03\/Literatura-piekna-rpp-01-2026-1536x411.png 1536w\" sizes=\"auto, (max-width: 1699px) 100vw, 1699px\" \/><\/a><\/h2>\n<p>W kategorii literatury pi\u0119knej wybrali\u015bmy dla Was trzy tytu\u0142y, kt\u00f3re skupiaj\u0105 si\u0119 na cz\u0142owieku \u2014 jego emocjach, wyborach i zmaganiach z codzienno\u015bci\u0105. <em>Imiona Krymu<\/em>, <em>Zaginiona z Titanica<\/em> oraz <em>Vaim<\/em> to opowie\u015bci bardzo r\u00f3\u017cne, ale \u0142\u0105czy je intensywno\u015b\u0107 do\u015bwiadcze\u0144 oraz g\u0142\u0119bokie spojrzenie na to, co kszta\u0142tuje bohater\u00f3w.<\/p>\n<h3>Anastasija Lewkowa, <strong>\u201e<\/strong>Imiona Krymu<strong>\u201d<\/strong>, prze\u0142. Joanna Majewska\u2011Grabowska \u2014 Kolegium Europy Wschodniej<\/h3>\n<p><a href=\"https:\/\/www.legimi.pl\/ebook-imiona-krymu-anastasia-levkova,b1523516.html\" target=\"_blank\" rel=\"noopener noreferrer\">Imiona Krymu<\/a> ukrai\u0144skiej pisarki Anastasiji Lewkowej to opowie\u015b\u0107 o dojrzewaniu, poszukiwaniu to\u017csamo\u015bci, przyja\u017ani i mi\u0142o\u015bci \u2014 wszystko to osadzone w niezwyk\u0142ym krajobrazie Krymu.<\/p>\n<p>Autorka pokazuje, jaki splot politycznych i historycznych wydarze\u0144 doprowadzi\u0142 do rosyjskiej okupacji ojczyzny Tatar\u00f3w Krymskich, a tak\u017ce, w anga\u017cuj\u0105cej fabule, przemyca obraz codzienno\u015bci p\u00f3\u0142wyspu od lat 90. XX wieku do roku 2014.<\/p>\n<p>Ksi\u0105\u017cka pachnie lawend\u0105, smakuje czeburekami, rozbrzmiewa d\u017awi\u0119kami ezanu i oferuje ogromn\u0105 dawk\u0119 wiedzy o przesz\u0142o\u015bci i tera\u017aniejszo\u015bci Krymu.<\/p>\n<h3>Frances Quinn, <strong>\u201e<\/strong>Zaginiona z Titanica<strong>\u201d<\/strong>, prze\u0142. Anna Sauvignon \u2014 Wydawnictwo Kobiece<\/h3>\n<p>\u201eTa ksi\u0105\u017cka tak mocno mnie wci\u0105gn\u0119\u0142a, \u017ce czyta\u0142am nawet w trakcie sma\u017cenia nale\u015bnik\u00f3w!\u201d \u2014 pisze jedna z czytelniczek w katalogu Legimi. Przyznajcie sami: trudno o lepsz\u0105 rekomendacj\u0119.<\/p>\n<p>Je\u015bli lubicie powie\u015bci historyczno\u2011obyczajowe, w kt\u00f3rych emocje \u0142\u0105cz\u0105 si\u0119 z dynamiczn\u0105 fabu\u0142\u0105 i pieczo\u0142owicie oddanymi realiami epoki, <a href=\"https:\/\/www.legimi.pl\/ebook-zaginiona-z-titanica-quinn-frances,b1523973.html\" target=\"_blank\" rel=\"noopener noreferrer\">Zaginiona z Titanica<\/a> z pewno\u015bci\u0105 Was zachwyci. Frances Quinn opowiada histori\u0119 kobiety, kt\u00f3ra po katastrofie Titanica dostrzega w tragedii szans\u0119 na wyrwanie si\u0119 z arystokratycznego \u015bwiata, w kt\u00f3rym czu\u0142a si\u0119 jak w klatce.<\/p>\n<p>Autorka z wielkim wyczuciem odmalowuje Nowy Jork pocz\u0105tku XX wieku \u2014 t\u0119tni\u0105cy \u017cyciem, r\u00f3\u017cnorodny i pe\u0142en mo\u017cliwo\u015bci. Dla bohaterki to miejsce staje si\u0119 symbolem nadziei i wolno\u015bci.<\/p>\n<h3>Jon Fosse, <strong>\u201e<\/strong>Vaim<strong>\u201d<\/strong>, prze\u0142. Iwona Zimnicka \u2014 Wydawnictwo ArtRage<\/h3>\n<p>Proza Jona Fossego to zjawisko. Jednych zachwyca, innych onie\u015bmiela, ale nikogo nie pozostawia oboj\u0119tnym. Je\u015bli jeszcze nie si\u0119gn\u0119li\u015bcie po tw\u00f3rczo\u015b\u0107 norweskiego laureata literackiej Nagrody Nobla, <a href=\"https:\/\/www.legimi.pl\/ebook-vaim-jon-fosse,b1523605.html\" target=\"_blank\" rel=\"noopener noreferrer\">Vaim<\/a> to idealna okazja.<\/p>\n<p>Wydawnictwo ArtRage oddaje w Wasze r\u0119ce ksi\u0105\u017ck\u0119 napisan\u0105 ju\u017c po otrzymaniu przez Fossego najwa\u017cniejszej nagrody \u015bwiata literatury. <a href=\"https:\/\/www.legimi.pl\/ebook-vaim-jon-fosse,b1523605.html\" target=\"_blank\" rel=\"noopener noreferrer\">Vaim<\/a> to historia mi\u0142osnego tr\u00f3jk\u0105ta, w kt\u00f3rej bierni, pe\u0142ni w\u0105tpliwo\u015bci m\u0119\u017cczy\u017ani zostaj\u0105 skonfrontowani z niezwyk\u0142\u0105 determinacj\u0105 kobiety.<\/p>\n<p>Ca\u0142o\u015b\u0107 dope\u0142niaj\u0105 g\u0142\u0119bokie, typowe dla Fossego refleksje o mi\u0142o\u015bci, wierze i ludzkiej s\u0142abo\u015bci.<\/p>\n<h2><a href=\"https:\/\/www.legimi.pl\/katalog\/regularnyprzegladpolki-najciekawsze-premiery-lutego,c7773\/\"><img loading=\"lazy\" decoding=\"async\" class=\"aligncenter size-full wp-image-5433\" src=\"https:\/\/blog.legimi.pl\/wp-content\/uploads\/2026\/03\/Romanse-i-powiesci-obyczajowe-rpp-01-2026.png\" alt=\"\" width=\"1699\" height=\"455\" srcset=\"https:\/\/blog.legimi.pl\/wp-content\/uploads\/2026\/03\/Romanse-i-powiesci-obyczajowe-rpp-01-2026.png 1699w, https:\/\/blog.legimi.pl\/wp-content\/uploads\/2026\/03\/Romanse-i-powiesci-obyczajowe-rpp-01-2026-300x80.png 300w, https:\/\/blog.legimi.pl\/wp-content\/uploads\/2026\/03\/Romanse-i-powiesci-obyczajowe-rpp-01-2026-1024x274.png 1024w, https:\/\/blog.legimi.pl\/wp-content\/uploads\/2026\/03\/Romanse-i-powiesci-obyczajowe-rpp-01-2026-768x206.png 768w, https:\/\/blog.legimi.pl\/wp-content\/uploads\/2026\/03\/Romanse-i-powiesci-obyczajowe-rpp-01-2026-1536x411.png 1536w\" sizes=\"auto, (max-width: 1699px) 100vw, 1699px\" \/><\/a><\/h2>\n<p>Powie\u015bci pe\u0142ne wzrusze\u0144 od pierwszej do ostatniej strony. Od powrotu do warmi\u0144skich korzeni, przez intymne relacje budowane w ma\u0142ym ameryka\u0144skim miasteczku, a\u017c po klasyczny romans w odwa\u017cnej, zmys\u0142owej ods\u0142onie. W lutym \u2014 miesi\u0105cu, w kt\u00f3rym szczeg\u00f3lnie celebrujemy mi\u0142o\u015b\u0107 \u2014 do katalogu trafi\u0142y trzy znakomite historie, ukazuj\u0105ce r\u00f3\u017cne oblicza tej pot\u0119\u017cnej emocji.<\/p>\n<h3>Ma\u0142gorzata Mikos, <strong>\u201e<\/strong>Warmi\u0144ski ogr\u00f3d wspomnie\u0144<strong>\u201d<\/strong> \u2014 Wydawnictwo Dobre Strony<\/h3>\n<p><a href=\"https:\/\/www.legimi.pl\/ebook-warminski-ogrod-wspomnien-malgorzata-mikos,b1519751.html\" target=\"_blank\" rel=\"noopener noreferrer\">Warmi\u0144ski ogr\u00f3d wspomnie\u0144<\/a> to opowie\u015b\u0107 o tym, \u017ce czasem to, co najwa\u017cniejsze, znajduje si\u0119 tu\u017c obok nas. Lena, g\u0142\u00f3wna bohaterka, dawno temu opu\u015bci\u0142a rodzinn\u0105 Warmi\u0119, by szuka\u0107 szcz\u0119\u015bcia w Warszawie. Los sprawia jednak, \u017ce musi wr\u00f3ci\u0107 do Zaciszan, by uporz\u0105dkowa\u0107 dom po babci.<\/p>\n<p>Powr\u00f3t w rodzinne strony o\u017cywia dawne wspomnienia. Czy odnowi r\u00f3wnie\u017c uczucie do pierwszej mi\u0142o\u015bci? I czy w chwili \u017cyciowego zw\u0105tpienia Lena odkryje, \u017ce w zwyk\u0142ej codzienno\u015bci kryje si\u0119 prawdziwa magia? W audiobooku us\u0142yszymy g\u0142os Moniki Chrzanowskiej.<\/p>\n<h3>A.P. Mist, <strong>\u201e<\/strong>End of the Road<strong>\u201d<\/strong> \u2014 Wydawnictwo WasPos<\/h3>\n<p>Pe\u0142na emocji, czu\u0142a i poruszaj\u0105ca \u2014 taka jest najnowsza powie\u015b\u0107 A.P. Mist. <a href=\"https:\/\/www.legimi.pl\/ebook-end-of-the-road-mist-a-p,b1521778.html\" target=\"_blank\" rel=\"noopener noreferrer\">End of the Road<\/a> zachwyci zw\u0142aszcza tych, kt\u00f3rzy kochaj\u0105 klimat ma\u0142ych miasteczek.<\/p>\n<p>W Hideout czas p\u0142ynie wolniej. Aradia przyje\u017cd\u017ca tu na rok, by pom\u00f3c dziadkowi i odnale\u017a\u0107 w\u0142asn\u0105 drog\u0119. Logan \u017cyje na uboczu, uciekaj\u0105c przed przesz\u0142o\u015bci\u0105, o kt\u00f3rej miasteczko nie przestaje szepta\u0107. Ich spotkanie rozpoczyna histori\u0119 pe\u0142n\u0105 ciep\u0142a, napi\u0119cia i skrywanych emocji.<\/p>\n<p>Powie\u015b\u0107 wzrusza, otula i pozwala oderwa\u0107 si\u0119 od rzeczywisto\u015bci \u2014 zar\u00f3wno w wersji do czytania, jak i w audiobooku, dost\u0119pnym wy\u0142\u0105cznie w Legimi. W rolach g\u0142\u00f3wnych: Agata Bie\u0144kowska i Bartosz G\u0142ogowski.<\/p>\n<h3>D. H. Lawrence, <strong>\u201e<\/strong>Kochanek Lady Chatterley<strong>\u201d<\/strong>, prze\u0142. Aleksandra Szatkowska \u2014 4P Acoustic &amp; Legimi<\/h3>\n<p>Studio 4P Acoustic przybli\u017ca s\u0142uchaczom klasyk\u0119 romansu w wyj\u0105tkowej formie audioserialu.<\/p>\n<p><a href=\"https:\/\/www.legimi.pl\/ebook-kochanek-lady-chatterley-audio-serial-odcinek-1-d-h-lawrence,b1521526.html\" target=\"_blank\" rel=\"noopener noreferrer\">Kochanek Lady Chatterley<\/a> po raz pierwszy ukaza\u0142 si\u0119 w 1928 roku we Florencji, a pe\u0142na, nieocenzurowana wersja mog\u0142a trafi\u0107 do brytyjskich ksi\u0119gar\u0144 dopiero w 1960 roku. Ta odwa\u017cna, prze\u0142amuj\u0105ca konwenanse powie\u015b\u0107 w wersji audio nabiera nowego wymiaru \u2014 brzmi zmys\u0142owo, sugestywnie i niezwykle intensywnie.<\/p>\n<p>To historia mi\u0142osnego tr\u00f3jk\u0105ta, pe\u0142na napi\u0119cia, pragnienia i t\u0119sknoty za blisko\u015bci\u0105 drugiego cz\u0142owieka. Constance Chatterley \u017cyje w \u015bwiecie elegancji i spo\u0142ecznych oczekiwa\u0144, ale jej potrzeby pozostaj\u0105 niespe\u0142nione. Kiedy pojawia si\u0119 kto\u015b, przy kim \u0142amie wszystkie zasady, po raz pierwszy pozwala sobie s\u0142ucha\u0107 w\u0142asnego serca.<\/p>\n<p>Audioserial wyre\u017cyserowali Wiktor Piechowski i Aleksandra Szatkowska. Wyst\u0119puj\u0105: Barbara Garstka\u2011Puciata, Stefan Paw\u0142owski oraz Oskar Stoczy\u0144ski.<\/p>\n<h2><a href=\"https:\/\/www.legimi.pl\/katalog\/regularnyprzegladpolki-najciekawsze-premiery-lutego,c7773\/\"><img loading=\"lazy\" decoding=\"async\" class=\"aligncenter size-full wp-image-5434\" src=\"https:\/\/blog.legimi.pl\/wp-content\/uploads\/2026\/03\/Fantastyka-rpp-01-2026.png\" alt=\"\" width=\"1699\" height=\"455\" srcset=\"https:\/\/blog.legimi.pl\/wp-content\/uploads\/2026\/03\/Fantastyka-rpp-01-2026.png 1699w, https:\/\/blog.legimi.pl\/wp-content\/uploads\/2026\/03\/Fantastyka-rpp-01-2026-300x80.png 300w, https:\/\/blog.legimi.pl\/wp-content\/uploads\/2026\/03\/Fantastyka-rpp-01-2026-1024x274.png 1024w, https:\/\/blog.legimi.pl\/wp-content\/uploads\/2026\/03\/Fantastyka-rpp-01-2026-768x206.png 768w, https:\/\/blog.legimi.pl\/wp-content\/uploads\/2026\/03\/Fantastyka-rpp-01-2026-1536x411.png 1536w\" sizes=\"auto, (max-width: 1699px) 100vw, 1699px\" \/><\/a><\/h2>\n<p>Trzy ksi\u0105\u017cki z kategorii fantastyki przedstawione w naszym zestawieniu pokazuj\u0105, jak r\u00f3\u017cnorodne oblicza mo\u017ce przybra\u0107 ten gatunek. Bohaterowie stworzonych przez Marcina Liber\u0119, Dominik\u0119 Sieczk\u0119 i Mariss\u0119 Meyer historii wyruszaj\u0105 w podr\u00f3\u017ce, kt\u00f3re staj\u0105 si\u0119 dla nich testem odwagi, lojalno\u015bci i w\u0142asnej to\u017csamo\u015bci. Ka\u017cda z opowie\u015bci prowadzi czytelnika ku innemu odkryciu \u2014 czasem ukrytemu pod powierzchni\u0105 pradawnych mit\u00f3w, czasem w sercu bohatera, a czasem w cieniu mrocznej tajemnicy.<\/p>\n<h3>Marcin Libera, <strong>\u201e<\/strong>Amaya<strong>\u201d<\/strong> \u2014 Wydawnictwo Marcin Libera<\/h3>\n<p>S\u0142owia\u0144ska mitologia i kosmiczna technologia \u2014 co mo\u017ce powsta\u0107 z po\u0142\u0105czenia tych dw\u00f3ch \u015bwiat\u00f3w? Marcin Libera podejmuje to ryzyko i udowadnia, \u017ce odpowiednio przemy\u015blana historia potrafi sprawi\u0107, i\u017c dawne legendy wybrzmi\u0105 zaskakuj\u0105co naturalnie w science\u2011fictionowym krajobrazie.<\/p>\n<p>Tytu\u0142owa <a href=\"https:\/\/www.legimi.pl\/ebook-amaya-maciej-libera,b1522824.html\" target=\"_blank\" rel=\"noopener noreferrer\">Amaya<\/a> \u2014 stra\u017cniczka milczenia \u2014 strze\u017ce swojego ludu ukrytego w odleg\u0142ej dolinie. Pod poblisk\u0105 g\u00f3r\u0105 drzemie jednak niszczycielska si\u0142a, kt\u00f3rej przebudzenie mo\u017ce sta\u0107 si\u0119 zar\u00f3wno ratunkiem, jak i katastrof\u0105. Amaya staje przed dramatycznym wyborem: dochowa\u0107 wierno\u015bci przysi\u0119dze czy obudzi\u0107 u\u015bpion\u0105 moc i sta\u0107 si\u0119 kim\u015b znacznie wi\u0119kszym.<\/p>\n<p>To poruszaj\u0105ca opowie\u015b\u0107 o lojalno\u015bci, odpowiedzialno\u015bci i mi\u0142o\u015bci do w\u0142asnych bliskich.<\/p>\n<h3>Dominika Sieczka, <strong>\u201e<\/strong>Nie\u015bmiertelny kr\u00f3l. Bogini. Tom 2. Cz\u0119\u015b\u0107 2<strong>\u201d<\/strong> \u2014 Wydawnictwo Black Rose<\/h3>\n<p>W kontynuacji serii <a href=\"https:\/\/www.legimi.pl\/ebooki\/bogini,c7156\/?sort=score\" target=\"_blank\" rel=\"noopener noreferrer\">Bogini<\/a> Dominika Sieczka zabiera czytelnik\u00f3w w g\u0142\u0105b \u015bwiata pe\u0142nego magii, tajemnic i wewn\u0119trznych demon\u00f3w.<\/p>\n<p>Kastiel ponownie zostaje nazwany potworem, cho\u0107 pragnie jedynie spokoju. Wystarczy jedna przypadkowa chwila \u2014 jeden poca\u0142unek \u2014 by jego los ponownie wymkn\u0105\u0142 si\u0119 spod kontroli. Ucieczka statkiem do Askarionu mia\u0142a by\u0107 ratunkiem, a okazuje si\u0119 pocz\u0105tkiem zupe\u0142nie nowej opowie\u015bci. Na pok\u0142adzie pojawia si\u0119 tak\u017ce Virelia \u2014 dziewczyna pragn\u0105ca wyrwa\u0107 si\u0119 z w\u0142asnej, z\u0142otej pu\u0142apki.<\/p>\n<p>To historia, kt\u00f3ra poruszy wyobra\u017ani\u0119 fan\u00f3w romantasy \u2014 pe\u0142na intensywnych uczu\u0107, nieoczywistych bohater\u00f3w i magii, kt\u00f3ra splata losy postaci w zaskakuj\u0105cy spos\u00f3b. Audiobook, interpretowany przez Agnieszk\u0119 Postrzygacz i Marcina Steca, dost\u0119pny jest wy\u0142\u0105cznie w Legimi.<\/p>\n<h3>Marissa Meyer, <strong>\u201e<\/strong>Dom Saphir\u00f3w<strong>\u201d<\/strong>, prze\u0142. Ewelina Zarembska \u2014 Wydawnictwo SQN<\/h3>\n<p>Marissa Meyer proponuje czytelnikom porywaj\u0105cy retelling ba\u015bni o Sinobrodym.<\/p>\n<p>\u015aledzimy losy Mallory Fontaine, kt\u00f3ra \u2014 cho\u0107 wywodzi si\u0119 z rodu czarownic \u2014 nie odziedziczy\u0142a \u017cadnych magicznych zdolno\u015bci poza umiej\u0119tno\u015bci\u0105 widzenia duch\u00f3w. Na co dzie\u0144 oprowadza turyst\u00f3w po Domu Saphir\u00f3w, kt\u00f3rego histori\u0119 zna jak w\u0142asn\u0105 kiesze\u0144. Gdy w\u0142a\u015bciciel rezydencji zatrudnia j\u0105 do wygnania ducha jednego z przodk\u00f3w, Mallory podejmuje wyzwanie, nie przeczuwaj\u0105c, \u017ce duch oka\u017ce si\u0119 najmniejszym jej zmartwieniem.<\/p>\n<p>Je\u015bli lubisz historie rozgrywaj\u0105ce si\u0119 w tajemniczej, mrocznej scenerii, z wyrazistymi bohaterami i wachlarzem emocji \u2014 od niepokoju po wzruszenie \u2014 <a href=\"https:\/\/www.legimi.pl\/ebook-dom-saphirow-marissa-meyer,b1523449.html\" target=\"_blank\" rel=\"noopener noreferrer\">Dom Saphir\u00f3w<\/a> z pewno\u015bci\u0105 Ci\u0119 zachwyci.<\/p>\n<h2><a href=\"https:\/\/www.legimi.pl\/katalog\/regularnyprzegladpolki-najciekawsze-premiery-lutego,c7773\/\"><img loading=\"lazy\" decoding=\"async\" class=\"aligncenter size-full wp-image-5435\" src=\"https:\/\/blog.legimi.pl\/wp-content\/uploads\/2026\/03\/Non-fiction-rpp-01-2026.png\" alt=\"\" width=\"1699\" height=\"455\" srcset=\"https:\/\/blog.legimi.pl\/wp-content\/uploads\/2026\/03\/Non-fiction-rpp-01-2026.png 1699w, https:\/\/blog.legimi.pl\/wp-content\/uploads\/2026\/03\/Non-fiction-rpp-01-2026-300x80.png 300w, https:\/\/blog.legimi.pl\/wp-content\/uploads\/2026\/03\/Non-fiction-rpp-01-2026-1024x274.png 1024w, https:\/\/blog.legimi.pl\/wp-content\/uploads\/2026\/03\/Non-fiction-rpp-01-2026-768x206.png 768w, https:\/\/blog.legimi.pl\/wp-content\/uploads\/2026\/03\/Non-fiction-rpp-01-2026-1536x411.png 1536w\" sizes=\"auto, (max-width: 1699px) 100vw, 1699px\" \/><\/a><\/h2>\n<p>Trzy tytu\u0142y prezentowane w tej kategorii dowodz\u0105, \u017ce prawdziwe historie potrafi\u0105 oddzia\u0142ywa\u0107 znacznie mocniej ni\u017c fikcja \u2014 szczeg\u00f3lnie wtedy, gdy dotycz\u0105 zbrodni, cierpienia i najciemniejszych zakamark\u00f3w ludzkiej psychiki. Cho\u0107 poruszaj\u0105 odmienne tematy, \u0142\u0105czy je jedno: g\u0142\u0119boka potrzeba zrozumienia prawdy \u2014 historycznej, psychologicznej i ludzkiej.<\/p>\n<h3>Grzegorz Wielgus, <strong>\u201e<\/strong>Po\u0142aniecka. Najg\u0142o\u015bniejsza zmowa milczenia w historii PRL<strong>\u201d<\/strong> \u2014 Wydawnictwo Initium<\/h3>\n<p>T\u0105 zbrodni\u0105 \u017cy\u0142a ca\u0142a Polska. W wigilijn\u0105 noc ginie troje m\u0142odych ludzi. Pocz\u0105tkowo wszystko wskazuje na tragiczny wypadek drogowy, lecz skrupulatni milicjanci szybko dostrzegaj\u0105 nie\u015bcis\u0142o\u015bci w sekcji zw\u0142ok i zeznaniach \u015bwiadk\u00f3w.<\/p>\n<p>Grzegorz Wielgus w <a href=\"https:\/\/www.legimi.pl\/ebook-polaniecka-najglosniejsza-zmowa-milczenia-w-historii-prl-grzegorz-wielgus,b1518220.html\" target=\"_blank\" rel=\"noopener noreferrer\">Po\u0142anieckiej<\/a> przedstawia kulisy trudnego, \u017cmudnego \u015bledztwa oraz mur milczenia, jaki zbudowali mieszka\u0144cy okolicznych miejscowo\u015bci. Autor z wielk\u0105 wra\u017cliwo\u015bci\u0105 opisuje wydarzenia, kt\u00f3re do dzi\u015b trudno poj\u0105\u0107, zestawiaj\u0105c ludzkie okrucie\u0144stwo, chciwo\u015b\u0107 i \u017c\u0105dz\u0119 w\u0142adzy z poczuciem sprawiedliwo\u015bci i odwag\u0105 tych, kt\u00f3rzy zdecydowali si\u0119 przerwa\u0107 zmow\u0119 milczenia.<\/p>\n<p>To zbrodnia o kt\u00f3rej nie wolno zapomnie\u0107 i lektura obowi\u0105zkowa dla fan\u00f3w true crime. Audiobook czyta Wojciech Masiak.<\/p>\n<h3>Argymir Iwicki, <strong>\u201e<\/strong>A\u017c zacis\u0301nie si\u0119 p\u0119tla. Opowie\u015bci o m\u0119skiej depresji<strong>\u201d<\/strong> \u2014 Wydawnictwo Kompania Mediowa<\/h3>\n<p>Depresja to choroba demokratyczna \u2014 dotyka ludzi bez wzgl\u0119du na wiek, p\u0142e\u0107 czy status spo\u0142eczny.<\/p>\n<p><a href=\"https:\/\/www.legimi.pl\/ebook-az-zacisnie-sie-petla-opowiesci-o-meskiej-depresji-iwicki-argymir,b1525078.html\" target=\"_blank\" rel=\"noopener noreferrer\">Argymir Iwicki,<\/a> dziennikarz i autor ksi\u0105\u017cki, sam zmaga\u0142 si\u0119 z depresj\u0105. W szczery, poruszaj\u0105cy spos\u00f3b dzieli si\u0119 w\u0142asnym \u015bwiadectwem oraz oddaje g\u0142os innym m\u0119\u017cczyznom \u2014 murarzowi, ksi\u0119dzu, sprzedawcy \u2014 kt\u00f3rzy znajduj\u0105 si\u0119 na r\u00f3\u017cnych etapach choroby. Z ich opowie\u015bci wy\u0142ania si\u0119 obraz depresji, kt\u00f3ra wci\u0105\u017c bywa niezrozumiana, bagatelizowana lub ukrywana.<\/p>\n<p>To lektura dla wszystkich, kt\u00f3rzy szukaj\u0105 odpowiedzi na pytania: jak pom\u00f3c bliskiemu? Czy zach\u0119canie do leczenia zawsze ma sens? Gdzie szuka\u0107 wsparcia?<\/p>\n<h3>Kamil Janicki, <strong>\u201e<\/strong>Seryjni mordercy II Rzeczpospolitej<strong>\u201d<\/strong> \u2014 Wydawnictwo Pozna\u0144skie<\/h3>\n<p>Ma\u0142o kto wie, \u017ce w dwudziestoleciu mi\u0119dzywojennym po Polsce mog\u0142o grasowa\u0107 nawet kilkuset seryjnych morderc\u00f3w, a \u00f3wczesna prasa z lubo\u015bci\u0105 opisywa\u0142a najbardziej makabryczne zbrodnie.<\/p>\n<p>W <a href=\"https:\/\/www.legimi.pl\/ebook-seryjni-mordercy-ii-rzeczpospolitej-kamil-janicki,b1524385.html\" target=\"_blank\" rel=\"noopener noreferrer\">Seryjnych mordercach II Rzeczpospolitej<\/a> Kamil Janicki przedstawia m.in. histori\u0119 Marianny Skubli\u0144skiej, podejrzewanej o zamordowanie ponad siedemdziesi\u0119ciorga dzieci. A to dopiero pocz\u0105tek. Na kartach ksi\u0105\u017cki znajdziecie portrety wielu innych \u201eupior\u00f3w\u201d, \u201ebestii\u201d i \u201ewampir\u00f3w\u201d, jak okre\u015bla\u0142a ich \u00f3wczesna prasa.<\/p>\n<p>\u017badna wcze\u015bniejsza publikacja nie analizowa\u0142a ich metod ani motywacji z tak\u0105 wnikliwo\u015bci\u0105. To obowi\u0105zkowa pozycja dla wszystkich zainteresowanych kryminologi\u0105 i prawdziwymi zbrodniami.<\/p>\n<h2><a href=\"https:\/\/www.legimi.pl\/katalog\/regularnyprzegladpolki-najciekawsze-premiery-lutego,c7773\/\"><img loading=\"lazy\" decoding=\"async\" class=\"aligncenter size-full wp-image-5436\" src=\"https:\/\/blog.legimi.pl\/wp-content\/uploads\/2026\/03\/literatura-mlodziezowa-rpp-01-2026.png\" alt=\"\" width=\"1699\" height=\"455\" srcset=\"https:\/\/blog.legimi.pl\/wp-content\/uploads\/2026\/03\/literatura-mlodziezowa-rpp-01-2026.png 1699w, https:\/\/blog.legimi.pl\/wp-content\/uploads\/2026\/03\/literatura-mlodziezowa-rpp-01-2026-300x80.png 300w, https:\/\/blog.legimi.pl\/wp-content\/uploads\/2026\/03\/literatura-mlodziezowa-rpp-01-2026-1024x274.png 1024w, https:\/\/blog.legimi.pl\/wp-content\/uploads\/2026\/03\/literatura-mlodziezowa-rpp-01-2026-768x206.png 768w, https:\/\/blog.legimi.pl\/wp-content\/uploads\/2026\/03\/literatura-mlodziezowa-rpp-01-2026-1536x411.png 1536w\" sizes=\"auto, (max-width: 1699px) 100vw, 1699px\" \/><\/a><\/h2>\n<p>Je\u015bli szukacie historii, kt\u00f3re poch\u0142on\u0105 Was od pierwszej strony i nie pozwol\u0105 si\u0119 od\u0142o\u017cy\u0107, te trzy m\u0142odzie\u017cowe nowo\u015bci b\u0119d\u0105 doskona\u0142ym wyborem. Znajdziecie tu rodz\u0105ce si\u0119 uczucie mi\u0119dzy wrogami, kt\u00f3rzy nagle musz\u0105 gra\u0107 do jednej bramki; walk\u0119 o drug\u0105 szans\u0119, w kt\u00f3rej stawk\u0105 jest nie tylko mi\u0142o\u015b\u0107, ale i w\u0142asna przysz\u0142o\u015b\u0107; oraz s\u0142odko\u2011romantyczn\u0105 opowie\u015b\u0107 udowadniaj\u0105c\u0105, \u017ce jedno przypadkowe spotkanie potrafi wywr\u00f3ci\u0107 czyje\u015b \u017cycie do g\u00f3ry nogami.<\/p>\n<h3>Marta Kulczyna, <strong>\u201e<\/strong>Moonlight<strong>\u201d<\/strong> \u2014 Wydawnictwo NieZwyk\u0142e<\/h3>\n<p>Marta Kulczyna oddaje w r\u0119ce czytelnik\u00f3w histori\u0119 stworzon\u0105 z my\u015bl\u0105 o fanach motywu <em>enemies to lovers<\/em>.<\/p>\n<p><a href=\"https:\/\/www.legimi.pl\/ebook-moonlight-kulczyna-marta,b1523690.html\" target=\"_blank\" rel=\"noopener noreferrer\">Moonlight<\/a> to opowie\u015b\u0107 o Tilly, kt\u00f3ra marzy o karierze fotografki, lecz po pora\u017cce zwi\u0105zanej z Yale traci wiar\u0119 w siebie. Rodzice zabieraj\u0105 j\u0105 do domku letniskowego, by odzyska\u0142a motywacj\u0119 \u2014 jednak spok\u00f3j szybko si\u0119 ko\u0144czy. Do domu przyje\u017cd\u017ca zaprzyja\u017aniona rodzina\u2026 wraz z Tristanem, synem i \u015bwiatow\u0105 gwiazd\u0105 muzyki. Ch\u0142opakiem, kt\u00f3rego Tilly nie znosi, odk\u0105d o\u015bmieszy\u0142 j\u0105 w jednym ze swoich utwor\u00f3w.<\/p>\n<p>Podczas wsp\u00f3lnej kolacji zapada decyzja: Tristan wkr\u00f3tce ruszy w charytatywn\u0105 tras\u0119 koncertow\u0105, a Tilly zostanie jego fotografk\u0105. Dla niego to szansa na odbudowanie reputacji, dla niej \u2014 na stworzenie portfolio, kt\u00f3re mo\u017ce otworzy\u0107 drzwi do Yale.<\/p>\n<p><a href=\"https:\/\/www.legimi.pl\/ebook-moonlight-kulczyna-marta,b1523690.html\" target=\"_blank\" rel=\"noopener noreferrer\">Moonlight<\/a> to pe\u0142na napi\u0119cia i m\u0142odzie\u0144czej energii historia o pasji, ambicji i uczuciu, kt\u00f3re potrafi po\u0142\u0105czy\u0107 nawet najwi\u0119kszych wrog\u00f3w. W wersji audio g\u0142osu u\u017cycza Agata Sk\u00f3rska.<\/p>\n<h3>Anna Szubert, <strong>\u201e<\/strong>Ultraviolet. W rytmie uczu\u0107<strong>\u201d<\/strong> \u2014 Wydawnictwo Young<\/h3>\n<p>Anna Szubert powraca z drugim tomem <a href=\"https:\/\/www.legimi.pl\/ebook-ultraviolet-w-rytmie-uczuc-szubert-anna,b1520880.html\" target=\"_blank\" rel=\"noopener noreferrer\">Ultraviolet<\/a>i serwuje czytelnikom histori\u0119 o drugich szansach, utraconej przyja\u017ani i uczuciu, kt\u00f3re nie chce zgasn\u0105\u0107, cho\u0107 \u015bwiat robi wszystko, by je przyt\u0142umi\u0107.<\/p>\n<p>Carter jeszcze niedawno marzy\u0142 jedynie o poprawieniu ocen i o muzycznej karierze w Nowym Jorku. Aurelia mia\u0142a by\u0107 tylko cz\u0119\u015bci\u0105 tego planu \u2014 tymczasem sta\u0142a si\u0119 jego najwi\u0119ksz\u0105 s\u0142abo\u015bci\u0105. Teraz ch\u0142opak musi zawalczy\u0107 o zaufanie dziewczyny, kt\u00f3r\u0105 zrani\u0142, o przyja\u017a\u0144, kt\u00f3r\u0105 straci\u0142, i o siebie samego. Aurelia natomiast musi odpowiedzie\u0107 sobie na pytanie, czy serce mo\u017ce zaufa\u0107 komu\u015b, kto raz ju\u017c je zawi\u00f3d\u0142.<\/p>\n<h3>Marcelina Bobe\u0142, <strong>\u201e<\/strong>Love in Every Crumble<strong>\u201d<\/strong> \u2014 Wydawnictwo Papierowe Serce<\/h3>\n<p><a href=\"https:\/\/www.legimi.pl\/ebook-love-in-every-crumble-bobel-marcelina,b1520080.html\" target=\"_blank\" rel=\"noopener noreferrer\">Love in Every Crumble<\/a> to historia pachn\u0105ca \u015bwie\u017co upieczonymi ciastkami, pe\u0142na m\u0142odzie\u0144czej nie\u015bmia\u0142o\u015bci i uczucia, kt\u00f3re pojawia si\u0119 niespodziewanie \u2014 niczym kruszonka rozsypana na jeszcze gor\u0105cym cie\u015bcie.<\/p>\n<p>To opowie\u015b\u0107 dla wszystkich, kt\u00f3rzy wierz\u0105, \u017ce czasem wystarczy jeden cz\u0142owiek, by dostrzec w nas co\u015b, czego sami nie umiemy zobaczy\u0107.<\/p>\n<p>Sunny to mistrzyni wypiek\u00f3w i ekspertka od poprawiania nastroju s\u0142odko\u015bciami. Kiedy poznaje Dallasa, charyzmatycznego rozgrywaj\u0105cego, jej \u015bwiat zaczyna zmienia\u0107 si\u0119 w b\u0142yskawicznym tempie. Los sprawia, \u017ce musz\u0105 zamieszka\u0107 razem, a niewinne k\u0142amstwo przeradza si\u0119 w uk\u0142ad, kt\u00f3ry z ka\u017cdym dniem staje si\u0119 coraz mniej udawany.<\/p>\n<p>Bo historia, kt\u00f3ra zaczyna si\u0119 od jednego skradzionego ciastka, potrafi zmi\u0119kczy\u0107 nawet najbardziej odporne serca. Audiobook czytaj\u0105 Karina Kruk i Miko\u0142aj Sierociuk.<\/p>\n<h2><a href=\"https:\/\/www.legimi.pl\/katalog\/regularnyprzegladpolki-najciekawsze-premiery-lutego,c7773\/\"><img loading=\"lazy\" decoding=\"async\" class=\"aligncenter size-full wp-image-5437\" src=\"https:\/\/blog.legimi.pl\/wp-content\/uploads\/2026\/03\/lit-dziecieca-rpp-01-2026.png\" alt=\"\" width=\"1699\" height=\"455\" srcset=\"https:\/\/blog.legimi.pl\/wp-content\/uploads\/2026\/03\/lit-dziecieca-rpp-01-2026.png 1699w, https:\/\/blog.legimi.pl\/wp-content\/uploads\/2026\/03\/lit-dziecieca-rpp-01-2026-300x80.png 300w, https:\/\/blog.legimi.pl\/wp-content\/uploads\/2026\/03\/lit-dziecieca-rpp-01-2026-1024x274.png 1024w, https:\/\/blog.legimi.pl\/wp-content\/uploads\/2026\/03\/lit-dziecieca-rpp-01-2026-768x206.png 768w, https:\/\/blog.legimi.pl\/wp-content\/uploads\/2026\/03\/lit-dziecieca-rpp-01-2026-1536x411.png 1536w\" sizes=\"auto, (max-width: 1699px) 100vw, 1699px\" \/><\/a><\/h2>\n<p>Trzy tytu\u0142y w tej kategorii przypominaj\u0105, jak wa\u017cne jest piel\u0119gnowanie dzieci\u0119cej ciekawo\u015bci \u015bwiata. Opowie\u015b\u0107 o sile prostego przytulenia, dociekliwe rozmowy Zosi i jej babci oraz kolejna wyprawa Tappiego do krainy niezwyk\u0142ych stworze\u0144 pokazuj\u0105, \u017ce dobre historie potrafi\u0105 bawi\u0107, dodawa\u0107 otuchy, uczy\u0107 uwa\u017cno\u015bci i budowa\u0107 w m\u0142odych czytelnikach wra\u017cliwo\u015b\u0107.<\/p>\n<h3>Przemys\u0142aw Wechterowicz, <strong>\u201e<\/strong>Prosz\u0119 mnie przytuli\u0107<strong>\u201d<\/strong> \u2014 Wydawnictwo Wyszukane \/ Ezop<\/h3>\n<p>Wyobra\u017acie sobie \u015bwiat, w kt\u00f3rym jeden prosty gest potrafi odmieni\u0107 ca\u0142y dzie\u0144. Taki w\u0142a\u015bnie \u015bwiat stworzy\u0142 Przemys\u0142aw Wechterowicz w uwielbianej serii <a href=\"https:\/\/www.legimi.pl\/ebook-prosze-mnie-przytulic-przemyslaw-wechterowicz,b1523188.html\" target=\"_blank\" rel=\"noopener noreferrer\">Prosz\u0119 mnie przytuli\u0107<\/a>, pe\u0142nej czu\u0142o\u015bci, humoru i niezwyk\u0142ych przyg\u00f3d Taty Nied\u017awiedzia i jego ma\u0142ego Nied\u017awiadka.<\/p>\n<p>Pewnego dnia Tata zdradza synowi wielk\u0105, nied\u017awiedzi\u0105 tajemnic\u0119: wystarczy mocno kogo\u015b przytuli\u0107, by \u015bwiat natychmiast sta\u0142 si\u0119 pi\u0119kniejszy. Tak rozpoczyna si\u0119 ich wyprawa przez las, podczas kt\u00f3rej tul\u0105 ka\u017cdego, kogo spotkaj\u0105.<\/p>\n<p>Je\u015bli pokochacie pierwszy tom \u2014 a pokochacie na pewno \u2014 koniecznie si\u0119gnijcie tak\u017ce po pozosta\u0142e audiobooki z tej uroczej serii.<\/p>\n<h3>Joanna Jagie\u0142\u0142o, <strong>\u201e<\/strong>Wszystko powiem babci! O mowie zwierz\u0105t<strong>\u201d<\/strong> \u2014 Wydawnictwo Zielona Sowa<\/h3>\n<p>Jak w\u0142a\u015bciwie zwierz\u0119ta porozumiewaj\u0105 si\u0119 mi\u0119dzy sob\u0105? Czy ludzie mog\u0105 z nimi \u201epogada\u0107\u201d? Kt\u00f3re gatunki s\u0105 najbardziej rozmowne? I czy ryby r\u00f3wnie\u017c potrafi\u0105 zabiera\u0107 g\u0142os?<\/p>\n<p>Zosia uwielbia zadawa\u0107 najr\u00f3\u017cniejsze, czasem naprawd\u0119 zaskakuj\u0105ce pytania. A <a href=\"https:\/\/www.legimi.pl\/ebook-wszystko-powiem-babci-o-mowie-zwierzat-joanna-jagiello,b1523196.html\" target=\"_blank\" rel=\"noopener noreferrer\">babcia Agnieszka<\/a> jest prawdziw\u0105 skarbnic\u0105 wiedzy \u2014 cho\u0107 je\u015bli czego\u015b nie wie, razem b\u0142yskawicznie to odkryj\u0105.<\/p>\n<p><a href=\"https:\/\/www.legimi.pl\/ebooki\/wszystko-powiem-babci,c6573\/?sort=score\" target=\"_blank\" rel=\"noopener noreferrer\">Seria Joanny Jagie\u0142\u0142o<\/a>, w znakomitej interpretacji audio, to ciep\u0142e, pe\u0142ne humoru i naukowych ciekawostek opowie\u015bci, kt\u00f3re pobudzaj\u0105 dzieci\u0119c\u0105 wyobra\u017ani\u0119 i zach\u0119caj\u0105 do odkrywania \u015bwiata.<\/p>\n<h3>Marcin Mortka, <strong>\u201e<\/strong>Tappi. Tarapaty Tappiego w Magicznym Ogrodzie<strong>\u201d<\/strong> \u2014 Wydawnictwo SQN<\/h3>\n<p>Do Szepcz\u0105cego Lasu zbli\u017ca si\u0119 jesie\u0144, ale <a href=\"https:\/\/www.legimi.pl\/ebook-tappi-tarapaty-tappiego-w-magicznym-ogrodzie-marcin-mortka,b1523447.html\" target=\"_blank\" rel=\"noopener noreferrer\">Tappi<\/a> i Chichotek nie planuj\u0105 nudnych dni. Kr\u00f3tki spacer zamienia si\u0119 w ich kolejn\u0105 niezwyk\u0142\u0105 przygod\u0119 \u2014 tym razem w tajemniczym Magicznym Ogrodzie, gdzie panuje wieczne lato. Brzmi cudownie? Tylko pozornie!<\/p>\n<p>W ogrodzie panuje chaos, sroki rozrabiaj\u0105, a kto\u015b uparcie kopie dziury, gdzie tylko si\u0119 da. Czy Tappi i Chichotek poradz\u0105 sobie z tym ba\u0142aganem i pomog\u0105 mieszka\u0144com ogrodu? Przygody wspaniale czyta Janusz Zadura.<\/p>\n<h3>Niezale\u017cnie od tego, czy szukacie ksi\u0105\u017cki na wiecz\u00f3r pe\u0142en emocji, podr\u00f3\u017cy w odleg\u0142e \u015bwiaty czy fascynuj\u0105cych prawdziwych historii \u2014 w\u015br\u00f3d naszych propozycji na pewno znajdziecie co\u015b dla siebie. Si\u0119gnijcie po nowo\u015bci, kt\u00f3re ju\u017c podbijaj\u0105 serca czytelnik\u00f3w, i odkryjcie tytu\u0142y, kt\u00f3re by\u0107 mo\u017ce stan\u0105 si\u0119 Waszymi ulubionymi.<\/h3>\n<p>Ju\u017c teraz mo\u017cesz obejrze\u0107 materia\u0142 video! Nie zapomnij o subskrypcji \ud83d\ude42<\/p>\n<p><iframe loading=\"lazy\" title=\"#RegularnyPrzegl\u0105dP\u00f3\u0142ki | Najciekawsze premiery lutego\" width=\"500\" height=\"281\" src=\"https:\/\/www.youtube.com\/embed\/74FzCHnTuJI?feature=oembed\" frameborder=\"0\" allow=\"accelerometer; autoplay; clipboard-write; encrypted-media; gyroscope; picture-in-picture; web-share\" referrerpolicy=\"strict-origin-when-cross-origin\" allowfullscreen><\/iframe><\/p>\n","protected":false},"excerpt":{"rendered":"<p>Jakie interesuj\u0105ce nowo\u015bci pojawi\u0142y si\u0119 w lutym w katalogu Legimi? Przejrzeli\u015bmy dla Was p\u00f3\u0142ki z premierami i wybrali\u015bmy 21 tytu\u0142\u00f3w, kt\u00f3re warto przeczyta\u0107. Regularny Przegl\u0105d P\u00f3\u0142ki to nasz comiesi\u0119czny cykl, w kt\u00f3rym poszukujemy najciekawszych ksi\u0105\u017ckowych nowo\u015bci dost\u0119pnych w Legimi. Si\u0119gamy po ksi\u0105\u017cki z najr\u00f3\u017cniejszych gatunk\u00f3w \u2014 buszujemy w\u015br\u00f3d krymina\u0142\u00f3w i thriller\u00f3w, szukamy wzruszaj\u0105cych romans\u00f3w oraz [&hellip;]<\/p>\n","protected":false},"author":61,"featured_media":5438,"comment_status":"closed","ping_status":"closed","sticky":false,"template":"","format":"standard","meta":{"footnotes":""},"categories":[11,4261,5302],"tags":[5314],"class_list":["post-5430","post","type-post","status-publish","format-standard","has-post-thumbnail","hentry","category-abonament-2","category-artykuly","category-inspiracje","tag-regularny-przeglad-polki"],"yoast_head":"<!-- This site is optimized with the Yoast SEO plugin v27.4 - https:\/\/yoast.com\/product\/yoast-seo-wordpress\/ -->\n<title>Przegl\u0105d nowo\u015bci ksi\u0105\u017ckowych - Legimi - blog<\/title>\n<meta name=\"description\" content=\"Szukasz dobrej ksi\u0105\u017cki? Odkryj 21 najciekawszych nowo\u015bci lutego 2026 w katalogu Legimi. Krymina\u0142y, romanse, fantastyka i inne czekaj\u0105!\" \/>\n<meta name=\"robots\" content=\"index, follow, max-snippet:-1, max-image-preview:large, max-video-preview:-1\" \/>\n<link rel=\"canonical\" href=\"https:\/\/www.legimi.pl\/blog\/2026\/03\/przeglad-nowosci-ksiazkowych-luty-2026\/\" \/>\n<meta property=\"og:locale\" content=\"pl_PL\" \/>\n<meta property=\"og:type\" content=\"article\" \/>\n<meta property=\"og:title\" content=\"Przegl\u0105d nowo\u015bci ksi\u0105\u017ckowych - Legimi - blog\" \/>\n<meta property=\"og:description\" content=\"Szukasz dobrej ksi\u0105\u017cki? Odkryj 21 najciekawszych nowo\u015bci lutego 2026 w katalogu Legimi. Krymina\u0142y, romanse, fantastyka i inne czekaj\u0105!\" \/>\n<meta property=\"og:url\" content=\"https:\/\/www.legimi.pl\/blog\/2026\/03\/przeglad-nowosci-ksiazkowych-luty-2026\/\" \/>\n<meta property=\"og:site_name\" content=\"Legimi - blog\" \/>\n<meta property=\"article:published_time\" content=\"2026-03-11T13:08:54+00:00\" \/>\n<meta property=\"og:image\" content=\"https:\/\/blog.legimi.pl\/wp-content\/uploads\/2026\/03\/Nowosci-w-legimi-styczen-2027.png\" \/>\n\t<meta property=\"og:image:width\" content=\"1080\" \/>\n\t<meta property=\"og:image:height\" content=\"675\" \/>\n\t<meta property=\"og:image:type\" content=\"image\/png\" \/>\n<meta name=\"author\" content=\"Agnieszka B\u0142aszczyk\" \/>\n<meta name=\"twitter:card\" content=\"summary_large_image\" \/>\n<meta name=\"twitter:label1\" content=\"Napisane przez\" \/>\n\t<meta name=\"twitter:data1\" content=\"Agnieszka B\u0142aszczyk\" \/>\n\t<meta name=\"twitter:label2\" content=\"Szacowany czas czytania\" \/>\n\t<meta name=\"twitter:data2\" content=\"18 minut\" \/>\n<script type=\"application\/ld+json\" class=\"yoast-schema-graph\">{\"@context\":\"https:\\\/\\\/schema.org\",\"@graph\":[{\"@type\":\"Article\",\"@id\":\"https:\\\/\\\/www.legimi.pl\\\/blog\\\/2026\\\/03\\\/przeglad-nowosci-ksiazkowych-luty-2026\\\/#article\",\"isPartOf\":{\"@id\":\"https:\\\/\\\/www.legimi.pl\\\/blog\\\/2026\\\/03\\\/przeglad-nowosci-ksiazkowych-luty-2026\\\/\"},\"author\":{\"name\":\"Agnieszka B\u0142aszczyk\",\"@id\":\"https:\\\/\\\/www.legimi.pl\\\/blog\\\/#\\\/schema\\\/person\\\/ebd2705e460590d5460b6da515b4f18d\"},\"headline\":\"Przegl\u0105d nowo\u015bci ksi\u0105\u017ckowych &#8211; luty 2026\",\"datePublished\":\"2026-03-11T13:08:54+00:00\",\"mainEntityOfPage\":{\"@id\":\"https:\\\/\\\/www.legimi.pl\\\/blog\\\/2026\\\/03\\\/przeglad-nowosci-ksiazkowych-luty-2026\\\/\"},\"wordCount\":3219,\"image\":{\"@id\":\"https:\\\/\\\/www.legimi.pl\\\/blog\\\/2026\\\/03\\\/przeglad-nowosci-ksiazkowych-luty-2026\\\/#primaryimage\"},\"thumbnailUrl\":\"https:\\\/\\\/blog.legimi.pl\\\/wp-content\\\/uploads\\\/2026\\\/03\\\/Nowosci-w-legimi-styczen-2027.png\",\"keywords\":[\"Regularny Przegl\u0105d P\u00f3\u0142ki\"],\"articleSection\":[\"Abonament\",\"Artyku\u0142y\",\"Inspiracje\"],\"inLanguage\":\"pl-PL\"},{\"@type\":\"WebPage\",\"@id\":\"https:\\\/\\\/www.legimi.pl\\\/blog\\\/2026\\\/03\\\/przeglad-nowosci-ksiazkowych-luty-2026\\\/\",\"url\":\"https:\\\/\\\/www.legimi.pl\\\/blog\\\/2026\\\/03\\\/przeglad-nowosci-ksiazkowych-luty-2026\\\/\",\"name\":\"Przegl\u0105d nowo\u015bci ksi\u0105\u017ckowych - Legimi - blog\",\"isPartOf\":{\"@id\":\"https:\\\/\\\/www.legimi.pl\\\/blog\\\/#website\"},\"primaryImageOfPage\":{\"@id\":\"https:\\\/\\\/www.legimi.pl\\\/blog\\\/2026\\\/03\\\/przeglad-nowosci-ksiazkowych-luty-2026\\\/#primaryimage\"},\"image\":{\"@id\":\"https:\\\/\\\/www.legimi.pl\\\/blog\\\/2026\\\/03\\\/przeglad-nowosci-ksiazkowych-luty-2026\\\/#primaryimage\"},\"thumbnailUrl\":\"https:\\\/\\\/blog.legimi.pl\\\/wp-content\\\/uploads\\\/2026\\\/03\\\/Nowosci-w-legimi-styczen-2027.png\",\"datePublished\":\"2026-03-11T13:08:54+00:00\",\"author\":{\"@id\":\"https:\\\/\\\/www.legimi.pl\\\/blog\\\/#\\\/schema\\\/person\\\/ebd2705e460590d5460b6da515b4f18d\"},\"description\":\"Szukasz dobrej ksi\u0105\u017cki? Odkryj 21 najciekawszych nowo\u015bci lutego 2026 w katalogu Legimi. Krymina\u0142y, romanse, fantastyka i inne czekaj\u0105!\",\"breadcrumb\":{\"@id\":\"https:\\\/\\\/www.legimi.pl\\\/blog\\\/2026\\\/03\\\/przeglad-nowosci-ksiazkowych-luty-2026\\\/#breadcrumb\"},\"inLanguage\":\"pl-PL\",\"potentialAction\":[{\"@type\":\"ReadAction\",\"target\":[\"https:\\\/\\\/www.legimi.pl\\\/blog\\\/2026\\\/03\\\/przeglad-nowosci-ksiazkowych-luty-2026\\\/\"]}]},{\"@type\":\"ImageObject\",\"inLanguage\":\"pl-PL\",\"@id\":\"https:\\\/\\\/www.legimi.pl\\\/blog\\\/2026\\\/03\\\/przeglad-nowosci-ksiazkowych-luty-2026\\\/#primaryimage\",\"url\":\"https:\\\/\\\/blog.legimi.pl\\\/wp-content\\\/uploads\\\/2026\\\/03\\\/Nowosci-w-legimi-styczen-2027.png\",\"contentUrl\":\"https:\\\/\\\/blog.legimi.pl\\\/wp-content\\\/uploads\\\/2026\\\/03\\\/Nowosci-w-legimi-styczen-2027.png\",\"width\":1080,\"height\":675},{\"@type\":\"BreadcrumbList\",\"@id\":\"https:\\\/\\\/www.legimi.pl\\\/blog\\\/2026\\\/03\\\/przeglad-nowosci-ksiazkowych-luty-2026\\\/#breadcrumb\",\"itemListElement\":[{\"@type\":\"ListItem\",\"position\":1,\"name\":\"Home\",\"item\":\"https:\\\/\\\/www.legimi.pl\\\/blog\\\/\"},{\"@type\":\"ListItem\",\"position\":2,\"name\":\"Przegl\u0105d nowo\u015bci ksi\u0105\u017ckowych &#8211; luty 2026\"}]},{\"@type\":\"WebSite\",\"@id\":\"https:\\\/\\\/www.legimi.pl\\\/blog\\\/#website\",\"url\":\"https:\\\/\\\/www.legimi.pl\\\/blog\\\/\",\"name\":\"Legimi - blog\",\"description\":\"\",\"potentialAction\":[{\"@type\":\"SearchAction\",\"target\":{\"@type\":\"EntryPoint\",\"urlTemplate\":\"https:\\\/\\\/www.legimi.pl\\\/blog\\\/?s={search_term_string}\"},\"query-input\":{\"@type\":\"PropertyValueSpecification\",\"valueRequired\":true,\"valueName\":\"search_term_string\"}}],\"inLanguage\":\"pl-PL\"},{\"@type\":\"Person\",\"@id\":\"https:\\\/\\\/www.legimi.pl\\\/blog\\\/#\\\/schema\\\/person\\\/ebd2705e460590d5460b6da515b4f18d\",\"name\":\"Agnieszka B\u0142aszczyk\",\"image\":{\"@type\":\"ImageObject\",\"inLanguage\":\"pl-PL\",\"@id\":\"https:\\\/\\\/secure.gravatar.com\\\/avatar\\\/a09ea5f61d6193acf6fd5ce987bcf152cb3cc5d46ea8734f0665f65fc600bba0?s=96&d=mm&r=g\",\"url\":\"https:\\\/\\\/secure.gravatar.com\\\/avatar\\\/a09ea5f61d6193acf6fd5ce987bcf152cb3cc5d46ea8734f0665f65fc600bba0?s=96&d=mm&r=g\",\"contentUrl\":\"https:\\\/\\\/secure.gravatar.com\\\/avatar\\\/a09ea5f61d6193acf6fd5ce987bcf152cb3cc5d46ea8734f0665f65fc600bba0?s=96&d=mm&r=g\",\"caption\":\"Agnieszka B\u0142aszczyk\"},\"url\":\"https:\\\/\\\/www.legimi.pl\\\/blog\\\/author\\\/agnieszka-blaszczyk\\\/\"}]}<\/script>\n<!-- \/ Yoast SEO plugin. -->","yoast_head_json":{"title":"Przegl\u0105d nowo\u015bci ksi\u0105\u017ckowych - Legimi - blog","description":"Szukasz dobrej ksi\u0105\u017cki? Odkryj 21 najciekawszych nowo\u015bci lutego 2026 w katalogu Legimi. Krymina\u0142y, romanse, fantastyka i inne czekaj\u0105!","robots":{"index":"index","follow":"follow","max-snippet":"max-snippet:-1","max-image-preview":"max-image-preview:large","max-video-preview":"max-video-preview:-1"},"canonical":"https:\/\/www.legimi.pl\/blog\/2026\/03\/przeglad-nowosci-ksiazkowych-luty-2026\/","og_locale":"pl_PL","og_type":"article","og_title":"Przegl\u0105d nowo\u015bci ksi\u0105\u017ckowych - Legimi - blog","og_description":"Szukasz dobrej ksi\u0105\u017cki? Odkryj 21 najciekawszych nowo\u015bci lutego 2026 w katalogu Legimi. Krymina\u0142y, romanse, fantastyka i inne czekaj\u0105!","og_url":"https:\/\/www.legimi.pl\/blog\/2026\/03\/przeglad-nowosci-ksiazkowych-luty-2026\/","og_site_name":"Legimi - blog","article_published_time":"2026-03-11T13:08:54+00:00","og_image":[{"width":1080,"height":675,"url":"https:\/\/blog.legimi.pl\/wp-content\/uploads\/2026\/03\/Nowosci-w-legimi-styczen-2027.png","type":"image\/png"}],"author":"Agnieszka B\u0142aszczyk","twitter_card":"summary_large_image","twitter_misc":{"Napisane przez":"Agnieszka B\u0142aszczyk","Szacowany czas czytania":"18 minut"},"schema":{"@context":"https:\/\/schema.org","@graph":[{"@type":"Article","@id":"https:\/\/www.legimi.pl\/blog\/2026\/03\/przeglad-nowosci-ksiazkowych-luty-2026\/#article","isPartOf":{"@id":"https:\/\/www.legimi.pl\/blog\/2026\/03\/przeglad-nowosci-ksiazkowych-luty-2026\/"},"author":{"name":"Agnieszka B\u0142aszczyk","@id":"https:\/\/www.legimi.pl\/blog\/#\/schema\/person\/ebd2705e460590d5460b6da515b4f18d"},"headline":"Przegl\u0105d nowo\u015bci ksi\u0105\u017ckowych &#8211; luty 2026","datePublished":"2026-03-11T13:08:54+00:00","mainEntityOfPage":{"@id":"https:\/\/www.legimi.pl\/blog\/2026\/03\/przeglad-nowosci-ksiazkowych-luty-2026\/"},"wordCount":3219,"image":{"@id":"https:\/\/www.legimi.pl\/blog\/2026\/03\/przeglad-nowosci-ksiazkowych-luty-2026\/#primaryimage"},"thumbnailUrl":"https:\/\/blog.legimi.pl\/wp-content\/uploads\/2026\/03\/Nowosci-w-legimi-styczen-2027.png","keywords":["Regularny Przegl\u0105d P\u00f3\u0142ki"],"articleSection":["Abonament","Artyku\u0142y","Inspiracje"],"inLanguage":"pl-PL"},{"@type":"WebPage","@id":"https:\/\/www.legimi.pl\/blog\/2026\/03\/przeglad-nowosci-ksiazkowych-luty-2026\/","url":"https:\/\/www.legimi.pl\/blog\/2026\/03\/przeglad-nowosci-ksiazkowych-luty-2026\/","name":"Przegl\u0105d nowo\u015bci ksi\u0105\u017ckowych - Legimi - blog","isPartOf":{"@id":"https:\/\/www.legimi.pl\/blog\/#website"},"primaryImageOfPage":{"@id":"https:\/\/www.legimi.pl\/blog\/2026\/03\/przeglad-nowosci-ksiazkowych-luty-2026\/#primaryimage"},"image":{"@id":"https:\/\/www.legimi.pl\/blog\/2026\/03\/przeglad-nowosci-ksiazkowych-luty-2026\/#primaryimage"},"thumbnailUrl":"https:\/\/blog.legimi.pl\/wp-content\/uploads\/2026\/03\/Nowosci-w-legimi-styczen-2027.png","datePublished":"2026-03-11T13:08:54+00:00","author":{"@id":"https:\/\/www.legimi.pl\/blog\/#\/schema\/person\/ebd2705e460590d5460b6da515b4f18d"},"description":"Szukasz dobrej ksi\u0105\u017cki? Odkryj 21 najciekawszych nowo\u015bci lutego 2026 w katalogu Legimi. Krymina\u0142y, romanse, fantastyka i inne czekaj\u0105!","breadcrumb":{"@id":"https:\/\/www.legimi.pl\/blog\/2026\/03\/przeglad-nowosci-ksiazkowych-luty-2026\/#breadcrumb"},"inLanguage":"pl-PL","potentialAction":[{"@type":"ReadAction","target":["https:\/\/www.legimi.pl\/blog\/2026\/03\/przeglad-nowosci-ksiazkowych-luty-2026\/"]}]},{"@type":"ImageObject","inLanguage":"pl-PL","@id":"https:\/\/www.legimi.pl\/blog\/2026\/03\/przeglad-nowosci-ksiazkowych-luty-2026\/#primaryimage","url":"https:\/\/blog.legimi.pl\/wp-content\/uploads\/2026\/03\/Nowosci-w-legimi-styczen-2027.png","contentUrl":"https:\/\/blog.legimi.pl\/wp-content\/uploads\/2026\/03\/Nowosci-w-legimi-styczen-2027.png","width":1080,"height":675},{"@type":"BreadcrumbList","@id":"https:\/\/www.legimi.pl\/blog\/2026\/03\/przeglad-nowosci-ksiazkowych-luty-2026\/#breadcrumb","itemListElement":[{"@type":"ListItem","position":1,"name":"Home","item":"https:\/\/www.legimi.pl\/blog\/"},{"@type":"ListItem","position":2,"name":"Przegl\u0105d nowo\u015bci ksi\u0105\u017ckowych &#8211; luty 2026"}]},{"@type":"WebSite","@id":"https:\/\/www.legimi.pl\/blog\/#website","url":"https:\/\/www.legimi.pl\/blog\/","name":"Legimi - blog","description":"","potentialAction":[{"@type":"SearchAction","target":{"@type":"EntryPoint","urlTemplate":"https:\/\/www.legimi.pl\/blog\/?s={search_term_string}"},"query-input":{"@type":"PropertyValueSpecification","valueRequired":true,"valueName":"search_term_string"}}],"inLanguage":"pl-PL"},{"@type":"Person","@id":"https:\/\/www.legimi.pl\/blog\/#\/schema\/person\/ebd2705e460590d5460b6da515b4f18d","name":"Agnieszka B\u0142aszczyk","image":{"@type":"ImageObject","inLanguage":"pl-PL","@id":"https:\/\/secure.gravatar.com\/avatar\/a09ea5f61d6193acf6fd5ce987bcf152cb3cc5d46ea8734f0665f65fc600bba0?s=96&d=mm&r=g","url":"https:\/\/secure.gravatar.com\/avatar\/a09ea5f61d6193acf6fd5ce987bcf152cb3cc5d46ea8734f0665f65fc600bba0?s=96&d=mm&r=g","contentUrl":"https:\/\/secure.gravatar.com\/avatar\/a09ea5f61d6193acf6fd5ce987bcf152cb3cc5d46ea8734f0665f65fc600bba0?s=96&d=mm&r=g","caption":"Agnieszka B\u0142aszczyk"},"url":"https:\/\/www.legimi.pl\/blog\/author\/agnieszka-blaszczyk\/"}]}},"_links":{"self":[{"href":"https:\/\/www.legimi.pl\/blog\/wp-json\/wp\/v2\/posts\/5430","targetHints":{"allow":["GET"]}}],"collection":[{"href":"https:\/\/www.legimi.pl\/blog\/wp-json\/wp\/v2\/posts"}],"about":[{"href":"https:\/\/www.legimi.pl\/blog\/wp-json\/wp\/v2\/types\/post"}],"author":[{"embeddable":true,"href":"https:\/\/www.legimi.pl\/blog\/wp-json\/wp\/v2\/users\/61"}],"replies":[{"embeddable":true,"href":"https:\/\/www.legimi.pl\/blog\/wp-json\/wp\/v2\/comments?post=5430"}],"version-history":[{"count":2,"href":"https:\/\/www.legimi.pl\/blog\/wp-json\/wp\/v2\/posts\/5430\/revisions"}],"predecessor-version":[{"id":5440,"href":"https:\/\/www.legimi.pl\/blog\/wp-json\/wp\/v2\/posts\/5430\/revisions\/5440"}],"wp:featuredmedia":[{"embeddable":true,"href":"https:\/\/www.legimi.pl\/blog\/wp-json\/wp\/v2\/media\/5438"}],"wp:attachment":[{"href":"https:\/\/www.legimi.pl\/blog\/wp-json\/wp\/v2\/media?parent=5430"}],"wp:term":[{"taxonomy":"category","embeddable":true,"href":"https:\/\/www.legimi.pl\/blog\/wp-json\/wp\/v2\/categories?post=5430"},{"taxonomy":"post_tag","embeddable":true,"href":"https:\/\/www.legimi.pl\/blog\/wp-json\/wp\/v2\/tags?post=5430"}],"curies":[{"name":"wp","href":"https:\/\/api.w.org\/{rel}","templated":true}]}}