{"id":5330,"date":"2026-01-20T10:00:15","date_gmt":"2026-01-20T09:00:15","guid":{"rendered":"https:\/\/www.legimi.pl\/blog\/?p=5330"},"modified":"2026-01-28T10:09:43","modified_gmt":"2026-01-28T09:09:43","slug":"wydawca_miesiaca_dowody","status":"publish","type":"post","link":"https:\/\/www.legimi.pl\/blog\/2026\/01\/wydawca_miesiaca_dowody\/","title":{"rendered":"Maj\u0105 dowody na dobr\u0105 literatur\u0119. Wydawca stycznia"},"content":{"rendered":"<h2 data-pm-slice=\"1 1 []\"><img loading=\"lazy\" decoding=\"async\" class=\"aligncenter size-full wp-image-5331\" src=\"https:\/\/blog.legimi.pl\/wp-content\/uploads\/2026\/01\/wydawca-miesiaca-wyd-dowody.png\" alt=\"\" width=\"1700\" height=\"455\" srcset=\"https:\/\/blog.legimi.pl\/wp-content\/uploads\/2026\/01\/wydawca-miesiaca-wyd-dowody.png 1700w, https:\/\/blog.legimi.pl\/wp-content\/uploads\/2026\/01\/wydawca-miesiaca-wyd-dowody-300x80.png 300w, https:\/\/blog.legimi.pl\/wp-content\/uploads\/2026\/01\/wydawca-miesiaca-wyd-dowody-1024x274.png 1024w, https:\/\/blog.legimi.pl\/wp-content\/uploads\/2026\/01\/wydawca-miesiaca-wyd-dowody-768x206.png 768w, https:\/\/blog.legimi.pl\/wp-content\/uploads\/2026\/01\/wydawca-miesiaca-wyd-dowody-1536x411.png 1536w\" sizes=\"auto, (max-width: 1700px) 100vw, 1700px\" \/>Dowody to wydawnictwo, kt\u00f3re zna si\u0119 na faktach \u2014 i wie, jak o nich opowiada\u0107. Od reporta\u017cu przez eseje po literatur\u0119 czesk\u0105, oficyna prowadzona przez Mariusza Szczyg\u0142a i Juliann\u0119 Jonek\u2011Springer od lat kszta\u0142tuje spos\u00f3b, w jaki czytamy i rozumiemy \u015bwiat.<\/h2>\n<p data-pm-slice=\"1 1 []\">Historia wydawnictwa si\u0119ga roku 2014. Powsta\u0142o w ramach Fundacji Instytut Reporta\u017cu, kt\u00f3rej celem jest promocja literatury faktu. Redaktork\u0105 naczeln\u0105 Dowod\u00f3w jest Julianna Jonek-Springer, a w radzie merytorycznej zasiadaj\u0105 <a href=\"https:\/\/www.legimi.pl\/katalog\/?searchphrase=mariusz%20szczygie%c5%82&amp;filters=audiobooks,ebooks,epub,hidecatalogb,mobi,paperbooks,pdf,synchrobooks,unlimited,unlimitedlegimi&amp;sort=score\" target=\"_blank\" rel=\"noopener noreferrer\">Mariusz Szczygie\u0142<\/a> i <a href=\"https:\/\/www.legimi.pl\/ebook-szyjac-olga-gitkiewicz,b1497511.html\" target=\"_blank\" rel=\"noopener noreferrer\">Olga Gitkiewicz<\/a>.<\/p>\n<p>Wydawnictwo specjalizuje si\u0119 w wydawaniu reporta\u017cy, literatury czeskiej oraz esej\u00f3w.\u00a0Szuka tekst\u00f3w, kt\u00f3re nie tylko wy\u0142awiaj\u0105 z rzeczywisto\u015bci ciekawe historie, lecz tak\u017ce w spos\u00f3b oryginalny, \u015bwie\u017cy, niebanalny o nich opowiadaj\u0105.<\/p>\n<h3>\u201eNajlepiej znamy si\u0119 na faktach, chocia\u017c to, na co zwracamy szczeg\u00f3ln\u0105 uwag\u0119, to forma. Nie zale\u017cy nam jedynie na tre\u015bci, ale r\u00f3wnie\u017c na tym, w jaki spos\u00f3b jest opowiedziana dana historia.\u201d<\/h3>\n<p>Do 2023 r. oficyna dzia\u0142a\u0142a pod nazw\u0105 Dowody na Istnienie, kt\u00f3ra nawi\u0105zywa\u0142a do zbioru reporta\u017cy Hanny Krall po takim w\u0142a\u015bnie tytu\u0142em. Reporta\u017c jest przecie\u017c dowodem na istnienie \u015bwiata, \u017cycia i cz\u0142owieka. Zdecydowano si\u0119 na zmian\u0119 nazwy, ze wzgl\u0119du na jej skojarzenia z literatura religijn\u0105. Mariusz Szczygie\u0142 i Julianna Jonek Springer tak t\u0142umaczyli t\u0119 decyzj\u0119:<\/p>\n<h3>\u201eDowody na istnienie Boga? \u2013 to pytanie us\u0142yszeli\u015bmy setki razy. A o Bogu wiemy niewiele, znamy si\u0119 na faktach. Zauwa\u017cyli\u015bmy te\u017c, \u017ce rzadko kto u\u017cywa pe\u0142nej nazwy naszego wydawnictwa. Zawsze s\u0142yszymy o Dowodach. Postanowili\u015bmy wi\u0119c j\u0105 upro\u015bci\u0107.\u201d<\/h3>\n<p>W katalogu <a href=\"https:\/\/www.legimi.pl\/wydawnictwo\/dowody-na-istnienie,pd131\/?filters=audiobooks,ebooks,epub,hidecatalogb,mobi,paperbooks,pdf,synchrobooks,unlimited,unlimitedlegimi&amp;languages=english,german,polish,ukrainian\" target=\"_blank\" rel=\"noopener noreferrer\">Dowod\u00f3w<\/a> znajdziecie ksi\u0105\u017cki takich autorek i autor\u00f3w jak: <a href=\"https:\/\/www.legimi.pl\/ebook-ogien-wyszedl-z-lasu-dawid-iwaniec,b1446172.html\" target=\"_blank\" rel=\"noopener noreferrer\">Dawid Iwaniec<\/a>, <a href=\"https:\/\/www.legimi.pl\/ebook-ballada-o-spiacym-lwie-agata-listos-kostrzewa,b1446174.html\" target=\"_blank\" rel=\"noopener noreferrer\">Agata Listo\u015b-Kostrzewa<\/a>, Olga Gitkiewicz, <a href=\"https:\/\/www.legimi.pl\/ebook-rubiez-reportaz-wedrowny-pluta-ewa,b1452495.html\" target=\"_blank\" rel=\"noopener noreferrer\">Ewa Pluta<\/a>, <a href=\"https:\/\/www.legimi.pl\/ebook-cien-w-cien-jaroslaw-mikolajewski,b699716.html\" target=\"_blank\" rel=\"noopener noreferrer\">Jaros\u0142aw Miko\u0142ajewski<\/a>, <a href=\"https:\/\/www.legimi.pl\/ebook-pogo-sieczko-jakub,b1444884.html\" target=\"_blank\" rel=\"noopener noreferrer\">Jakub Sieczko<\/a>, Mariusz Szczygie\u0142.<\/p>\n<p>Oficyna postawi\u0142a sobie za cel przywr\u00f3ci\u0107 do czytelniczego obiegu klasyk\u0119 literatury faktu oraz starsze zbiory reporta\u017cy i esej\u00f3w. Dowody przypomnia\u0142y czytelnikom tw\u00f3rczo\u015b\u0107 m.in. <a href=\"https:\/\/www.legimi.pl\/autor\/jolanta-brach-czaina,ad21014\/?filters=audiobooks,ebooks,epub,mobi,pdf,synchrobooks\" target=\"_blank\" rel=\"noopener noreferrer\">Jolanty Brach-Czainy<\/a>, Hanny Krall, <a href=\"https:\/\/www.legimi.pl\/ebook-niemiec-wlodzimierz-nowak,b1397937.html\" target=\"_blank\" rel=\"noopener noreferrer\">W\u0142odzimierza Nowaka<\/a>, Andrzeja Mularczyka, <a href=\"https:\/\/www.legimi.pl\/ebook-na-kazdym-rogu-ta-sama-truskawa-miron-bialoszewski,b1445858.html\" target=\"_blank\" rel=\"noopener noreferrer\">Mirona Bia\u0142oszewskiego<\/a>, Thomasa Wolfe\u2019a. W ramach serii czeskiej opublikowa\u0142o dzie\u0142a takich pisarzy jak: <a href=\"https:\/\/www.legimi.pl\/katalog\/?searchphrase=%20ota%20pavel&amp;filters=audiobooks,ebooks,epub,hidecatalogb,mobi,paperbooks,pdf,synchrobooks,unlimited,unlimitedlegimi&amp;sort=score\" target=\"_blank\" rel=\"noopener noreferrer\">Ota Pavel<\/a>, <a href=\"https:\/\/www.legimi.pl\/ebook-tchorze-josef-skvorecky,b1444875.html\" target=\"_blank\" rel=\"noopener noreferrer\">Josef \u0160kvorecky<\/a> i <a href=\"https:\/\/www.legimi.pl\/ebook-kacica-kohout-pavel,b1446013.html\" target=\"_blank\" rel=\"noopener noreferrer\">Pavel Kohout<\/a>.<\/p>\n<h3>Serie wydawnicze<\/h3>\n<p>Oficyna prowadzi kilka serii wydawniczych. Najbardziej popularn\u0105 i najliczniejsz\u0105 pod wzgl\u0119dem liczby wydanych ksi\u0105\u017cek jest <a href=\"https:\/\/www.legimi.pl\/katalog\/seria-reporterska,c6994\/?filters=audiobooks,ebooks,epub,hidecatalogb,mobi,pdf,synchrobooks,unlimited,unlimitedlegimi&amp;sort=score\" target=\"_blank\" rel=\"noopener noreferrer\">seria Reporterska<\/a>. Publikowane s\u0105 w jej ramach tylko ksi\u0105\u017cki premierowe, autor\u00f3w polskich i zagranicznych. Znajdziemy tu zar\u00f3wno tytu\u0142y debiutant\u00f3w, jak i uznanych pisarzy. Jak czytamy na stronie Dowod\u00f3w, ksi\u0105\u017cki z serii Reporterskiej s\u0105:<\/p>\n<h3>\u201eO\u202ftym, co nas dziwi, co boli, czego nie rozumiemy, o\u202fczym nie mamy poj\u0119cia, cho\u0107 wydarzy\u0142o si\u0119 tu\u017c obok \u2013 lub na\u202fdrugim ko\u0144cu \u015bwiata, na\u202fkt\u00f3ry nigdy nie dotrzemy.\u201d<\/h3>\n<p><a href=\"https:\/\/www.legimi.pl\/ebooki\/esy-floresy,c6995\/\" target=\"_blank\" rel=\"noopener noreferrer\"><span data-color=\"rgba(0, 0, 0, 0)\">Seria Esy-floresy<\/span><\/a><span data-color=\"rgba(0, 0, 0, 0)\"> na pierwszy rzut oka wyr\u00f3\u017cnia si\u0119 gabarytem. Ukazuj\u0105ce si\u0119 w jej ramach tytu\u0142y to ksi\u0105\u017cki niewielkich rozmiar\u00f3w, ale o powa\u017cnym ci\u0119\u017carze intelektualnym, przede wszystkim eseje, dzie\u0142a filozoficzne, teksty literaturoznawcze. Wydawcy opisuj\u0105 te seri\u0119 w takich s\u0142owach: <\/span><\/p>\n<h3><span data-color=\"rgba(0, 0, 0, 0)\">\u201eWa\u017ckie przemy\u015blenia, kt\u00f3re mieszcz\u0105 si\u0119 w kieszeni i dzi\u0119ki temu mo\u017cemy je mie\u0107 zawsze pod r\u0119k\u0105.\u201d<\/span><\/h3>\n<p>Poza literatur\u0105 faktu Dowody wydaj\u0105 tak\u017ce literatur\u0119 czesk\u0105 w <a href=\"https:\/\/www.legimi.pl\/ebooki\/stehlik,c2319\/?sort=score\" target=\"_blank\" rel=\"noopener noreferrer\">serii Stehlik<\/a>. Ksi\u0105\u017cki wchodz\u0105ce w jej sk\u0142ad to autorski wyb\u00f3r Mariusza Szczyg\u0142a, wybitnego reportera i Czechofila, autora m.in. <a href=\"https:\/\/www.legimi.pl\/ebook-osobisty-przewodnik-po-pradze-mariusz-szczygiel,b1445835.html\" target=\"_blank\" rel=\"noopener noreferrer\">Osobistego przewodnika po Pradze.<\/a> Pisarz na stronie internetowej wydawnictwa tak zach\u0119ca czytelnik\u00f3w po zapoznanie si\u0119 z seri\u0105 Stehlik:<\/p>\n<h3>\u201eKilka razy w\u202froku zaproponuj\u0119 Pa\u0144stwu najlepsze czeskie ksi\u0105\u017cki. Takie, od\u202fkt\u00f3rych nie mog\u0142em si\u0119 oderwa\u0107. Powie\u015bci, opowiadania, reporta\u017ce. Niekt\u00f3re \u2013 wydane kiedy\u015b w\u202fPolsce, ale\u202fdzi\u015b zapomniane. Inne \u2013 premierowe. Przek\u0142adane przez najlepszych t\u0142umaczy, jakich znam.\u202fCzytelniku, wejd\u017a do\u202fliterackiej krainy Gottland i\u202fzr\u00f3b sobie raj. Literatur\u0119 czesk\u0105 obdarz l\u00e1sk\u0105 nebesk\u0105!<\/h3>\n<p>Wydawnictwo od lat konsekwentnie udowadnia, \u017ce literatura non\u2011fiction potrafi nie tylko rzetelnie opisywa\u0107 \u015bwiat, lecz tak\u017ce g\u0142\u0119boko porusza\u0107 i zachwyca\u0107 literackim j\u0119zykiem. Dzi\u0119ki odwa\u017cnym wyborom, dba\u0142o\u015bci o form\u0119 i trosce o czytelnika oficyna sta\u0142a si\u0119 jednym z najwa\u017cniejszych miejsc na mapie polskiej literatury.<\/p>\n<h3>Je\u015bli chcia\u0142by\u015b rozpocz\u0105\u0107 przygod\u0119 czytelnicz\u0105 z Wydawnictwem Dowody, ale nie wiesz, od jakiej ksi\u0105\u017cki zacz\u0105\u0107, skorzystaj z naszych propozycji! Oto pi\u0119\u0107 tytu\u0142\u00f3w, kt\u00f3re \u015bwietnie oddaj\u0105 profil tej oficyny:<\/h3>\n<h4><a href=\"https:\/\/www.legimi.pl\/wydawnictwo\/dowody,pd131\/?languages=english,german,polish,ukrainian\"><img loading=\"lazy\" decoding=\"async\" class=\"aligncenter size-full wp-image-5333\" src=\"https:\/\/blog.legimi.pl\/wp-content\/uploads\/2026\/01\/to-byl-tylko-pies-dowody.png\" alt=\"\" width=\"1700\" height=\"455\" srcset=\"https:\/\/blog.legimi.pl\/wp-content\/uploads\/2026\/01\/to-byl-tylko-pies-dowody.png 1700w, https:\/\/blog.legimi.pl\/wp-content\/uploads\/2026\/01\/to-byl-tylko-pies-dowody-300x80.png 300w, https:\/\/blog.legimi.pl\/wp-content\/uploads\/2026\/01\/to-byl-tylko-pies-dowody-1024x274.png 1024w, https:\/\/blog.legimi.pl\/wp-content\/uploads\/2026\/01\/to-byl-tylko-pies-dowody-768x206.png 768w, https:\/\/blog.legimi.pl\/wp-content\/uploads\/2026\/01\/to-byl-tylko-pies-dowody-1536x411.png 1536w\" sizes=\"auto, (max-width: 1700px) 100vw, 1700px\" \/><\/a><\/h4>\n<p><a href=\"https:\/\/www.legimi.pl\/ebook-to-byl-tylko-pies-grzesiek-daria,b1464669.html\" target=\"_blank\" rel=\"noopener noreferrer\">Reporta\u017c<\/a> o mi\u0142o\u015bci do zwierz\u0105t i \u017ca\u0142obie po ich \u015bmierci. Ka\u017cdy, kto straci\u0142 ukochanego czworonoga, wie, \u017ce wbrew tytu\u0142owi ksi\u0105\u017cki To nie by\u0142 tylko pies, to by\u0142 najbli\u017cszy przyjaciel i cz\u0142onek rodziny.\u00a0Ze zwierz\u0119ciem cz\u0142owiek jest w stanie nawi\u0105za\u0107 g\u0142\u0119bok\u0105 relacj\u0119, dlatego \u015bmier\u0107 pupila bywa g\u0142\u0119bok\u0105 traum\u0105. Autorka ksi\u0105\u017cki przeprowadzi\u0142a wiele rozm\u00f3w z opiekunami zwierz\u0105t, do\u015bwiadczenie straty maj\u0105 ju\u017c za sob\u0105. Jak po\u017cegnali si\u0119 z ukochanym czworonogiem? Jak prze\u017cyli jego odej\u015bcie? Kiedy podj\u0119li decyzj\u0119 o eutanazji? Gdzie pochowali zwierzaka? I jak ich \u017ca\u0142oba po zwierz\u0119ciu by\u0142a przyjmowana przez otoczenie? Poruszaj\u0105ca ksi\u0105\u017cka, nie tylko dla mi\u0142o\u015bnik\u00f3w zwierz\u0105t.<\/p>\n<h4><a href=\"https:\/\/www.legimi.pl\/wydawnictwo\/dowody,pd131\/?languages=english,german,polish,ukrainian\"><img loading=\"lazy\" decoding=\"async\" class=\"aligncenter size-full wp-image-5334\" src=\"https:\/\/blog.legimi.pl\/wp-content\/uploads\/2026\/01\/kacica-dowody.png\" alt=\"\" width=\"1699\" height=\"455\" srcset=\"https:\/\/blog.legimi.pl\/wp-content\/uploads\/2026\/01\/kacica-dowody.png 1699w, https:\/\/blog.legimi.pl\/wp-content\/uploads\/2026\/01\/kacica-dowody-300x80.png 300w, https:\/\/blog.legimi.pl\/wp-content\/uploads\/2026\/01\/kacica-dowody-1024x274.png 1024w, https:\/\/blog.legimi.pl\/wp-content\/uploads\/2026\/01\/kacica-dowody-768x206.png 768w, https:\/\/blog.legimi.pl\/wp-content\/uploads\/2026\/01\/kacica-dowody-1536x411.png 1536w\" sizes=\"auto, (max-width: 1699px) 100vw, 1699px\" \/><\/a><\/h4>\n<p>Powie\u015b\u0107 czeskiego pisarza, poety i dramaturga, kt\u00f3ra po raz pierwszy ukaza\u0142a si\u0119 w Polsce w 1995 r. Opowie\u015b\u0107 o dziewczynce, kt\u00f3ra nie zda\u0142a do liceum teatralnego, wi\u0119c zacz\u0119\u0142a uczy\u0107 si\u0119 na <a href=\"https:\/\/www.legimi.pl\/ebook-kacica-kohout-pavel,b1446013.html\" target=\"_blank\" rel=\"noopener noreferrer\">kacic\u0119<\/a>, czyli kobiet\u0119, wykonuj\u0105c\u0105 zaw\u00f3d kata. Podczas szkolenia zrozumia\u0142a, \u017ce powiesi\u0107 cz\u0142owieka mo\u017ce prawie ka\u017cdy, ale sztuk\u0105 jest powiesi\u0107 go tak, aby w tym akcie zawrze\u0107 ca\u0142\u0105 histori\u0119 cywilizacyjn\u0105 ludzko\u015bci a\u017c po rewolucj\u0119 naukowo-techniczn\u0105.\u00a0<a href=\"https:\/\/www.legimi.pl\/ebook-kacica-kohout-pavel,b1446013.html\" target=\"_blank\" rel=\"noopener noreferrer\">Kacica<\/a> to arcydzie\u0142o czarnego humoru<\/p>\n<h4><a href=\"https:\/\/www.legimi.pl\/wydawnictwo\/dowody,pd131\/?languages=english,german,polish,ukrainian\"><img loading=\"lazy\" decoding=\"async\" class=\"aligncenter size-full wp-image-5335\" src=\"https:\/\/blog.legimi.pl\/wp-content\/uploads\/2026\/01\/szyjac-dowody.png\" alt=\"\" width=\"1700\" height=\"455\" srcset=\"https:\/\/blog.legimi.pl\/wp-content\/uploads\/2026\/01\/szyjac-dowody.png 1700w, https:\/\/blog.legimi.pl\/wp-content\/uploads\/2026\/01\/szyjac-dowody-300x80.png 300w, https:\/\/blog.legimi.pl\/wp-content\/uploads\/2026\/01\/szyjac-dowody-1024x274.png 1024w, https:\/\/blog.legimi.pl\/wp-content\/uploads\/2026\/01\/szyjac-dowody-768x206.png 768w, https:\/\/blog.legimi.pl\/wp-content\/uploads\/2026\/01\/szyjac-dowody-1536x411.png 1536w\" sizes=\"auto, (max-width: 1700px) 100vw, 1700px\" \/><\/a><\/h4>\n<p><a href=\"https:\/\/www.legimi.pl\/ebook-szyjac-olga-gitkiewicz,b1497511.html\" target=\"_blank\" rel=\"noopener noreferrer\">Zbi\u00f3r miniesej\u00f3w<\/a>, w kt\u00f3rym Olga Gitkiewicz, reporterka i socjolo\u017cka, pisze o trosce i jej r\u00f3\u017cnych wariantach. Autorka dowodzi, \u017ce pe\u0142ni ona kluczowa rol\u0119 w naszym codziennym \u017cyciu, szczeg\u00f3lnie w czasach kryzysu, mimo \u017ce nie ma w niej nic spektakularnego. \u201eTo moja pi\u0105ta samodzielna ksi\u0105\u017cka i nie jest tak, \u017ce z czasem pisanie przychodzi \u0142atwiej. <a href=\"https:\/\/www.legimi.pl\/ebook-szyjac-olga-gitkiewicz,b1497511.html\" target=\"_blank\" rel=\"noopener noreferrer\">Szyj\u0105c<\/a> to ksi\u0105\u017cka o trosce, niewielka, zmie\u015bci si\u0119 do kieszeni. Nie jest to reporta\u017c, to eseje. Wyst\u0119puj\u0105 w niej pewien paj\u0105k, pewien m\u0119\u017cczyzna w p\u0142aszczu, Tracy Chapman, pewien kredens, ba\u0144ka na mleko, kamera ustawiona na \u0142\u00f3\u017cko, Freud i dom z widokiem na Cape Cod\u201d. &#8211; Olga Gitkiewicz<\/p>\n<h4><a href=\"https:\/\/www.legimi.pl\/wydawnictwo\/dowody,pd131\/?languages=english,german,polish,ukrainian\"><img loading=\"lazy\" decoding=\"async\" class=\"aligncenter size-full wp-image-5336\" src=\"https:\/\/blog.legimi.pl\/wp-content\/uploads\/2026\/01\/szczeliny-istnienia-dowody.png\" alt=\"\" width=\"1699\" height=\"455\" srcset=\"https:\/\/blog.legimi.pl\/wp-content\/uploads\/2026\/01\/szczeliny-istnienia-dowody.png 1699w, https:\/\/blog.legimi.pl\/wp-content\/uploads\/2026\/01\/szczeliny-istnienia-dowody-300x80.png 300w, https:\/\/blog.legimi.pl\/wp-content\/uploads\/2026\/01\/szczeliny-istnienia-dowody-1024x274.png 1024w, https:\/\/blog.legimi.pl\/wp-content\/uploads\/2026\/01\/szczeliny-istnienia-dowody-768x206.png 768w, https:\/\/blog.legimi.pl\/wp-content\/uploads\/2026\/01\/szczeliny-istnienia-dowody-1536x411.png 1536w\" sizes=\"auto, (max-width: 1699px) 100vw, 1699px\" \/><\/a><\/h4>\n<p>W <a href=\"https:\/\/www.legimi.pl\/ebook-szczeliny-istnienia-jolanta-brach-czaina,b1444878.html\" target=\"_blank\" rel=\"noopener noreferrer\">Szczelinach istnienia<\/a> Jolanta Brach\u2011Czaina \u0142\u0105czy filozofi\u0119 codzienno\u015bci z uwa\u017cno\u015bci\u0105, kt\u00f3ra pozwala zobaczy\u0107 wi\u0119cej w tym, co na poz\u00f3r zwyk\u0142e. Tematyka ksi\u0105\u017cki wyrasta z drobiazg\u00f3w: \u015bcierki, wi\u015bni, talerza, piasku \u2014 rzeczy, kt\u00f3re otaczaj\u0105 nas ka\u017cdego dnia i w kt\u00f3rych odbija si\u0119 nie tylko \u015bwiat, ale i siebie. Eseje Brach\u2011Czainy pokazuj\u0105, \u017ce egzystencjalna g\u0142\u0119bia kryje si\u0119 w obieraniu ziemniak\u00f3w r\u00f3wnie mocno, jak w narodzinach czy \u015bmierci, a codzienno\u015b\u0107 jest polem nieustannej walki mi\u0119dzy istnieniem a unicestwianiem. To ksi\u0105\u017cka kultowa, kt\u00f3ra od lat pomaga czytelnikom dostrzec sens w tym, co drobne, odzyska\u0107 uwag\u0119 i odnale\u017a\u0107 si\u0119 po\u015br\u00f3d wszystkich pozosta\u0142ych element\u00f3w \u017cycia \u2014 tych zwyczajnych, ale przecie\u017c fundamentalnych.<\/p>\n<h4><a href=\"https:\/\/www.legimi.pl\/wydawnictwo\/dowody,pd131\/?languages=english,german,polish,ukrainian\"><img loading=\"lazy\" decoding=\"async\" class=\"aligncenter size-full wp-image-5337\" src=\"https:\/\/blog.legimi.pl\/wp-content\/uploads\/2026\/01\/biale-zwierzeta-dowody.png\" alt=\"\" width=\"1700\" height=\"455\" srcset=\"https:\/\/blog.legimi.pl\/wp-content\/uploads\/2026\/01\/biale-zwierzeta-dowody.png 1700w, https:\/\/blog.legimi.pl\/wp-content\/uploads\/2026\/01\/biale-zwierzeta-dowody-300x80.png 300w, https:\/\/blog.legimi.pl\/wp-content\/uploads\/2026\/01\/biale-zwierzeta-dowody-1024x274.png 1024w, https:\/\/blog.legimi.pl\/wp-content\/uploads\/2026\/01\/biale-zwierzeta-dowody-768x206.png 768w, https:\/\/blog.legimi.pl\/wp-content\/uploads\/2026\/01\/biale-zwierzeta-dowody-1536x411.png 1536w\" sizes=\"auto, (max-width: 1700px) 100vw, 1700px\" \/><\/a><\/h4>\n<p><a href=\"https:\/\/www.legimi.pl\/ebook-biale-zwierzeta-sa-bardzo-czesto-gluche-myskova-ivana,b1446002.html\" target=\"_blank\" rel=\"noopener noreferrer\">Ivana My\u0161kov\u00e1<\/a>, czeska pisarka, absolwentka Akademii Literackiej w Pradze, portretuje tu bohater\u00f3w, kt\u00f3rzy mogliby \u017cy\u0107 obok nas \u2014 niezale\u017cnie od wieku czy do\u015bwiadcze\u0144 \u2014 a jednak w pewnym momencie skr\u0119caj\u0105 w stron\u0119 absolutnie nieprzewidywaln\u0105. Szukaj\u0105 sensu, cho\u0107 wcze\u015bniej nie potrafili nawet nazwa\u0107 tego, czego im brakuje i w\u0142a\u015bnie dlatego b\u0142\u0105dz\u0105, podejmuj\u0105c wybory, kt\u00f3rych b\u0119d\u0105 \u017ca\u0142owa\u0107 oraz rani\u0105c siebie i innych.<\/p>\n<h3>W katalogu Legimi znajdziecie specjalna kolekcj\u0119, w kt\u00f3rej zebrali\u015bmy publikacje Wydawnictwa Dowody. Polecamy i zach\u0119camy do lektury! Na deser materia\u0142 video \ud83d\ude42<\/h3>\n<p><iframe loading=\"lazy\" title=\"Dowody na dobr\u0105 literatur\u0119 \ud83d\udc9a\" width=\"500\" height=\"281\" src=\"https:\/\/www.youtube.com\/embed\/Pq_MRFYURiM?feature=oembed\" frameborder=\"0\" allow=\"accelerometer; autoplay; clipboard-write; encrypted-media; gyroscope; picture-in-picture; web-share\" referrerpolicy=\"strict-origin-when-cross-origin\" allowfullscreen><\/iframe><\/p>\n","protected":false},"excerpt":{"rendered":"<p>Dowody to wydawnictwo, kt\u00f3re zna si\u0119 na faktach \u2014 i wie, jak o nich opowiada\u0107. Od reporta\u017cu przez eseje po literatur\u0119 czesk\u0105, oficyna prowadzona przez Mariusza Szczyg\u0142a i Juliann\u0119 Jonek\u2011Springer od lat kszta\u0142tuje spos\u00f3b, w jaki czytamy i rozumiemy \u015bwiat. Historia wydawnictwa si\u0119ga roku 2014. Powsta\u0142o w ramach Fundacji Instytut Reporta\u017cu, kt\u00f3rej celem jest promocja [&hellip;]<\/p>\n","protected":false},"author":61,"featured_media":5332,"comment_status":"closed","ping_status":"closed","sticky":false,"template":"","format":"standard","meta":{"footnotes":""},"categories":[4261,211],"tags":[5261,5330],"class_list":["post-5330","post","type-post","status-publish","format-standard","has-post-thumbnail","hentry","category-artykuly","category-wydawcy-2","tag-wydawca-miesiaca","tag-wydawnictwo-dowody"],"yoast_head":"<!-- This site is optimized with the Yoast SEO plugin v27.5 - https:\/\/yoast.com\/product\/yoast-seo-wordpress\/ -->\n<title>Maj\u0105 dowody na dobr\u0105 literatur\u0119. Wydawca stycznia - Legimi - blog<\/title>\n<meta name=\"description\" content=\"Dowody to wydawnictwo, kt\u00f3re o faktach opowiada po mistrzowsku. Od lat definiuj\u0105 spos\u00f3b, w jaki czytamy i rozumiemy rzeczywisto\u015b\u0107.\" \/>\n<meta name=\"robots\" content=\"index, follow, max-snippet:-1, max-image-preview:large, max-video-preview:-1\" \/>\n<link rel=\"canonical\" href=\"https:\/\/www.legimi.pl\/blog\/2026\/01\/wydawca_miesiaca_dowody\/\" \/>\n<meta property=\"og:locale\" content=\"pl_PL\" \/>\n<meta property=\"og:type\" content=\"article\" \/>\n<meta property=\"og:title\" content=\"Maj\u0105 dowody na dobr\u0105 literatur\u0119. Wydawca stycznia - Legimi - blog\" \/>\n<meta property=\"og:description\" content=\"Dowody to wydawnictwo, kt\u00f3re o faktach opowiada po mistrzowsku. Od lat definiuj\u0105 spos\u00f3b, w jaki czytamy i rozumiemy rzeczywisto\u015b\u0107.\" \/>\n<meta property=\"og:url\" content=\"https:\/\/www.legimi.pl\/blog\/2026\/01\/wydawca_miesiaca_dowody\/\" \/>\n<meta property=\"og:site_name\" content=\"Legimi - blog\" \/>\n<meta property=\"article:published_time\" content=\"2026-01-20T09:00:15+00:00\" \/>\n<meta property=\"article:modified_time\" content=\"2026-01-28T09:09:43+00:00\" \/>\n<meta property=\"og:image\" content=\"https:\/\/blog.legimi.pl\/wp-content\/uploads\/2026\/01\/wydawca-grudzien-2026.png\" \/>\n\t<meta property=\"og:image:width\" content=\"1080\" \/>\n\t<meta property=\"og:image:height\" content=\"675\" \/>\n\t<meta property=\"og:image:type\" content=\"image\/png\" \/>\n<meta name=\"author\" content=\"Agnieszka B\u0142aszczyk\" \/>\n<meta name=\"twitter:card\" content=\"summary_large_image\" \/>\n<meta name=\"twitter:label1\" content=\"Napisane przez\" \/>\n\t<meta name=\"twitter:data1\" content=\"Agnieszka B\u0142aszczyk\" \/>\n\t<meta name=\"twitter:label2\" content=\"Szacowany czas czytania\" \/>\n\t<meta name=\"twitter:data2\" content=\"8 minut\" \/>\n<script type=\"application\/ld+json\" class=\"yoast-schema-graph\">{\"@context\":\"https:\\\/\\\/schema.org\",\"@graph\":[{\"@type\":\"Article\",\"@id\":\"https:\\\/\\\/www.legimi.pl\\\/blog\\\/2026\\\/01\\\/wydawca_miesiaca_dowody\\\/#article\",\"isPartOf\":{\"@id\":\"https:\\\/\\\/www.legimi.pl\\\/blog\\\/2026\\\/01\\\/wydawca_miesiaca_dowody\\\/\"},\"author\":{\"name\":\"Agnieszka B\u0142aszczyk\",\"@id\":\"https:\\\/\\\/www.legimi.pl\\\/blog\\\/#\\\/schema\\\/person\\\/ebd2705e460590d5460b6da515b4f18d\"},\"headline\":\"Maj\u0105 dowody na dobr\u0105 literatur\u0119. Wydawca stycznia\",\"datePublished\":\"2026-01-20T09:00:15+00:00\",\"dateModified\":\"2026-01-28T09:09:43+00:00\",\"mainEntityOfPage\":{\"@id\":\"https:\\\/\\\/www.legimi.pl\\\/blog\\\/2026\\\/01\\\/wydawca_miesiaca_dowody\\\/\"},\"wordCount\":1295,\"image\":{\"@id\":\"https:\\\/\\\/www.legimi.pl\\\/blog\\\/2026\\\/01\\\/wydawca_miesiaca_dowody\\\/#primaryimage\"},\"thumbnailUrl\":\"https:\\\/\\\/blog.legimi.pl\\\/wp-content\\\/uploads\\\/2026\\\/01\\\/wydawca-grudzien-2026.png\",\"keywords\":[\"Wydawca Miesi\u0105ca\",\"Wydawnictwo Dowody\"],\"articleSection\":[\"Artyku\u0142y\",\"Wydawcy\"],\"inLanguage\":\"pl-PL\"},{\"@type\":\"WebPage\",\"@id\":\"https:\\\/\\\/www.legimi.pl\\\/blog\\\/2026\\\/01\\\/wydawca_miesiaca_dowody\\\/\",\"url\":\"https:\\\/\\\/www.legimi.pl\\\/blog\\\/2026\\\/01\\\/wydawca_miesiaca_dowody\\\/\",\"name\":\"Maj\u0105 dowody na dobr\u0105 literatur\u0119. Wydawca stycznia - Legimi - blog\",\"isPartOf\":{\"@id\":\"https:\\\/\\\/www.legimi.pl\\\/blog\\\/#website\"},\"primaryImageOfPage\":{\"@id\":\"https:\\\/\\\/www.legimi.pl\\\/blog\\\/2026\\\/01\\\/wydawca_miesiaca_dowody\\\/#primaryimage\"},\"image\":{\"@id\":\"https:\\\/\\\/www.legimi.pl\\\/blog\\\/2026\\\/01\\\/wydawca_miesiaca_dowody\\\/#primaryimage\"},\"thumbnailUrl\":\"https:\\\/\\\/blog.legimi.pl\\\/wp-content\\\/uploads\\\/2026\\\/01\\\/wydawca-grudzien-2026.png\",\"datePublished\":\"2026-01-20T09:00:15+00:00\",\"dateModified\":\"2026-01-28T09:09:43+00:00\",\"author\":{\"@id\":\"https:\\\/\\\/www.legimi.pl\\\/blog\\\/#\\\/schema\\\/person\\\/ebd2705e460590d5460b6da515b4f18d\"},\"description\":\"Dowody to wydawnictwo, kt\u00f3re o faktach opowiada po mistrzowsku. Od lat definiuj\u0105 spos\u00f3b, w jaki czytamy i rozumiemy rzeczywisto\u015b\u0107.\",\"breadcrumb\":{\"@id\":\"https:\\\/\\\/www.legimi.pl\\\/blog\\\/2026\\\/01\\\/wydawca_miesiaca_dowody\\\/#breadcrumb\"},\"inLanguage\":\"pl-PL\",\"potentialAction\":[{\"@type\":\"ReadAction\",\"target\":[\"https:\\\/\\\/www.legimi.pl\\\/blog\\\/2026\\\/01\\\/wydawca_miesiaca_dowody\\\/\"]}]},{\"@type\":\"ImageObject\",\"inLanguage\":\"pl-PL\",\"@id\":\"https:\\\/\\\/www.legimi.pl\\\/blog\\\/2026\\\/01\\\/wydawca_miesiaca_dowody\\\/#primaryimage\",\"url\":\"https:\\\/\\\/blog.legimi.pl\\\/wp-content\\\/uploads\\\/2026\\\/01\\\/wydawca-grudzien-2026.png\",\"contentUrl\":\"https:\\\/\\\/blog.legimi.pl\\\/wp-content\\\/uploads\\\/2026\\\/01\\\/wydawca-grudzien-2026.png\",\"width\":1080,\"height\":675},{\"@type\":\"BreadcrumbList\",\"@id\":\"https:\\\/\\\/www.legimi.pl\\\/blog\\\/2026\\\/01\\\/wydawca_miesiaca_dowody\\\/#breadcrumb\",\"itemListElement\":[{\"@type\":\"ListItem\",\"position\":1,\"name\":\"Home\",\"item\":\"https:\\\/\\\/www.legimi.pl\\\/blog\\\/\"},{\"@type\":\"ListItem\",\"position\":2,\"name\":\"Maj\u0105 dowody na dobr\u0105 literatur\u0119. Wydawca stycznia\"}]},{\"@type\":\"WebSite\",\"@id\":\"https:\\\/\\\/www.legimi.pl\\\/blog\\\/#website\",\"url\":\"https:\\\/\\\/www.legimi.pl\\\/blog\\\/\",\"name\":\"Legimi - blog\",\"description\":\"\",\"potentialAction\":[{\"@type\":\"SearchAction\",\"target\":{\"@type\":\"EntryPoint\",\"urlTemplate\":\"https:\\\/\\\/www.legimi.pl\\\/blog\\\/?s={search_term_string}\"},\"query-input\":{\"@type\":\"PropertyValueSpecification\",\"valueRequired\":true,\"valueName\":\"search_term_string\"}}],\"inLanguage\":\"pl-PL\"},{\"@type\":\"Person\",\"@id\":\"https:\\\/\\\/www.legimi.pl\\\/blog\\\/#\\\/schema\\\/person\\\/ebd2705e460590d5460b6da515b4f18d\",\"name\":\"Agnieszka B\u0142aszczyk\",\"image\":{\"@type\":\"ImageObject\",\"inLanguage\":\"pl-PL\",\"@id\":\"https:\\\/\\\/secure.gravatar.com\\\/avatar\\\/a09ea5f61d6193acf6fd5ce987bcf152cb3cc5d46ea8734f0665f65fc600bba0?s=96&d=mm&r=g\",\"url\":\"https:\\\/\\\/secure.gravatar.com\\\/avatar\\\/a09ea5f61d6193acf6fd5ce987bcf152cb3cc5d46ea8734f0665f65fc600bba0?s=96&d=mm&r=g\",\"contentUrl\":\"https:\\\/\\\/secure.gravatar.com\\\/avatar\\\/a09ea5f61d6193acf6fd5ce987bcf152cb3cc5d46ea8734f0665f65fc600bba0?s=96&d=mm&r=g\",\"caption\":\"Agnieszka B\u0142aszczyk\"},\"url\":\"https:\\\/\\\/www.legimi.pl\\\/blog\\\/author\\\/agnieszka-blaszczyk\\\/\"}]}<\/script>\n<!-- \/ Yoast SEO plugin. -->","yoast_head_json":{"title":"Maj\u0105 dowody na dobr\u0105 literatur\u0119. Wydawca stycznia - Legimi - blog","description":"Dowody to wydawnictwo, kt\u00f3re o faktach opowiada po mistrzowsku. Od lat definiuj\u0105 spos\u00f3b, w jaki czytamy i rozumiemy rzeczywisto\u015b\u0107.","robots":{"index":"index","follow":"follow","max-snippet":"max-snippet:-1","max-image-preview":"max-image-preview:large","max-video-preview":"max-video-preview:-1"},"canonical":"https:\/\/www.legimi.pl\/blog\/2026\/01\/wydawca_miesiaca_dowody\/","og_locale":"pl_PL","og_type":"article","og_title":"Maj\u0105 dowody na dobr\u0105 literatur\u0119. Wydawca stycznia - Legimi - blog","og_description":"Dowody to wydawnictwo, kt\u00f3re o faktach opowiada po mistrzowsku. Od lat definiuj\u0105 spos\u00f3b, w jaki czytamy i rozumiemy rzeczywisto\u015b\u0107.","og_url":"https:\/\/www.legimi.pl\/blog\/2026\/01\/wydawca_miesiaca_dowody\/","og_site_name":"Legimi - blog","article_published_time":"2026-01-20T09:00:15+00:00","article_modified_time":"2026-01-28T09:09:43+00:00","og_image":[{"width":1080,"height":675,"url":"https:\/\/blog.legimi.pl\/wp-content\/uploads\/2026\/01\/wydawca-grudzien-2026.png","type":"image\/png"}],"author":"Agnieszka B\u0142aszczyk","twitter_card":"summary_large_image","twitter_misc":{"Napisane przez":"Agnieszka B\u0142aszczyk","Szacowany czas czytania":"8 minut"},"schema":{"@context":"https:\/\/schema.org","@graph":[{"@type":"Article","@id":"https:\/\/www.legimi.pl\/blog\/2026\/01\/wydawca_miesiaca_dowody\/#article","isPartOf":{"@id":"https:\/\/www.legimi.pl\/blog\/2026\/01\/wydawca_miesiaca_dowody\/"},"author":{"name":"Agnieszka B\u0142aszczyk","@id":"https:\/\/www.legimi.pl\/blog\/#\/schema\/person\/ebd2705e460590d5460b6da515b4f18d"},"headline":"Maj\u0105 dowody na dobr\u0105 literatur\u0119. Wydawca stycznia","datePublished":"2026-01-20T09:00:15+00:00","dateModified":"2026-01-28T09:09:43+00:00","mainEntityOfPage":{"@id":"https:\/\/www.legimi.pl\/blog\/2026\/01\/wydawca_miesiaca_dowody\/"},"wordCount":1295,"image":{"@id":"https:\/\/www.legimi.pl\/blog\/2026\/01\/wydawca_miesiaca_dowody\/#primaryimage"},"thumbnailUrl":"https:\/\/blog.legimi.pl\/wp-content\/uploads\/2026\/01\/wydawca-grudzien-2026.png","keywords":["Wydawca Miesi\u0105ca","Wydawnictwo Dowody"],"articleSection":["Artyku\u0142y","Wydawcy"],"inLanguage":"pl-PL"},{"@type":"WebPage","@id":"https:\/\/www.legimi.pl\/blog\/2026\/01\/wydawca_miesiaca_dowody\/","url":"https:\/\/www.legimi.pl\/blog\/2026\/01\/wydawca_miesiaca_dowody\/","name":"Maj\u0105 dowody na dobr\u0105 literatur\u0119. Wydawca stycznia - Legimi - blog","isPartOf":{"@id":"https:\/\/www.legimi.pl\/blog\/#website"},"primaryImageOfPage":{"@id":"https:\/\/www.legimi.pl\/blog\/2026\/01\/wydawca_miesiaca_dowody\/#primaryimage"},"image":{"@id":"https:\/\/www.legimi.pl\/blog\/2026\/01\/wydawca_miesiaca_dowody\/#primaryimage"},"thumbnailUrl":"https:\/\/blog.legimi.pl\/wp-content\/uploads\/2026\/01\/wydawca-grudzien-2026.png","datePublished":"2026-01-20T09:00:15+00:00","dateModified":"2026-01-28T09:09:43+00:00","author":{"@id":"https:\/\/www.legimi.pl\/blog\/#\/schema\/person\/ebd2705e460590d5460b6da515b4f18d"},"description":"Dowody to wydawnictwo, kt\u00f3re o faktach opowiada po mistrzowsku. Od lat definiuj\u0105 spos\u00f3b, w jaki czytamy i rozumiemy rzeczywisto\u015b\u0107.","breadcrumb":{"@id":"https:\/\/www.legimi.pl\/blog\/2026\/01\/wydawca_miesiaca_dowody\/#breadcrumb"},"inLanguage":"pl-PL","potentialAction":[{"@type":"ReadAction","target":["https:\/\/www.legimi.pl\/blog\/2026\/01\/wydawca_miesiaca_dowody\/"]}]},{"@type":"ImageObject","inLanguage":"pl-PL","@id":"https:\/\/www.legimi.pl\/blog\/2026\/01\/wydawca_miesiaca_dowody\/#primaryimage","url":"https:\/\/blog.legimi.pl\/wp-content\/uploads\/2026\/01\/wydawca-grudzien-2026.png","contentUrl":"https:\/\/blog.legimi.pl\/wp-content\/uploads\/2026\/01\/wydawca-grudzien-2026.png","width":1080,"height":675},{"@type":"BreadcrumbList","@id":"https:\/\/www.legimi.pl\/blog\/2026\/01\/wydawca_miesiaca_dowody\/#breadcrumb","itemListElement":[{"@type":"ListItem","position":1,"name":"Home","item":"https:\/\/www.legimi.pl\/blog\/"},{"@type":"ListItem","position":2,"name":"Maj\u0105 dowody na dobr\u0105 literatur\u0119. Wydawca stycznia"}]},{"@type":"WebSite","@id":"https:\/\/www.legimi.pl\/blog\/#website","url":"https:\/\/www.legimi.pl\/blog\/","name":"Legimi - blog","description":"","potentialAction":[{"@type":"SearchAction","target":{"@type":"EntryPoint","urlTemplate":"https:\/\/www.legimi.pl\/blog\/?s={search_term_string}"},"query-input":{"@type":"PropertyValueSpecification","valueRequired":true,"valueName":"search_term_string"}}],"inLanguage":"pl-PL"},{"@type":"Person","@id":"https:\/\/www.legimi.pl\/blog\/#\/schema\/person\/ebd2705e460590d5460b6da515b4f18d","name":"Agnieszka B\u0142aszczyk","image":{"@type":"ImageObject","inLanguage":"pl-PL","@id":"https:\/\/secure.gravatar.com\/avatar\/a09ea5f61d6193acf6fd5ce987bcf152cb3cc5d46ea8734f0665f65fc600bba0?s=96&d=mm&r=g","url":"https:\/\/secure.gravatar.com\/avatar\/a09ea5f61d6193acf6fd5ce987bcf152cb3cc5d46ea8734f0665f65fc600bba0?s=96&d=mm&r=g","contentUrl":"https:\/\/secure.gravatar.com\/avatar\/a09ea5f61d6193acf6fd5ce987bcf152cb3cc5d46ea8734f0665f65fc600bba0?s=96&d=mm&r=g","caption":"Agnieszka B\u0142aszczyk"},"url":"https:\/\/www.legimi.pl\/blog\/author\/agnieszka-blaszczyk\/"}]}},"_links":{"self":[{"href":"https:\/\/www.legimi.pl\/blog\/wp-json\/wp\/v2\/posts\/5330","targetHints":{"allow":["GET"]}}],"collection":[{"href":"https:\/\/www.legimi.pl\/blog\/wp-json\/wp\/v2\/posts"}],"about":[{"href":"https:\/\/www.legimi.pl\/blog\/wp-json\/wp\/v2\/types\/post"}],"author":[{"embeddable":true,"href":"https:\/\/www.legimi.pl\/blog\/wp-json\/wp\/v2\/users\/61"}],"replies":[{"embeddable":true,"href":"https:\/\/www.legimi.pl\/blog\/wp-json\/wp\/v2\/comments?post=5330"}],"version-history":[{"count":1,"href":"https:\/\/www.legimi.pl\/blog\/wp-json\/wp\/v2\/posts\/5330\/revisions"}],"predecessor-version":[{"id":5338,"href":"https:\/\/www.legimi.pl\/blog\/wp-json\/wp\/v2\/posts\/5330\/revisions\/5338"}],"wp:featuredmedia":[{"embeddable":true,"href":"https:\/\/www.legimi.pl\/blog\/wp-json\/wp\/v2\/media\/5332"}],"wp:attachment":[{"href":"https:\/\/www.legimi.pl\/blog\/wp-json\/wp\/v2\/media?parent=5330"}],"wp:term":[{"taxonomy":"category","embeddable":true,"href":"https:\/\/www.legimi.pl\/blog\/wp-json\/wp\/v2\/categories?post=5330"},{"taxonomy":"post_tag","embeddable":true,"href":"https:\/\/www.legimi.pl\/blog\/wp-json\/wp\/v2\/tags?post=5330"}],"curies":[{"name":"wp","href":"https:\/\/api.w.org\/{rel}","templated":true}]}}