{"id":4729,"date":"2025-03-24T10:00:50","date_gmt":"2025-03-24T09:00:50","guid":{"rendered":"https:\/\/legimi.pl\/blog\/?p=4729"},"modified":"2025-03-24T12:51:30","modified_gmt":"2025-03-24T11:51:30","slug":"posluchasz-tylko-w-legimi-czyli-audiobooki-i-synchrobooki-dostepne-tylko-u-nas","status":"publish","type":"post","link":"https:\/\/www.legimi.pl\/blog\/2025\/03\/posluchasz-tylko-w-legimi-czyli-audiobooki-i-synchrobooki-dostepne-tylko-u-nas\/","title":{"rendered":"Pos\u0142uchasz tylko w Legimi, czyli audiobooki i synchrobooki dost\u0119pne tylko u nas!"},"content":{"rendered":"<h2 data-pm-slice=\"1 1 []\">Bestsellery w wersji audio i superprodukcje, kt\u00f3re przenosz\u0105 s\u0142uchacza wprost do fabu\u0142y ksi\u0105\u017cek.<\/h2>\n<p>W abonamencie Legimi ebooki i audiobooki bez limitu uzyskujesz dost\u0119p do tre\u015bci audio, kt\u00f3rych nie znajdziesz w innych serwisach. To audiobooki, synchrobooki, superprodukcje i s\u0142uchowiska, nagrane z wielk\u0105 dba\u0142o\u015bci\u0105, cz\u0119sto dodatkowo ud\u017awi\u0119kowione, w doskona\u0142ej interpretacji wybitnych lektorek i lektor\u00f3w.<\/p>\n<p>W Katalogu Legimi znajdziesz specjalne kolekcje, w kt\u00f3rych prezentujemy audiobooki na wy\u0142\u0105czno\u015b\u0107. W kolekcji <a href=\"https:\/\/www.legimi.pl\/katalog\/posluchasz-tylko-w-legimi,c5868\/\" target=\"_blank\" rel=\"noopener noreferrer\">Pos\u0142uchasz tylko w Legimi<\/a> zebrali\u015bmy wszystkie audiobooki i sychrobooki dost\u0119pne w tylko u nas, bez podzia\u0142u na gatunki.<\/p>\n<p>Przygotowali\u015bmy jednak tak\u017ce osobne zestawy z my\u015bl\u0105 o osobach lubi\u0105cych <a href=\"https:\/\/www.legimi.pl\/katalog\/posluchasz-tylko-w-legimi-romanse,c5879\/\" target=\"_blank\" rel=\"noopener noreferrer\">historie o mi\u0142o\u015bci<\/a>, <a href=\"https:\/\/www.legimi.pl\/katalog\/posluchasz-tylko-w-legimi-kryminaly-i-thrillery,c5877\/\" target=\"_blank\" rel=\"noopener noreferrer\">krymina\u0142y i thrillery<\/a> oraz <a href=\"https:\/\/www.legimi.pl\/katalog\/posluchasz-tylko-w-legimi-literatura-piekna-i-obyczajowa,c5878\/\" target=\"_blank\" rel=\"noopener noreferrer\">literatur\u0119 pi\u0119kn\u0105 i obyczajow\u0105<\/a>.<\/p>\n<p>Je\u015bli lubicie dobre powie\u015bci beletrystyczne, w kolekcji z audiobookami na wy\u0142\u0105czno\u015b\u0107 znajdziecie wiele znakomitych propozycji. Koniecznie zapoznajcie si\u0119 z tytu\u0142ami wydawnictw: Art Rage oraz Ksi\u0105\u017ckowe Klimaty. Tylko Legimi udost\u0119pnia ich ksi\u0105\u017cki w wersji audio w interpretacji rewelacyjnych lektorek i lektor\u00f3w.<a href=\"https:\/\/www.legimi.pl\/ebooki\/?utm_medium=baner&amp;utm_source=blog&amp;utm_campaign=posluchaj_tylko_u_nas&amp;utm_content=korzenie\"><img loading=\"lazy\" decoding=\"async\" class=\"aligncenter wp-image-4736 size-large\" src=\"https:\/\/blog.legimi.pl\/wp-content\/uploads\/2025\/03\/korzenie-i-czasu-starego-boga-1024x274.jpg\" alt=\"\" width=\"1024\" height=\"274\" srcset=\"https:\/\/blog.legimi.pl\/wp-content\/uploads\/2025\/03\/korzenie-i-czasu-starego-boga-1024x274.jpg 1024w, https:\/\/blog.legimi.pl\/wp-content\/uploads\/2025\/03\/korzenie-i-czasu-starego-boga-300x80.jpg 300w, https:\/\/blog.legimi.pl\/wp-content\/uploads\/2025\/03\/korzenie-i-czasu-starego-boga-768x206.jpg 768w, https:\/\/blog.legimi.pl\/wp-content\/uploads\/2025\/03\/korzenie-i-czasu-starego-boga-1536x411.jpg 1536w, https:\/\/blog.legimi.pl\/wp-content\/uploads\/2025\/03\/korzenie-i-czasu-starego-boga.jpg 1699w\" sizes=\"auto, (max-width: 1024px) 100vw, 1024px\" \/><\/a><\/p>\n<p>Pos\u0142uchajcie <a href=\"https:\/\/www.legimi.pl\/ebook-czas-starego-boga-sebastian-barry,b1209377.html\" target=\"_blank\" rel=\"noopener noreferrer\">Czasu starego boga<\/a> Sebastiana Barry&#8217;ego &#8211; poruszaj\u0105cej opowie\u015bci o mi\u0142o\u015bci, samotno\u015bci i nadu\u017cyciach irlandzkiego ko\u015bcio\u0142a. Zaczyna si\u0119 jak krymina\u0142 &#8211; do emerytowanego policjanta przychodz\u0105 kumple z pro\u015bb\u0105, by pom\u00f3g\u0142 im przy pewnej sprawie. To spotkanie otwiera rany i przywo\u0142uje bolesne wspomnienia. B\u0119dziecie d\u0142ugo pami\u0119ta\u0107 o historii Toma Kettle&#8217;a.<\/p>\n<p>Po emocjach wywo\u0142anych przez Sebastiana Barry&#8217;ego odpoczniecie przy znakomitym audiobooku <a href=\"https:\/\/www.legimi.pl\/ebook-korzenie-powiesc-genealogiczno-stomatologiczna-nousiainen-miika,b1205670.html\" target=\"_blank\" rel=\"noopener noreferrer\">Korzenie. Powie\u015b\u0107 genealogiczno\u2011stomatologiczna<\/a> Miiki Nousiainena. To pe\u0142na ironicznego humoru opowie\u015b\u0107 o przyrodnich braciach, kt\u00f3rzy poznaj\u0105 si\u0119 w gabinecie dentystycznym. Obaj nie znali swojego ojca, postanawiaj\u0105 go wi\u0119c wsp\u00f3lnie odnale\u017a\u0107. Wyruszaj\u0105 w podr\u00f3\u017c, kt\u00f3ra prowadzi ich a\u017c do Tajlandii oraz ku poznaniu samych siebie. <a href=\"https:\/\/www.legimi.pl\/ebook-korzenie-powiesc-genealogiczno-stomatologiczna-nousiainen-miika,b1205670.html\" target=\"_blank\" rel=\"noopener noreferrer\">Korzenie<\/a> daj\u0105 do my\u015blenia, bawi\u0105 i wzruszaj\u0105.<\/p>\n<h3>Je\u015bli lubicie dobre powie\u015bci obyczajowe, warto zwr\u00f3ci\u0107 uwag\u0119 na dwa audiobooki wydawnictwa Labreto.<\/h3>\n<p><a href=\"https:\/\/www.legimi.pl\/ebooki\/?utm_medium=baner&amp;utm_source=blog&amp;utm_campaign=posluchaj_tylko_u_nas&amp;utm_content=akt_trzeci_odnowa\"><img loading=\"lazy\" decoding=\"async\" class=\"aligncenter wp-image-4740 size-large\" src=\"https:\/\/blog.legimi.pl\/wp-content\/uploads\/2025\/03\/akt-trzeci-i-odnowa-1024x274.png\" alt=\"\" width=\"1024\" height=\"274\" srcset=\"https:\/\/blog.legimi.pl\/wp-content\/uploads\/2025\/03\/akt-trzeci-i-odnowa-1024x274.png 1024w, https:\/\/blog.legimi.pl\/wp-content\/uploads\/2025\/03\/akt-trzeci-i-odnowa-300x80.png 300w, https:\/\/blog.legimi.pl\/wp-content\/uploads\/2025\/03\/akt-trzeci-i-odnowa-768x206.png 768w, https:\/\/blog.legimi.pl\/wp-content\/uploads\/2025\/03\/akt-trzeci-i-odnowa-1536x411.png 1536w, https:\/\/blog.legimi.pl\/wp-content\/uploads\/2025\/03\/akt-trzeci-i-odnowa.png 1700w\" sizes=\"auto, (max-width: 1024px) 100vw, 1024px\" \/><\/a><\/p>\n<p>Aldona Reich w <a href=\"https:\/\/www.legimi.pl\/ebook-akt-trzeci-aldona-reich,b1211548.html\" target=\"_blank\" rel=\"noopener noreferrer\">Akcie trzecim<\/a> opowiada o kobiecie, kt\u00f3rej \u015bwiat nagle si\u0119 zawali\u0142. Jej m\u0105\u017c umar\u0142, a ona nagle zrozumia\u0142a, \u017ce nie wie, kim bez niego jest. Prze\u017cywa strat\u0119 i jednocze\u015bnie uczy si\u0119 samodzielnego \u017cycia. To powie\u015b\u0107, kt\u00f3ra daje nadziej\u0119, \u017ce mo\u017cna si\u0119 podnie\u015b\u0107 nawet po najwi\u0119kszej tragedii i rozpocz\u0105\u0107 trzeci akt \u017cycia.<\/p>\n<p>Podobn\u0105 tematyk\u0119 porusza Anna Kasiuk w powie\u015bci <a href=\"https:\/\/www.legimi.pl\/ebook-odnowa-anna-kasiuk,b1260480.html\" target=\"_blank\" rel=\"noopener noreferrer\">OdNowa<\/a>. Rozpoczynanie wszystkiego od pocz\u0105tku, kiedy jest si\u0119 kobiet\u0105 w \u015brednim wieku i nie nosi si\u0119 rozmiaru 34, bywa trudne. Szczeg\u00f3lnie, gdy przez p\u00f3\u0142 \u017cycia s\u0142ysza\u0142o si\u0119, \u017ce nie jest si\u0119 wystarczaj\u0105c\u0105. Ale okazuje si\u0119, \u017ce przy wsparciu dobrych ludzi wszystko jest mo\u017cliwe. Ewa, artystka, ca\u0142y sw\u00f3j b\u00f3l, przenosi do ceramicznych dzie\u0142, kt\u00f3re tworzy z wielk\u0105 pasj\u0105. Sztuk\u0105 leczy z\u0142amane serce, rozpacz i samotno\u015b\u0107. Stopniowo jednak odzyskuje siebie. Czy pe\u0142na OdNowa jest mo\u017cliwa? Pos\u0142uchajcie tej podnosz\u0105cej na duchu i daj\u0105cej nadziej\u0119 opowie\u015bci o poznawaniu siebie, sile przyja\u017ani i o terapeutycznej warto\u015bci sztuki.<\/p>\n<h3>Slow burn, spicy scenes, enemies to lovers, friends to lovers, fake dating, age gap i jeszcze wiele innych hot motyw\u00f3w.<\/h3>\n<p>W abonamencie ebooki i audiobooki bez limitu otrzymacie dost\u0119p do audiopowie\u015bci o mi\u0142o\u015bci wydanych przez najlepsze oficyny specjalizuj\u0105ce si\u0119 w gatunku: WasPos, Black Rose, Moje Wydawnictwo, Magnolia, Wydawnictwo K&amp;D Wilcz\u0119ga oraz Labreto.<\/p>\n<p><a href=\"https:\/\/www.legimi.pl\/ebooki\/?utm_medium=baner&amp;utm_source=blog&amp;utm_campaign=posluchaj_tylko_u_nas&amp;utm_content=dont_love_the_boss\"><img loading=\"lazy\" decoding=\"async\" class=\"aligncenter wp-image-4735 size-large\" src=\"https:\/\/blog.legimi.pl\/wp-content\/uploads\/2025\/03\/dont-love-the-boss-i-zaplacisz-za-wszystko-1024x274.png\" alt=\"\" width=\"1024\" height=\"274\" srcset=\"https:\/\/blog.legimi.pl\/wp-content\/uploads\/2025\/03\/dont-love-the-boss-i-zaplacisz-za-wszystko-1024x274.png 1024w, https:\/\/blog.legimi.pl\/wp-content\/uploads\/2025\/03\/dont-love-the-boss-i-zaplacisz-za-wszystko-300x80.png 300w, https:\/\/blog.legimi.pl\/wp-content\/uploads\/2025\/03\/dont-love-the-boss-i-zaplacisz-za-wszystko-768x206.png 768w, https:\/\/blog.legimi.pl\/wp-content\/uploads\/2025\/03\/dont-love-the-boss-i-zaplacisz-za-wszystko-1536x411.png 1536w, https:\/\/blog.legimi.pl\/wp-content\/uploads\/2025\/03\/dont-love-the-boss-i-zaplacisz-za-wszystko.png 1699w\" sizes=\"auto, (max-width: 1024px) 100vw, 1024px\" \/><\/a><\/p>\n<p>Nak\u0142adem tego ostatniego wydawnictwa ukaza\u0142a si\u0119 powie\u015b\u0107 Avy Avery <a href=\"https:\/\/www.legimi.pl\/polka\/ebook-don-t-love-the-boss-ava-avery,b1342712.html?audioid=1342714\" target=\"_blank\" rel=\"noopener noreferrer\">(Don&#8217;t) love the boss<\/a>, czyli pierwszy tom serii Titan Racing, kt\u00f3ra realizuje motywy: od wrog\u00f3w do kochank\u00f3w oraz romans biurowy. Pisz\u0105c t\u0119 opowie\u015b\u0107, autorka wykorzysta\u0142a swoje d\u0142ugoletnie do\u015bwiadczenie w pracy dla Formu\u0142y 1.<\/p>\n<p>G\u0142\u00f3wn\u0105 bohaterk\u0105 jest Allegra, event mened\u017cerka w Titan Racing, kt\u00f3ra na weselu swojej siostry prze\u017cywa dwie gor\u0105ce noce z pewnym nieznajomym. Jakie\u017c jest jej zdziwienie, kiedy okazuje si\u0119 po kilku tygodniach, \u017ce tajemniczy Hunter b\u0119dzie jej szefem i tak naprawd\u0119 ma na imi\u0119 Byron. Bohaterom trudno jest utrzyma\u0107 po\u017c\u0105danie na wodzy, wi\u0119c zawieraj\u0105 pewien uk\u0142ad. Czy dotrzymaj\u0105 umowy?<\/p>\n<p>Zakazana mi\u0142o\u015b\u0107 to motyw stary jak \u015bwiat, ale wci\u0105\u017c bardzo popularny w literaturze gatunkowej. Monika Skaraba opar\u0142a na nim swoj\u0105 <a href=\"https:\/\/www.legimi.pl\/ebook-zaplacisz-za-wszystko-skabara-monika,b1350696.html\" target=\"_blank\" rel=\"noopener noreferrer\">Dylogi\u0119 Irlandzk\u0105<\/a>. Pierwszy tom &#8211; <a href=\"https:\/\/www.legimi.pl\/ebook-zaplacisz-za-wszystko-skabara-monika,b1350696.html\" target=\"_blank\" rel=\"noopener noreferrer\">Zap\u0142acisz za wszystko<\/a> &#8211; wprowadza nas w histori\u0119 zakazanego uczucia, kt\u00f3re po\u0142\u0105czy Kear\u0119 i aroganckiego dziedzica jej najwi\u0119kszego wroga. <span data-color=\"transparent\">Mroczne tajemnice, zdrady i gor\u0105ce po\u017c\u0105danie mog\u0105 zniszczy\u0107 wszystko.\u00a0Czy dwoje ludzi pochodz\u0105cych z nienawidz\u0105cych si\u0119 od lat klan\u00f3w odnajdzie wsp\u00f3lny j\u0119zyk? Czy uczucie wygra z poczuciem obowi\u0105zku i lojalno\u015bci\u0105 wobec rodzinnych wi\u0119zi?\u00a0Pos\u0142uchajcie tej mrocznej i gor\u0105cej historii!<\/span><\/p>\n<h3>Fanom mrocznych historii kryminalnych i trzymaj\u0105cych w napi\u0119ciu thriller\u00f3w polecamy kolekcj\u0119 Pos\u0142uchasz tylko w Legimi &#8211; krymina\u0142y i thrillery. Wartka akcja, zwroty akcji, zagadki, intryguj\u0105cy bohaterowie. Zas\u0142uchaj si\u0119 w emocjonuj\u0105cych opowie\u015bciach.<\/h3>\n<p><a href=\"https:\/\/www.legimi.pl\/ebooki\/?utm_medium=baner&amp;utm_source=blog&amp;utm_campaign=posluchaj_tylko_u_nas&amp;utm_content=erem_dziennik_pokojowki\"><img loading=\"lazy\" decoding=\"async\" class=\"aligncenter wp-image-4738 size-large\" src=\"https:\/\/blog.legimi.pl\/wp-content\/uploads\/2025\/03\/Erem-i-dziennik-pokojowki-1024x274.png\" alt=\"\" width=\"1024\" height=\"274\" srcset=\"https:\/\/blog.legimi.pl\/wp-content\/uploads\/2025\/03\/Erem-i-dziennik-pokojowki-1024x274.png 1024w, https:\/\/blog.legimi.pl\/wp-content\/uploads\/2025\/03\/Erem-i-dziennik-pokojowki-300x80.png 300w, https:\/\/blog.legimi.pl\/wp-content\/uploads\/2025\/03\/Erem-i-dziennik-pokojowki-768x206.png 768w, https:\/\/blog.legimi.pl\/wp-content\/uploads\/2025\/03\/Erem-i-dziennik-pokojowki-1536x411.png 1536w, https:\/\/blog.legimi.pl\/wp-content\/uploads\/2025\/03\/Erem-i-dziennik-pokojowki.png 1700w\" sizes=\"auto, (max-width: 1024px) 100vw, 1024px\" \/><\/a><\/p>\n<p>Wszystkie pozycje <a href=\"https:\/\/www.legimi.pl\/katalog\/posluchasz-tylko-w-legimi-kryminaly-i-thrillery,c5877\/\" target=\"_blank\" rel=\"noopener noreferrer\">z tej kolekcji<\/a> zas\u0142uguj\u0105 na polecenie, ale chcia\u0142abym wyr\u00f3\u017cni\u0107 szczeg\u00f3lnie dwie.<\/p>\n<p><a href=\"https:\/\/www.legimi.pl\/polka\/ebook-erem-aldona-reich,b1335384.html?audioid=1335387\" target=\"_blank\" rel=\"noopener noreferrer\">EREM<\/a> Aldony Reich totrzymaj\u0105cy w napi\u0119ciu thriller kryminalny rozgrywaj\u0105cy si\u0119 w Bieszczadach. Niepokoj\u0105cym klimatem przypomina krymina\u0142y skandynawskie. EREM jest pierwszym tomem nowej serii Darasz, w kt\u00f3rej g\u0142\u00f3wny bohater stanie przed niejedn\u0105 mroczn\u0105 zagadk\u0105 i w kolejnych \u015bledztwach zabierze czytelnika do \u015bwiata pe\u0142nego tajemnic, napi\u0119\u0107 i zwrot\u00f3w akcji.<\/p>\n<p>W kolekcji <a href=\"https:\/\/www.legimi.pl\/katalog\/posluchasz-tylko-w-legimi-kryminaly-i-thrillery,c5877\/\" target=\"_blank\" rel=\"noopener noreferrer\">Pos\u0142uchasz tylko w Legimi &#8211; krymina\u0142y i thrillery<\/a> znajdziesz tak\u017ce bestsellery <a href=\"https:\/\/www.legimi.pl\/autor\/loreth-anne-white,ad204352\/?filters=audiobooks,ebooks,epub,mobi,pdf,synchrobooks,unlimited,unlimitedlegimi\" target=\"_blank\" rel=\"noopener noreferrer\">Loreth Anne White<\/a>. W <a href=\"https:\/\/www.legimi.pl\/ebook-dziennik-pokojowki-loreth-anne-white,b1278829.html\" target=\"_blank\" rel=\"noopener noreferrer\">Dzienniku pokoj\u00f3wki<\/a> poznajemy sekrety w\u0142a\u015bcicieli eleganckiej posiad\u0142o\u015bci. Odkrywa je Kit tytu\u0142owa pokoj\u00f3wka, kt\u00f3ra pewnego dnia dostrzega co\u015b, o czym nie mo\u017ce zapomnie\u0107. To tajemnica tak straszna, \u017ce kto\u015b zrobi wszystko, aby nie wysz\u0142a na jaw. Pewnego dnia w posiad\u0142o\u015bci wydarza si\u0119 co\u015b potwornego. Wezwana na miejsce policja odkrywa ka\u0142u\u017ce krwi, ale \u017cadnych cia\u0142. Znikn\u0119li w\u0142a\u015bciciele domu oraz ich pokoj\u00f3wka. Co si\u0119 sta\u0142o? Jaki sekret odkry\u0142a Kit? Pos\u0142uchajcie, \u017ceby pozna\u0107 zako\u0144czenie tej emocjonuj\u0105cej opowie\u015bci!<\/p>\n<h3>Kosmiczne podr\u00f3\u017ce, nieznane planety, magiczne \u015bwiaty &#8211; rozbud\u017a wyobra\u017ani\u0119 z fantastyk\u0105 na s\u0142uchawkach.<\/h3>\n<p>Fanom fantastyki z kolekcji audiobook\u00f3w na wy\u0142\u0105czno\u015b\u0107 proponujemy klasyk\u0119 gatunku, spopularyzowan\u0105 przez hollywoodzkie adaptacje.<\/p>\n<p><a href=\"https:\/\/www.legimi.pl\/ebooki\/?utm_medium=baner&amp;utm_source=blog&amp;utm_campaign=posluchaj_tylko_u_nas&amp;utm_content=planeta_malp\"><img loading=\"lazy\" decoding=\"async\" class=\"aligncenter wp-image-4681 size-large\" src=\"https:\/\/blog.legimi.pl\/wp-content\/uploads\/2025\/02\/planeta-malp-1024x274.png\" alt=\"\" width=\"1024\" height=\"274\" srcset=\"https:\/\/blog.legimi.pl\/wp-content\/uploads\/2025\/02\/planeta-malp-1024x274.png 1024w, https:\/\/blog.legimi.pl\/wp-content\/uploads\/2025\/02\/planeta-malp-300x80.png 300w, https:\/\/blog.legimi.pl\/wp-content\/uploads\/2025\/02\/planeta-malp-768x206.png 768w, https:\/\/blog.legimi.pl\/wp-content\/uploads\/2025\/02\/planeta-malp-1536x411.png 1536w, https:\/\/blog.legimi.pl\/wp-content\/uploads\/2025\/02\/planeta-malp.png 1699w\" sizes=\"auto, (max-width: 1024px) 100vw, 1024px\" \/><\/a><\/p>\n<p>Akcja <a href=\"https:\/\/www.legimi.pl\/ebook-planeta-malp-boulle-pierre,b999575.html\" target=\"_blank\" rel=\"noopener noreferrer\">Planety ma\u0142p<\/a> rozgrywa si\u0119 w 2050 r. Dwuosobowa za\u0142oga statku kosmicznego, po d\u0142ugiej mi\u0119dzygalaktycznej podr\u00f3\u017cy, l\u0105duje na planecie, kt\u00f3ra \u0142udz\u0105co przypomina Ziemi\u0119. Panuj\u0105 podobne warunki atmosferyczne, istniej\u0105 tak\u017ce ludzie, ale s\u0105 oni zniewoleni przez w\u0142a\u015bciwych w\u0142adc\u00f3w tego miejsca &#8211; cz\u0142ekokszta\u0142tne ma\u0142py.<\/p>\n<p>Mimo \u017ce powie\u015b\u0107 powsta\u0142a ponad p\u00f3\u0142 wieku temu, wci\u0105\u017c zdaje si\u0119 aktualna w wielu kwestiach. Autor zadaje w niej pytanie: co to znaczy by\u0107 cz\u0142owiekiem? Czym jest cz\u0142owiecze\u0144stwo? I jak daleko cz\u0142owiek mo\u017ce si\u0119 posun\u0105\u0107 w celu rozwoju cywilizacji?<\/p>\n<h3>Reporta\u017ce, wywiady, biografie, tytu\u0142y popularno &#8211; naukowe. Jeste\u015b fanem non fiction? W\u015br\u00f3d audiobook\u00f3w dost\u0119pnych tylko w Legimi, znajdziesz tak\u017ce co\u015b dla siebie.<\/h3>\n<p><a href=\"https:\/\/www.legimi.pl\/ebooki\/?utm_medium=baner&amp;utm_source=blog&amp;utm_campaign=posluchaj_tylko_u_nas&amp;utm_content=pali_sie_max_factror\"><img loading=\"lazy\" decoding=\"async\" class=\"aligncenter wp-image-4739 size-large\" src=\"https:\/\/blog.legimi.pl\/wp-content\/uploads\/2025\/03\/pali-sie-i-max-factor-1024x274.png\" alt=\"\" width=\"1024\" height=\"274\" srcset=\"https:\/\/blog.legimi.pl\/wp-content\/uploads\/2025\/03\/pali-sie-i-max-factor-1024x274.png 1024w, https:\/\/blog.legimi.pl\/wp-content\/uploads\/2025\/03\/pali-sie-i-max-factor-300x80.png 300w, https:\/\/blog.legimi.pl\/wp-content\/uploads\/2025\/03\/pali-sie-i-max-factor-768x206.png 768w, https:\/\/blog.legimi.pl\/wp-content\/uploads\/2025\/03\/pali-sie-i-max-factor-1536x411.png 1536w, https:\/\/blog.legimi.pl\/wp-content\/uploads\/2025\/03\/pali-sie-i-max-factor.png 1699w\" sizes=\"auto, (max-width: 1024px) 100vw, 1024px\" \/><\/a><\/p>\n<p><a href=\"https:\/\/www.legimi.pl\/ebook-pali-sie-ryzyko-ogien-adrenalina-o-byciu-strazaczka-bez-lania-wody-wojciechowska-agnieszka,b1292969.html\" target=\"_blank\" rel=\"noopener noreferrer\">Agnieszka Wojciechowska <\/a>opowie Ci, co to znaczy by\u0107 stra\u017caczk\u0105 w Polsce i jak bardzo musia\u0142a si\u0119 stara\u0107, by zyska\u0107 szacunek koleg\u00f3w po fachu. <a href=\"https:\/\/www.legimi.pl\/ebook-pali-sie-ryzyko-ogien-adrenalina-o-byciu-strazaczka-bez-lania-wody-wojciechowska-agnieszka,b1292969.html\" target=\"_blank\" rel=\"noopener noreferrer\">Pali si\u0119<\/a> to inspiruj\u0105ca lektura o kobiecie, kt\u00f3ra z determinacja d\u0105\u017cy do realizacji cel\u00f3w i marze\u0144.<\/p>\n<p>Plan na siebie mia\u0142 tak\u017ce pewien ch\u0142opak z Polski, kt\u00f3ry dzi\u0119ki wytrwa\u0142o\u015bci zbudowa\u0142 kosmetyczne imperium. <a href=\"https:\/\/www.legimi.pl\/ebook-max-factor-tworca-imperium-piekna-fred-e-basten,b1345811.html\" target=\"_blank\" rel=\"noopener noreferrer\">Max Factor<\/a> zaczyna\u0142 od sprzedawania bilet\u00f3w w \u0142\u00f3dzkim kinie, potem pracowa\u0142 w aptece, by\u0142 tak\u017ce fryzjerem. Zawsze interesowa\u0142 si\u0119 kosmetykami i lubi\u0142 z nimi eksperymentowa\u0107. Po wyje\u017adzie do Ameryki stworzy\u0142 podstawy filmowej charakteryzacji. Odpowiada\u0142 za filmowy look Poli Negri i Rudolfa Valentino. O niezwyk\u0142ym \u017cyciu ch\u0142opaka, kt\u00f3remu si\u0119 spe\u0142ni\u0142 american dream, pos\u0142uchacie w audiobooku <a href=\"https:\/\/www.legimi.pl\/ebook-max-factor-tworca-imperium-piekna-fred-e-basten,b1345811.html\" target=\"_blank\" rel=\"noopener noreferrer\">Max Factor. Tw\u00f3rca imperium pi\u0119kna<\/a>.<\/p>\n<h3>Emocjonuj\u0105ce przygody z czworono\u017cnymi bohaterami, detektywistyczne zagadki, weso\u0142e wierszyki, najlepsi lektorzy i lektorki.<\/h3>\n<p>W naszej aplikacji otrzymasz dost\u0119p do s\u0142uchowisk i audiobook\u00f3w dla dzieci i m\u0142odzie\u017cy, kt\u00f3rych nie znajdziesz na \u017cadnej innej platformie.\u00a0W abonamencie bez limitu mo\u017cesz s\u0142ucha\u0107 tre\u015bci audio dla dzieci i m\u0142odzie\u017cy, kt\u00f3re czasowo lub na sta\u0142e s\u0105 publikowane tylko w Legimi. Nale\u017c\u0105 do nich wspania\u0142e tytu\u0142y do wsp\u00f3lnego rodzinnego s\u0142uchania od takich wydawc\u00f3w jak Labreto, Zielona Sowa, Ibis.<\/p>\n<p><a href=\"https:\/\/www.legimi.pl\/ebooki\/?utm_medium=baner&amp;utm_source=blog&amp;utm_campaign=posluchaj_tylko_u_nas&amp;utm_content=popr_detektyw_pepe\"><img loading=\"lazy\" decoding=\"async\" class=\"aligncenter wp-image-4741 size-large\" src=\"https:\/\/blog.legimi.pl\/wp-content\/uploads\/2025\/03\/POPRy-1024x274.png\" alt=\"\" width=\"1024\" height=\"274\" srcset=\"https:\/\/blog.legimi.pl\/wp-content\/uploads\/2025\/03\/POPRy-1024x274.png 1024w, https:\/\/blog.legimi.pl\/wp-content\/uploads\/2025\/03\/POPRy-300x80.png 300w, https:\/\/blog.legimi.pl\/wp-content\/uploads\/2025\/03\/POPRy-768x206.png 768w, https:\/\/blog.legimi.pl\/wp-content\/uploads\/2025\/03\/POPRy-1536x411.png 1536w, https:\/\/blog.legimi.pl\/wp-content\/uploads\/2025\/03\/POPRy.png 1699w\" sizes=\"auto, (max-width: 1024px) 100vw, 1024px\" \/><\/a><\/p>\n<p>Du\u017cych i ma\u0142ych s\u0142uchaczy na pewno zachwyc\u0105 przygody <a href=\"https:\/\/www.legimi.pl\/katalog\/popr-ancy,c4434\/?filters=audiobooks,ebooks,epub,mobi,pdf,synchrobooks,unlimited,unlimitedlegimi\" target=\"_blank\" rel=\"noopener noreferrer\">POPR-a\u0144c\u00f3w<\/a> &#8211; zwierz\u0119cej ferajny pod wodz\u0105 owczarka niemieckiego, by\u0142ego ratownika g\u00f3rskiego, kt\u00f3ra nieustannie pakuje si\u0119 w nie lada k\u0142opoty. Wieloobsadowe, znakomicie ud\u017awi\u0119kowione s\u0142uchowisko, zapewni ca\u0142ej rodzinie d\u0142ugie godziny najlepszej rozrywki.<\/p>\n<p>Dzieciom, lubi\u0105cym detektywistyczne zagadki, polecamy <a href=\"https:\/\/www.legimi.pl\/ebooki\/detektyw-pepe,c5247\/?filters=audiobooks,ebooks,epub,mobi,pdf,synchrobooks,unlimited,unlimitedlegimi\" target=\"_blank\" rel=\"noopener noreferrer\">perypetie psa Pepe<\/a> i jego przyjaci\u00f3\u0142. W ka\u017cdej cz\u0119\u015bci ta weso\u0142a zwierz\u0119co-ludzka gromada prze\u017cywa \u015bmieszne, pe\u0142ne zwrot\u00f3w akcji przygody i dostarcza s\u0142uchaczom i s\u0142uchaczkom mn\u00f3stwo pozytywnych emocji.<\/p>\n<p>Seria <a href=\"https:\/\/www.legimi.pl\/ebooki\/dobrze-byc-z-toba,c6049\/?filters=audiobooks,ebooks,epub,mobi,pdf,synchrobooks,unlimited,unlimitedlegimi\" target=\"_blank\" rel=\"noopener noreferrer\">Dobrze by\u0107 z Tob\u0105<\/a> w nienachalny spos\u00f3b przekazuje dzieciom najwa\u017cniejsze warto\u015bci. To ciep\u0142e opowie\u015bci o mi\u0142o\u015bci i sile rodzinnych wi\u0119zi \u2013 na przyk\u0142adzie zwierz\u0119cych bohater\u00f3w dowiadujemy si\u0119, jak wa\u017cne s\u0105 relacje w rodzinie i \u017ce nale\u017cy je piel\u0119gnowa\u0107.<\/p>\n<p>Wczesnolatki i nastolatki tylko w naszej aplikacji pos\u0142uchaj\u0105 wspania\u0142ych powie\u015bci Katarzyny Ryrych, kt\u00f3ra w empatyczny spos\u00f3b pisze o problemach m\u0142odych ludzi. W audiobooku <a href=\"https:\/\/www.legimi.pl\/ebook-historia-niesamowita-katarzyna-ryrych,b1335371.html\" target=\"_blank\" rel=\"noopener noreferrer\">Historia niesamowita<\/a> autorka przenosi s\u0142uchaczy do \u015bwiata, w kt\u00f3rym r\u00f3\u017cne uniwersa si\u0119 przenikaj\u0105, a ludzie posiadaj\u0105cy wyj\u0105tkowy dar mog\u0105 dostrzega\u0107 dusze ludzi i zwierz\u0105t oraz z nimi rozmawia\u0107. Takie w\u0142a\u015bnie zdolno\u015bci odkrywa u siebie Aurelia.<\/p>\n<p>Natomiast w <a href=\"https:\/\/www.legimi.pl\/ebook-hate-story-katarzyna-ryrych,b1335373.html\" target=\"_blank\" rel=\"noopener noreferrer\">Hate story<\/a>, audiobooku przeznaczonym dla starszych nastolatk\u00f3w, Katarzyna Ryrych pisze o zjawisku przemocy r\u00f3wie\u015bniczej i hejcie, kt\u00f3rego do\u015bwiadczaj\u0105 jej dwaj bohaterowie, ch\u0142opcy przyja\u017ani\u0105cy si\u0119 od zawsze. Nowa szko\u0142a oznacza nowe wyzwania, tak\u017ce dla ich przyja\u017ani.<\/p>\n<h3>Superprodukcje audio to wyj\u0105tkowe do\u015bwiadczenie; w pe\u0142ni ud\u017awi\u0119kowione, wieloobsadowe s\u0142uchowiska, rozbudzaj\u0105 wyobra\u017ani\u0119 i pozwalaj\u0105 wej\u015b\u0107 ca\u0142kowicie w opowie\u015b\u0107.<\/h3>\n<p>W Legimi pos\u0142uchasz rewelacyjnych superprodukcji, kt\u00f3re powsta\u0142y w kooperacji wydawnictwa Labreto i Legimi.<\/p>\n<p><a href=\"https:\/\/www.legimi.pl\/ebooki\/?utm_medium=baner&amp;utm_source=blog&amp;utm_campaign=posluchaj_tylko_u_nas&amp;utm_content=cienie_dawnych_grzechow_smugi\"><img loading=\"lazy\" decoding=\"async\" class=\"aligncenter wp-image-4742 size-large\" src=\"https:\/\/blog.legimi.pl\/wp-content\/uploads\/2025\/03\/smugi-i-cienie-dawnych-grzechow-1024x274.png\" alt=\"\" width=\"1024\" height=\"274\" srcset=\"https:\/\/blog.legimi.pl\/wp-content\/uploads\/2025\/03\/smugi-i-cienie-dawnych-grzechow-1024x274.png 1024w, https:\/\/blog.legimi.pl\/wp-content\/uploads\/2025\/03\/smugi-i-cienie-dawnych-grzechow-300x80.png 300w, https:\/\/blog.legimi.pl\/wp-content\/uploads\/2025\/03\/smugi-i-cienie-dawnych-grzechow-768x206.png 768w, https:\/\/blog.legimi.pl\/wp-content\/uploads\/2025\/03\/smugi-i-cienie-dawnych-grzechow-1536x411.png 1536w, https:\/\/blog.legimi.pl\/wp-content\/uploads\/2025\/03\/smugi-i-cienie-dawnych-grzechow.png 1700w\" sizes=\"auto, (max-width: 1024px) 100vw, 1024px\" \/><\/a><\/p>\n<p>Je\u015bli lubisz ca\u0142kowicie przenie\u015b\u0107 si\u0119 w \u015bwiat przedstawiony, koniecznie sprawd\u017a nasze dwie superprodukcje. <a href=\"https:\/\/www.legimi.pl\/ebook-cienie-dawnych-grzechow-gorzka-mieczyslaw,b1232564.html\" target=\"_blank\" rel=\"noopener noreferrer\">Cienie dawnych grzech\u00f3w<\/a> to niepokoj\u0105cy thriller, w kt\u00f3rym autorzy Maciej \u015amielak i Mieczys\u0142aw Gorzka zg\u0142\u0119biaj\u0105 mroczn\u0105 psychik\u0119 seryjnego mordercy, grasuj\u0105cego we Wroc\u0142awiu.<\/p>\n<p>Opowiadaj\u0105 tak\u017ce o skomplikowanej relacji mi\u0119dzy dwojgiem g\u0142\u00f3wnych bohater\u00f3w: inspektorem Danielem Bednarzem i komisarz Kalin\u0105 Jadeck\u0105, kt\u00f3rzy maj\u0105 niejeden grzech na sumieniu. W superprodukcji wyst\u0119puj\u0105 najlepsze polskie g\u0142osym.in. Paulina Holtz, Jakub Sasak, Modest Ruci\u0144ski\u00a0i Wojciech \u017bo\u0142\u0105dkowicz. Ca\u0142o\u015b\u0107 wyre\u017cyserowa\u0142\u00a0Aleksander Orsztynowicz-Czy\u017c.<\/p>\n<p><a href=\"https:\/\/www.legimi.pl\/ebook-smugi-malgorzata-starosta,b1306871.html\" target=\"_blank\" rel=\"noopener noreferrer\">Smugi<\/a> Ma\u0142gorzaty Starosty zosta\u0142y wyprodukowane przez Legimi i Labreto z dba\u0142o\u015bci\u0105 o najmniejsze d\u017awi\u0119kowe detale. Projekt wymaga\u0142 wielu miesi\u0119cy przygotowa\u0144, na kt\u00f3re sk\u0142ada\u0142y si\u0119 nagrania aktorskie oraz pe\u0142ne ud\u017awi\u0119kowienie.<\/p>\n<p>Niespodziank\u0105 dla s\u0142uchacza jest na pewno <a href=\"https:\/\/www.youtube.com\/watch?v=gshsgkIgNNY\" target=\"_blank\" rel=\"noopener noreferrer\">piosenka<\/a>, skomponowana specjalnie dla tego s\u0142uchowiska. W utworze tym pobrzmiewaj\u0105 nuty folklorystyczne, poniewa\u017c lokalno\u015b\u0107 i regionalno\u015b\u0107 to wa\u017cne elementy <a href=\"https:\/\/www.legimi.pl\/ebook-smugi-malgorzata-starosta,b1306871.html\" target=\"_blank\" rel=\"noopener noreferrer\">Smug\u00f3w.<\/a><\/p>\n<p>Autorka zabiera nas na Podlasie, do ma\u0142ej miejscowo\u015bci, kt\u00f3ra przed trzydziestu laty by\u0142a \u015bwiadkiem strasznej zbrodni. G\u0142\u00f3wna bohaterka, dziennikarka, wraca w rodzinne strony, \u017ceby skonfrontowa\u0107 si\u0119 z traum\u0105 i rozwi\u0105za\u0107 spraw\u0119 morderstwa z przesz\u0142o\u015bci.<\/p>\n<h3>Tylko w Legimi poznasz topowe ksi\u0105\u017ckowe serie w wersji audio. Wejd\u017a do \u015bwiata ulubionych bohater\u00f3w, sp\u0119d\u017a z nimi d\u0142ugie godziny i wracaj do nich, kiedy tylko chcesz.<\/h3>\n<p><a href=\"https:\/\/www.legimi.pl\/ebooki\/?utm_medium=baner&amp;utm_source=blog&amp;utm_campaign=posluchaj_tylko_u_nas&amp;utm_content=jezycjada\"><img loading=\"lazy\" decoding=\"async\" class=\"aligncenter wp-image-4744 size-large\" src=\"https:\/\/blog.legimi.pl\/wp-content\/uploads\/2025\/03\/Jezycjada-1024x274.png\" alt=\"\" width=\"1024\" height=\"274\" srcset=\"https:\/\/blog.legimi.pl\/wp-content\/uploads\/2025\/03\/Jezycjada-1024x274.png 1024w, https:\/\/blog.legimi.pl\/wp-content\/uploads\/2025\/03\/Jezycjada-300x80.png 300w, https:\/\/blog.legimi.pl\/wp-content\/uploads\/2025\/03\/Jezycjada-768x206.png 768w, https:\/\/blog.legimi.pl\/wp-content\/uploads\/2025\/03\/Jezycjada-1536x411.png 1536w, https:\/\/blog.legimi.pl\/wp-content\/uploads\/2025\/03\/Jezycjada.png 1699w\" sizes=\"auto, (max-width: 1024px) 100vw, 1024px\" \/><\/a><\/p>\n<p>Wy\u0142\u0105cznie w naszej aplikacji pos\u0142uchasz kultowej <a href=\"https:\/\/www.legimi.pl\/ebooki\/jezycjada,c2203\/?filters=audiobooks,ebooks,epub,mobi,pdf,synchrobooks,unlimited,unlimitedlegimi\" target=\"_blank\" rel=\"noopener noreferrer\">Je\u017cycajdy\u00ae<\/a> w wykonaniu autorki &#8211; Ma\u0142gorzaty Musierowicz. Pisarka doskonale sprawdza si\u0119 w roli lektorki audiobook\u00f3w. Subtelnie interpretuje tekst, nadaj\u0105c postaciom charakterystyczny ton g\u0142osu i uwypuklaj\u0105c humor swoich opowie\u015bci.<\/p>\n<p>W katalogu Legimi znajdziecie 23 tomy opowie\u015bci o rodzinie Borejk\u00f3w w formie synchrobook\u00f3w. Cz\u0119\u015b\u0107 tytu\u0142\u00f3w z okazji jubileuszu 50-lecia cyklu zosta\u0142a dodatkowo ud\u017awi\u0119kowiona.<\/p>\n<p><a href=\"https:\/\/www.legimi.pl\/ebook-szosta-klepka-tom-1-malgorzata-musierowicz,b923253.html\" target=\"_blank\" rel=\"noopener noreferrer\">Sz\u00f3sta klepka<\/a>, czyli pierwszy tom serii (do cyklu w\u0142\u0105czona zosta\u0142a na pro\u015bb\u0119 czytelnik\u00f3w tak\u017ce ksi\u0105\u017cka M. Musierowicz <a href=\"https:\/\/www.legimi.pl\/ebook-malomowny-i-rodzina-tom-0-malgorzata-musierowicz,b986135.html\" target=\"_blank\" rel=\"noopener noreferrer\">Ma\u0142om\u00f3wny i rodzina<\/a>, oznaczana jest jako tom 0) rozpoczyna si\u0119 10 grudnia 1975 r. Ostatni, 22 tom cyklu, <a href=\"https:\/\/www.legimi.pl\/ebook-ciotka-zgryzotka-tom-22-malgorzata-musierowicz,b967093.html\" target=\"_blank\" rel=\"noopener noreferrer\">Ciotka Zgryzotka<\/a> natomiast rozgrywa si\u0119 w 2017 r.<\/p>\n<p>Na przestrzeni kilku dekad i 23 ksi\u0105\u017cek poznajemy wielopokoleniow\u0105 rodzin\u0119 Borejk\u00f3w, a tak\u017ce losy ich najbli\u017cszych znajomych i przyjaci\u00f3\u0142. Obserwujemy r\u00f3wnie\u017c zmieniaj\u0105ca si\u0119 w tle polsk\u0105 rzeczywisto\u015b\u0107.<\/p>\n<p>Pierwsze tomy przypadaj\u0105 jeszcze na okres PRL, potem wraz z bohaterami prze\u017cywamy burzliwe czasy transformacji, by dotrze\u0107 do lat 2000 &#8211; szybkiego rozwoju technologii i wielu zmian spo\u0142eczno-obyczajowych. Dla m\u0142odych czytelnik\u00f3w Je\u017cycjada\u00ae, poza wspania\u0142\u0105 warto\u015bciow\u0105, pe\u0142n\u0105 humoru i ciep\u0142a lektur\u0105, mo\u017ce by\u0107 tak\u017ce nienachaln\u0105 i ciekaw\u0105 lekcj\u0105 najnowszej historii naszego kraju.<\/p>\n<h3>Wy\u0142\u0105cznie u\u017cytkownicy Legimi mog\u0105 pozna\u0107 w formie audiobook\u00f3w bestsellerow\u0105 seri\u0119 o Florze Steel, ksi\u0119garce po godzinach rozwi\u0105zuj\u0105cej kryminalne zagadki.<\/h3>\n<p><a href=\"https:\/\/www.legimi.pl\/ebooki\/?utm_medium=baner&amp;utm_source=blog&amp;utm_campaign=posluchaj_tylko_u_nas&amp;utm_content=flora_steele\"><img loading=\"lazy\" decoding=\"async\" class=\"aligncenter wp-image-4746 size-large\" src=\"https:\/\/blog.legimi.pl\/wp-content\/uploads\/2025\/03\/flora-steele-1024x274.png\" alt=\"\" width=\"1024\" height=\"274\" srcset=\"https:\/\/blog.legimi.pl\/wp-content\/uploads\/2025\/03\/flora-steele-1024x274.png 1024w, https:\/\/blog.legimi.pl\/wp-content\/uploads\/2025\/03\/flora-steele-300x80.png 300w, https:\/\/blog.legimi.pl\/wp-content\/uploads\/2025\/03\/flora-steele-768x206.png 768w, https:\/\/blog.legimi.pl\/wp-content\/uploads\/2025\/03\/flora-steele-1536x411.png 1536w, https:\/\/blog.legimi.pl\/wp-content\/uploads\/2025\/03\/flora-steele.png 1699w\" sizes=\"auto, (max-width: 1024px) 100vw, 1024px\" \/><\/a><\/p>\n<p>Cykl <a href=\"https:\/\/www.legimi.pl\/katalog\/flora-steele,c4580\/?filters=audiobooks,ebooks,epub,mobi,pdf,synchrobooks,unlimited,unlimitedlegimi\" target=\"_blank\" rel=\"noopener noreferrer\">Flora Steel<\/a> Merryn Allingham przypadnie do gustu wielbicielom klasycznych krymina\u0142\u00f3w, klimat\u00f3w retro oraz fanom i fankom serialu Zbrodnie po s\u0105siedzku.<\/p>\n<p>Akcja rozgrywa si\u0119 w latach 50. XX w. na malowniczej angielskiej wsi. Florze, zapalonej cyklistce i w\u0142a\u015bcicielce ksi\u0119garni pomaga w detektywistycznym hobby pisarz krymina\u0142\u00f3w Jack Carrington.<\/p>\n<h3>Czytelnicy i czytelniczki Edyty \u015awi\u0119tek wy\u0142\u0105cznie w naszej ofercie znajd\u0105 audiobooki dw\u00f3ch znakomitych serii: Sagi krynickiej oraz Sandomierskich wzg\u00f3rz.<\/h3>\n<p><a href=\"https:\/\/www.legimi.pl\/ebooki\/?utm_medium=baner&amp;utm_source=blog&amp;utm_campaign=posluchaj_tylko_u_nas&amp;utm_content=sandomierskie_wzgorza_saga_krynicka\"><img loading=\"lazy\" decoding=\"async\" class=\"aligncenter wp-image-4745 size-large\" src=\"https:\/\/blog.legimi.pl\/wp-content\/uploads\/2025\/03\/sandomierskie-wzgorza-1024x274.png\" alt=\"\" width=\"1024\" height=\"274\" srcset=\"https:\/\/blog.legimi.pl\/wp-content\/uploads\/2025\/03\/sandomierskie-wzgorza-1024x274.png 1024w, https:\/\/blog.legimi.pl\/wp-content\/uploads\/2025\/03\/sandomierskie-wzgorza-300x80.png 300w, https:\/\/blog.legimi.pl\/wp-content\/uploads\/2025\/03\/sandomierskie-wzgorza-768x206.png 768w, https:\/\/blog.legimi.pl\/wp-content\/uploads\/2025\/03\/sandomierskie-wzgorza-1536x411.png 1536w, https:\/\/blog.legimi.pl\/wp-content\/uploads\/2025\/03\/sandomierskie-wzgorza.png 1699w\" sizes=\"auto, (max-width: 1024px) 100vw, 1024px\" \/><\/a><\/p>\n<p><a href=\"https:\/\/www.legimi.pl\/katalog\/?searchphrase=Saga%20Krynicka&amp;filters=audiobooks,ebooks,epub,mobi,pdf,synchrobooks,unlimited,unlimitedlegimi&amp;sort=score\" target=\"_blank\" rel=\"noopener noreferrer\">W tej pierwszej<\/a> przenosimy si\u0119 do Krynicy roku 1894. Poznajemy Aureli\u0119 i Matyld\u0119, kt\u00f3re, mimo \u017ce pochodz\u0105 z zupe\u0142nie r\u00f3\u017cnych \u015brodowisk, zaprzyja\u017aniaj\u0105 si\u0119 ze sob\u0105. Przenikliwo\u015b\u0107 Matyldy doprowadza do odkrycia pewnego sekretu, kt\u00f3ry odmieni \u017cycie kilku os\u00f3b. W kolejnych cz\u0119\u015bciach \u015bledzimy losy Aurelii na tle zmieniaj\u0105cej si\u0119 historii. Autorka przeplata losy fikcyjnych i historycznych postaci, snuj\u0105c tak\u017ce opowie\u015b\u0107 o Krynicy, pi\u0119knym uzdrowiskowym mie\u015bcie, kt\u00f3re tak jak bohaterowie zmienia si\u0119 i rozwija przez kolejne dekady.<\/p>\n<p>W cyklu <a href=\"https:\/\/www.legimi.pl\/ebooki\/sandomierskie-wzgorza,c5904\/?filters=audiobooks,ebooks,epub,mobi,pdf,synchrobooks,unlimited,unlimitedlegimi\" target=\"_blank\" rel=\"noopener noreferrer\">Sandomierskie wzg\u00f3rza<\/a> z kolei autorka opowiada o dw\u00f3ch siostrach: Marcjannie i Annie. Obie nie maj\u0105 szcz\u0119\u015bcia w mi\u0142o\u015bci. Pierwsza zakochuje si\u0119 w synu w\u0142a\u015bcicieli piekarni, kt\u00f3r\u0105 jej ojciec straci\u0142 za d\u0142ugi. Niestety ch\u0142opak nie chce si\u0119 anga\u017cowa\u0107 i wykorzystuje Marcjann\u0119. Natomiast do Anny zaleca si\u0119 stary kawaler, do kt\u00f3rego dziewczyna nic nie czuje. W Sandomierzu pojawia si\u0119 jednak tajemniczy m\u0119\u017cczyzna, bohater wielkiej wojny, kt\u00f3ry nie spodziewanie wkroczy w \u017cycie Anny.<\/p>\n<p>Audiobooki to wspania\u0142y spos\u00f3b na kontakt z literatur\u0105, kiedy nie mamy mo\u017cliwo\u015bci otworzenia czytnika czy ksi\u0105\u017cki. Uprzyjemniaj\u0105 nam podr\u00f3\u017ce, czekanie w kolejkach, pomagaj\u0105 si\u0119 wyciszy\u0107 i zrelaksowa\u0107, wspieraj\u0105 rozw\u00f3j wyobra\u017ani u naszych dzieci i wzbogacaj\u0105 s\u0142ownictwo najm\u0142odszych.<\/p>\n<h3>W\u015br\u00f3d naszych kolekcji audiobook\u00f3w na wy\u0142\u0105czno\u015b\u0107 znajdziesz propozycje od najlepszych wydawnictw, na r\u00f3\u017cne nastroje i r\u00f3\u017cne gusta. Zapraszamy do audiopodr\u00f3\u017cy w \u015bwiat ksi\u0105\u017cek!<\/h3>\n","protected":false},"excerpt":{"rendered":"<p>Bestsellery w wersji audio i superprodukcje, kt\u00f3re przenosz\u0105 s\u0142uchacza wprost do fabu\u0142y ksi\u0105\u017cek. W abonamencie Legimi ebooki i audiobooki bez limitu uzyskujesz dost\u0119p do tre\u015bci audio, kt\u00f3rych nie znajdziesz w innych serwisach. To audiobooki, synchrobooki, superprodukcje i s\u0142uchowiska, nagrane z wielk\u0105 dba\u0142o\u015bci\u0105, cz\u0119sto dodatkowo ud\u017awi\u0119kowione, w doskona\u0142ej interpretacji wybitnych lektorek i lektor\u00f3w. W Katalogu Legimi [&hellip;]<\/p>\n","protected":false},"author":61,"featured_media":4749,"comment_status":"closed","ping_status":"closed","sticky":false,"template":"","format":"standard","meta":{"footnotes":""},"categories":[11,4261],"tags":[501,5300],"class_list":["post-4729","post","type-post","status-publish","format-standard","has-post-thumbnail","hentry","category-abonament-2","category-artykuly","tag-bestsellery","tag-tylko-u-nas"],"yoast_head":"<!-- This site is optimized with the Yoast SEO plugin v27.5 - https:\/\/yoast.com\/product\/yoast-seo-wordpress\/ -->\n<title>Pos\u0142uchasz tylko w Legimi - blog<\/title>\n<meta name=\"description\" content=\"S\u0142uchaj audiobook\u00f3w, synchrobook\u00f3w\u00ae, superprodukcji i s\u0142uchowisk, nagranych z dba\u0142o\u015bci\u0105 o detale i mistrzowsk\u0105 interpretacj\u0105 lektor\u00f3w.\" \/>\n<meta name=\"robots\" content=\"index, follow, max-snippet:-1, max-image-preview:large, max-video-preview:-1\" \/>\n<link rel=\"canonical\" href=\"https:\/\/www.legimi.pl\/blog\/2025\/03\/posluchasz-tylko-w-legimi-czyli-audiobooki-i-synchrobooki-dostepne-tylko-u-nas\/\" \/>\n<meta property=\"og:locale\" content=\"pl_PL\" \/>\n<meta property=\"og:type\" content=\"article\" \/>\n<meta property=\"og:title\" content=\"Pos\u0142uchasz tylko w Legimi - blog\" \/>\n<meta property=\"og:description\" content=\"S\u0142uchaj audiobook\u00f3w, synchrobook\u00f3w\u00ae, superprodukcji i s\u0142uchowisk, nagranych z dba\u0142o\u015bci\u0105 o detale i mistrzowsk\u0105 interpretacj\u0105 lektor\u00f3w.\" \/>\n<meta property=\"og:url\" content=\"https:\/\/www.legimi.pl\/blog\/2025\/03\/posluchasz-tylko-w-legimi-czyli-audiobooki-i-synchrobooki-dostepne-tylko-u-nas\/\" \/>\n<meta property=\"og:site_name\" content=\"Legimi - blog\" \/>\n<meta property=\"article:published_time\" content=\"2025-03-24T09:00:50+00:00\" \/>\n<meta property=\"article:modified_time\" content=\"2025-03-24T11:51:30+00:00\" \/>\n<meta property=\"og:image\" content=\"https:\/\/blog.legimi.pl\/wp-content\/uploads\/2025\/03\/Posluchaj-tylko-w-legimi-2.png\" \/>\n\t<meta property=\"og:image:width\" content=\"1080\" \/>\n\t<meta property=\"og:image:height\" content=\"675\" \/>\n\t<meta property=\"og:image:type\" content=\"image\/png\" \/>\n<meta name=\"author\" content=\"Agnieszka B\u0142aszczyk\" \/>\n<meta name=\"twitter:card\" content=\"summary_large_image\" \/>\n<meta name=\"twitter:label1\" content=\"Napisane przez\" \/>\n\t<meta name=\"twitter:data1\" content=\"Agnieszka B\u0142aszczyk\" \/>\n\t<meta name=\"twitter:label2\" content=\"Szacowany czas czytania\" \/>\n\t<meta name=\"twitter:data2\" content=\"15 minut\" \/>\n<script type=\"application\/ld+json\" class=\"yoast-schema-graph\">{\"@context\":\"https:\\\/\\\/schema.org\",\"@graph\":[{\"@type\":\"Article\",\"@id\":\"https:\\\/\\\/www.legimi.pl\\\/blog\\\/2025\\\/03\\\/posluchasz-tylko-w-legimi-czyli-audiobooki-i-synchrobooki-dostepne-tylko-u-nas\\\/#article\",\"isPartOf\":{\"@id\":\"https:\\\/\\\/www.legimi.pl\\\/blog\\\/2025\\\/03\\\/posluchasz-tylko-w-legimi-czyli-audiobooki-i-synchrobooki-dostepne-tylko-u-nas\\\/\"},\"author\":{\"name\":\"Agnieszka B\u0142aszczyk\",\"@id\":\"https:\\\/\\\/www.legimi.pl\\\/blog\\\/#\\\/schema\\\/person\\\/ebd2705e460590d5460b6da515b4f18d\"},\"headline\":\"Pos\u0142uchasz tylko w Legimi, czyli audiobooki i synchrobooki dost\u0119pne tylko u nas!\",\"datePublished\":\"2025-03-24T09:00:50+00:00\",\"dateModified\":\"2025-03-24T11:51:30+00:00\",\"mainEntityOfPage\":{\"@id\":\"https:\\\/\\\/www.legimi.pl\\\/blog\\\/2025\\\/03\\\/posluchasz-tylko-w-legimi-czyli-audiobooki-i-synchrobooki-dostepne-tylko-u-nas\\\/\"},\"wordCount\":2543,\"image\":{\"@id\":\"https:\\\/\\\/www.legimi.pl\\\/blog\\\/2025\\\/03\\\/posluchasz-tylko-w-legimi-czyli-audiobooki-i-synchrobooki-dostepne-tylko-u-nas\\\/#primaryimage\"},\"thumbnailUrl\":\"https:\\\/\\\/blog.legimi.pl\\\/wp-content\\\/uploads\\\/2025\\\/03\\\/Posluchaj-tylko-w-legimi-2.png\",\"keywords\":[\"bestsellery\",\"tylko u nas\"],\"articleSection\":[\"Abonament\",\"Artyku\u0142y\"],\"inLanguage\":\"pl-PL\"},{\"@type\":\"WebPage\",\"@id\":\"https:\\\/\\\/www.legimi.pl\\\/blog\\\/2025\\\/03\\\/posluchasz-tylko-w-legimi-czyli-audiobooki-i-synchrobooki-dostepne-tylko-u-nas\\\/\",\"url\":\"https:\\\/\\\/www.legimi.pl\\\/blog\\\/2025\\\/03\\\/posluchasz-tylko-w-legimi-czyli-audiobooki-i-synchrobooki-dostepne-tylko-u-nas\\\/\",\"name\":\"Pos\u0142uchasz tylko w Legimi - blog\",\"isPartOf\":{\"@id\":\"https:\\\/\\\/www.legimi.pl\\\/blog\\\/#website\"},\"primaryImageOfPage\":{\"@id\":\"https:\\\/\\\/www.legimi.pl\\\/blog\\\/2025\\\/03\\\/posluchasz-tylko-w-legimi-czyli-audiobooki-i-synchrobooki-dostepne-tylko-u-nas\\\/#primaryimage\"},\"image\":{\"@id\":\"https:\\\/\\\/www.legimi.pl\\\/blog\\\/2025\\\/03\\\/posluchasz-tylko-w-legimi-czyli-audiobooki-i-synchrobooki-dostepne-tylko-u-nas\\\/#primaryimage\"},\"thumbnailUrl\":\"https:\\\/\\\/blog.legimi.pl\\\/wp-content\\\/uploads\\\/2025\\\/03\\\/Posluchaj-tylko-w-legimi-2.png\",\"datePublished\":\"2025-03-24T09:00:50+00:00\",\"dateModified\":\"2025-03-24T11:51:30+00:00\",\"author\":{\"@id\":\"https:\\\/\\\/www.legimi.pl\\\/blog\\\/#\\\/schema\\\/person\\\/ebd2705e460590d5460b6da515b4f18d\"},\"description\":\"S\u0142uchaj audiobook\u00f3w, synchrobook\u00f3w\u00ae, superprodukcji i s\u0142uchowisk, nagranych z dba\u0142o\u015bci\u0105 o detale i mistrzowsk\u0105 interpretacj\u0105 lektor\u00f3w.\",\"breadcrumb\":{\"@id\":\"https:\\\/\\\/www.legimi.pl\\\/blog\\\/2025\\\/03\\\/posluchasz-tylko-w-legimi-czyli-audiobooki-i-synchrobooki-dostepne-tylko-u-nas\\\/#breadcrumb\"},\"inLanguage\":\"pl-PL\",\"potentialAction\":[{\"@type\":\"ReadAction\",\"target\":[\"https:\\\/\\\/www.legimi.pl\\\/blog\\\/2025\\\/03\\\/posluchasz-tylko-w-legimi-czyli-audiobooki-i-synchrobooki-dostepne-tylko-u-nas\\\/\"]}]},{\"@type\":\"ImageObject\",\"inLanguage\":\"pl-PL\",\"@id\":\"https:\\\/\\\/www.legimi.pl\\\/blog\\\/2025\\\/03\\\/posluchasz-tylko-w-legimi-czyli-audiobooki-i-synchrobooki-dostepne-tylko-u-nas\\\/#primaryimage\",\"url\":\"https:\\\/\\\/blog.legimi.pl\\\/wp-content\\\/uploads\\\/2025\\\/03\\\/Posluchaj-tylko-w-legimi-2.png\",\"contentUrl\":\"https:\\\/\\\/blog.legimi.pl\\\/wp-content\\\/uploads\\\/2025\\\/03\\\/Posluchaj-tylko-w-legimi-2.png\",\"width\":1080,\"height\":675},{\"@type\":\"BreadcrumbList\",\"@id\":\"https:\\\/\\\/www.legimi.pl\\\/blog\\\/2025\\\/03\\\/posluchasz-tylko-w-legimi-czyli-audiobooki-i-synchrobooki-dostepne-tylko-u-nas\\\/#breadcrumb\",\"itemListElement\":[{\"@type\":\"ListItem\",\"position\":1,\"name\":\"Home\",\"item\":\"https:\\\/\\\/www.legimi.pl\\\/blog\\\/\"},{\"@type\":\"ListItem\",\"position\":2,\"name\":\"Pos\u0142uchasz tylko w Legimi, czyli audiobooki i synchrobooki dost\u0119pne tylko u nas!\"}]},{\"@type\":\"WebSite\",\"@id\":\"https:\\\/\\\/www.legimi.pl\\\/blog\\\/#website\",\"url\":\"https:\\\/\\\/www.legimi.pl\\\/blog\\\/\",\"name\":\"Legimi - blog\",\"description\":\"\",\"potentialAction\":[{\"@type\":\"SearchAction\",\"target\":{\"@type\":\"EntryPoint\",\"urlTemplate\":\"https:\\\/\\\/www.legimi.pl\\\/blog\\\/?s={search_term_string}\"},\"query-input\":{\"@type\":\"PropertyValueSpecification\",\"valueRequired\":true,\"valueName\":\"search_term_string\"}}],\"inLanguage\":\"pl-PL\"},{\"@type\":\"Person\",\"@id\":\"https:\\\/\\\/www.legimi.pl\\\/blog\\\/#\\\/schema\\\/person\\\/ebd2705e460590d5460b6da515b4f18d\",\"name\":\"Agnieszka B\u0142aszczyk\",\"image\":{\"@type\":\"ImageObject\",\"inLanguage\":\"pl-PL\",\"@id\":\"https:\\\/\\\/secure.gravatar.com\\\/avatar\\\/a09ea5f61d6193acf6fd5ce987bcf152cb3cc5d46ea8734f0665f65fc600bba0?s=96&d=mm&r=g\",\"url\":\"https:\\\/\\\/secure.gravatar.com\\\/avatar\\\/a09ea5f61d6193acf6fd5ce987bcf152cb3cc5d46ea8734f0665f65fc600bba0?s=96&d=mm&r=g\",\"contentUrl\":\"https:\\\/\\\/secure.gravatar.com\\\/avatar\\\/a09ea5f61d6193acf6fd5ce987bcf152cb3cc5d46ea8734f0665f65fc600bba0?s=96&d=mm&r=g\",\"caption\":\"Agnieszka B\u0142aszczyk\"},\"url\":\"https:\\\/\\\/www.legimi.pl\\\/blog\\\/author\\\/agnieszka-blaszczyk\\\/\"}]}<\/script>\n<!-- \/ Yoast SEO plugin. -->","yoast_head_json":{"title":"Pos\u0142uchasz tylko w Legimi - blog","description":"S\u0142uchaj audiobook\u00f3w, synchrobook\u00f3w\u00ae, superprodukcji i s\u0142uchowisk, nagranych z dba\u0142o\u015bci\u0105 o detale i mistrzowsk\u0105 interpretacj\u0105 lektor\u00f3w.","robots":{"index":"index","follow":"follow","max-snippet":"max-snippet:-1","max-image-preview":"max-image-preview:large","max-video-preview":"max-video-preview:-1"},"canonical":"https:\/\/www.legimi.pl\/blog\/2025\/03\/posluchasz-tylko-w-legimi-czyli-audiobooki-i-synchrobooki-dostepne-tylko-u-nas\/","og_locale":"pl_PL","og_type":"article","og_title":"Pos\u0142uchasz tylko w Legimi - blog","og_description":"S\u0142uchaj audiobook\u00f3w, synchrobook\u00f3w\u00ae, superprodukcji i s\u0142uchowisk, nagranych z dba\u0142o\u015bci\u0105 o detale i mistrzowsk\u0105 interpretacj\u0105 lektor\u00f3w.","og_url":"https:\/\/www.legimi.pl\/blog\/2025\/03\/posluchasz-tylko-w-legimi-czyli-audiobooki-i-synchrobooki-dostepne-tylko-u-nas\/","og_site_name":"Legimi - blog","article_published_time":"2025-03-24T09:00:50+00:00","article_modified_time":"2025-03-24T11:51:30+00:00","og_image":[{"width":1080,"height":675,"url":"https:\/\/blog.legimi.pl\/wp-content\/uploads\/2025\/03\/Posluchaj-tylko-w-legimi-2.png","type":"image\/png"}],"author":"Agnieszka B\u0142aszczyk","twitter_card":"summary_large_image","twitter_misc":{"Napisane przez":"Agnieszka B\u0142aszczyk","Szacowany czas czytania":"15 minut"},"schema":{"@context":"https:\/\/schema.org","@graph":[{"@type":"Article","@id":"https:\/\/www.legimi.pl\/blog\/2025\/03\/posluchasz-tylko-w-legimi-czyli-audiobooki-i-synchrobooki-dostepne-tylko-u-nas\/#article","isPartOf":{"@id":"https:\/\/www.legimi.pl\/blog\/2025\/03\/posluchasz-tylko-w-legimi-czyli-audiobooki-i-synchrobooki-dostepne-tylko-u-nas\/"},"author":{"name":"Agnieszka B\u0142aszczyk","@id":"https:\/\/www.legimi.pl\/blog\/#\/schema\/person\/ebd2705e460590d5460b6da515b4f18d"},"headline":"Pos\u0142uchasz tylko w Legimi, czyli audiobooki i synchrobooki dost\u0119pne tylko u nas!","datePublished":"2025-03-24T09:00:50+00:00","dateModified":"2025-03-24T11:51:30+00:00","mainEntityOfPage":{"@id":"https:\/\/www.legimi.pl\/blog\/2025\/03\/posluchasz-tylko-w-legimi-czyli-audiobooki-i-synchrobooki-dostepne-tylko-u-nas\/"},"wordCount":2543,"image":{"@id":"https:\/\/www.legimi.pl\/blog\/2025\/03\/posluchasz-tylko-w-legimi-czyli-audiobooki-i-synchrobooki-dostepne-tylko-u-nas\/#primaryimage"},"thumbnailUrl":"https:\/\/blog.legimi.pl\/wp-content\/uploads\/2025\/03\/Posluchaj-tylko-w-legimi-2.png","keywords":["bestsellery","tylko u nas"],"articleSection":["Abonament","Artyku\u0142y"],"inLanguage":"pl-PL"},{"@type":"WebPage","@id":"https:\/\/www.legimi.pl\/blog\/2025\/03\/posluchasz-tylko-w-legimi-czyli-audiobooki-i-synchrobooki-dostepne-tylko-u-nas\/","url":"https:\/\/www.legimi.pl\/blog\/2025\/03\/posluchasz-tylko-w-legimi-czyli-audiobooki-i-synchrobooki-dostepne-tylko-u-nas\/","name":"Pos\u0142uchasz tylko w Legimi - blog","isPartOf":{"@id":"https:\/\/www.legimi.pl\/blog\/#website"},"primaryImageOfPage":{"@id":"https:\/\/www.legimi.pl\/blog\/2025\/03\/posluchasz-tylko-w-legimi-czyli-audiobooki-i-synchrobooki-dostepne-tylko-u-nas\/#primaryimage"},"image":{"@id":"https:\/\/www.legimi.pl\/blog\/2025\/03\/posluchasz-tylko-w-legimi-czyli-audiobooki-i-synchrobooki-dostepne-tylko-u-nas\/#primaryimage"},"thumbnailUrl":"https:\/\/blog.legimi.pl\/wp-content\/uploads\/2025\/03\/Posluchaj-tylko-w-legimi-2.png","datePublished":"2025-03-24T09:00:50+00:00","dateModified":"2025-03-24T11:51:30+00:00","author":{"@id":"https:\/\/www.legimi.pl\/blog\/#\/schema\/person\/ebd2705e460590d5460b6da515b4f18d"},"description":"S\u0142uchaj audiobook\u00f3w, synchrobook\u00f3w\u00ae, superprodukcji i s\u0142uchowisk, nagranych z dba\u0142o\u015bci\u0105 o detale i mistrzowsk\u0105 interpretacj\u0105 lektor\u00f3w.","breadcrumb":{"@id":"https:\/\/www.legimi.pl\/blog\/2025\/03\/posluchasz-tylko-w-legimi-czyli-audiobooki-i-synchrobooki-dostepne-tylko-u-nas\/#breadcrumb"},"inLanguage":"pl-PL","potentialAction":[{"@type":"ReadAction","target":["https:\/\/www.legimi.pl\/blog\/2025\/03\/posluchasz-tylko-w-legimi-czyli-audiobooki-i-synchrobooki-dostepne-tylko-u-nas\/"]}]},{"@type":"ImageObject","inLanguage":"pl-PL","@id":"https:\/\/www.legimi.pl\/blog\/2025\/03\/posluchasz-tylko-w-legimi-czyli-audiobooki-i-synchrobooki-dostepne-tylko-u-nas\/#primaryimage","url":"https:\/\/blog.legimi.pl\/wp-content\/uploads\/2025\/03\/Posluchaj-tylko-w-legimi-2.png","contentUrl":"https:\/\/blog.legimi.pl\/wp-content\/uploads\/2025\/03\/Posluchaj-tylko-w-legimi-2.png","width":1080,"height":675},{"@type":"BreadcrumbList","@id":"https:\/\/www.legimi.pl\/blog\/2025\/03\/posluchasz-tylko-w-legimi-czyli-audiobooki-i-synchrobooki-dostepne-tylko-u-nas\/#breadcrumb","itemListElement":[{"@type":"ListItem","position":1,"name":"Home","item":"https:\/\/www.legimi.pl\/blog\/"},{"@type":"ListItem","position":2,"name":"Pos\u0142uchasz tylko w Legimi, czyli audiobooki i synchrobooki dost\u0119pne tylko u nas!"}]},{"@type":"WebSite","@id":"https:\/\/www.legimi.pl\/blog\/#website","url":"https:\/\/www.legimi.pl\/blog\/","name":"Legimi - blog","description":"","potentialAction":[{"@type":"SearchAction","target":{"@type":"EntryPoint","urlTemplate":"https:\/\/www.legimi.pl\/blog\/?s={search_term_string}"},"query-input":{"@type":"PropertyValueSpecification","valueRequired":true,"valueName":"search_term_string"}}],"inLanguage":"pl-PL"},{"@type":"Person","@id":"https:\/\/www.legimi.pl\/blog\/#\/schema\/person\/ebd2705e460590d5460b6da515b4f18d","name":"Agnieszka B\u0142aszczyk","image":{"@type":"ImageObject","inLanguage":"pl-PL","@id":"https:\/\/secure.gravatar.com\/avatar\/a09ea5f61d6193acf6fd5ce987bcf152cb3cc5d46ea8734f0665f65fc600bba0?s=96&d=mm&r=g","url":"https:\/\/secure.gravatar.com\/avatar\/a09ea5f61d6193acf6fd5ce987bcf152cb3cc5d46ea8734f0665f65fc600bba0?s=96&d=mm&r=g","contentUrl":"https:\/\/secure.gravatar.com\/avatar\/a09ea5f61d6193acf6fd5ce987bcf152cb3cc5d46ea8734f0665f65fc600bba0?s=96&d=mm&r=g","caption":"Agnieszka B\u0142aszczyk"},"url":"https:\/\/www.legimi.pl\/blog\/author\/agnieszka-blaszczyk\/"}]}},"_links":{"self":[{"href":"https:\/\/www.legimi.pl\/blog\/wp-json\/wp\/v2\/posts\/4729","targetHints":{"allow":["GET"]}}],"collection":[{"href":"https:\/\/www.legimi.pl\/blog\/wp-json\/wp\/v2\/posts"}],"about":[{"href":"https:\/\/www.legimi.pl\/blog\/wp-json\/wp\/v2\/types\/post"}],"author":[{"embeddable":true,"href":"https:\/\/www.legimi.pl\/blog\/wp-json\/wp\/v2\/users\/61"}],"replies":[{"embeddable":true,"href":"https:\/\/www.legimi.pl\/blog\/wp-json\/wp\/v2\/comments?post=4729"}],"version-history":[{"count":7,"href":"https:\/\/www.legimi.pl\/blog\/wp-json\/wp\/v2\/posts\/4729\/revisions"}],"predecessor-version":[{"id":4798,"href":"https:\/\/www.legimi.pl\/blog\/wp-json\/wp\/v2\/posts\/4729\/revisions\/4798"}],"wp:featuredmedia":[{"embeddable":true,"href":"https:\/\/www.legimi.pl\/blog\/wp-json\/wp\/v2\/media\/4749"}],"wp:attachment":[{"href":"https:\/\/www.legimi.pl\/blog\/wp-json\/wp\/v2\/media?parent=4729"}],"wp:term":[{"taxonomy":"category","embeddable":true,"href":"https:\/\/www.legimi.pl\/blog\/wp-json\/wp\/v2\/categories?post=4729"},{"taxonomy":"post_tag","embeddable":true,"href":"https:\/\/www.legimi.pl\/blog\/wp-json\/wp\/v2\/tags?post=4729"}],"curies":[{"name":"wp","href":"https:\/\/api.w.org\/{rel}","templated":true}]}}