{"id":4675,"date":"2025-02-02T18:00:26","date_gmt":"2025-02-02T17:00:26","guid":{"rendered":"https:\/\/legimi.pl\/blog\/?p=4675"},"modified":"2025-02-07T11:30:39","modified_gmt":"2025-02-07T10:30:39","slug":"10-ksiazek-na-zime","status":"publish","type":"post","link":"https:\/\/www.legimi.pl\/blog\/2025\/02\/10-ksiazek-na-zime\/","title":{"rendered":"10 ksi\u0105\u017cek na zim\u0119 &#8211; co czyta\u0107 w d\u0142ugie zimowe wieczory?"},"content":{"rendered":"<h2 data-pm-slice=\"1 1 []\">Czy istnieje zimowa ksi\u0105\u017cka idealna? Dla jednych b\u0119dzie to \u201eOpowie\u015b\u0107 wigilijna\u201d Dickensa, inni na zimow\u0105 list\u0119 \u201edo przeczytania\u201d wpisz\u0105 \u015bwi\u0105teczne ksi\u0105\u017cki obyczajowe. A my z kolei proponujemy Wam tytu\u0142y, kt\u00f3re z zimow\u0105 aura nie maj\u0105 wiele wsp\u00f3lnego, ale za to sprawi\u0105, \u017ce zapomnicie o ca\u0142ym \u015bwiecie.<\/h2>\n<p>Ka\u017cda pora roku jest idealna na czytanie, jest jednak co\u015b magicznego w wizji lektury dobrej ksi\u0105\u017cki w zimowe wieczory, kiedy za oknem pada \u015bnieg, a na szybach mr\u00f3z maluje pi\u0119kne wzory. Rzadko dzi\u015b ju\u017c do\u015bwiadczamy prawdziwej zimowej aury, a zima w naszej szeroko\u015bci geograficznej staje si\u0119 raczej synonimem szaro\u015bci i ciemno\u015bci, panuj\u0105cych przez kilka miesi\u0119cy.<\/p>\n<p>Jakkolwiek postrzegamy t\u0119 por\u0119 roku, czy j\u0105 lubimy czy nie, warto sp\u0119dzi\u0107 j\u0105 z dobrymi ksi\u0105\u017ckami. Kiedy na dworze wieje ch\u0142odem, nie ma to jak rozsi\u0105\u015b\u0107 si\u0119 w swoim ulubionym fotelu z kubkiem herbaty lub kawy i zanurzy\u0107 si\u0119 w lekturze.<\/p>\n<h2>Wybrali\u015bmy dla Was 10 tytu\u0142\u00f3w, kt\u00f3re pozwol\u0105 Wam ca\u0142kowicie zag\u0142\u0119bi\u0107 si\u0119 w opowiadanej historii, wci\u0105gn\u0105 od pierwszej strony i rozgrzej\u0105, wzbudzaj\u0105c wiele emocji. Znajdziecie tu ksi\u0105\u017cki z r\u00f3\u017cnych gatunk\u00f3w.<\/h2>\n<p>B\u0119dzie co\u015b dla wielbicieli historii z dreszczykiem, powie\u015bci fantasy oraz sci fi oraz tytu\u0142\u00f3w, w kt\u00f3rych mi\u0142o\u015b\u0107 gra g\u0142\u00f3wna rol\u0119. Zaproponujemy te\u017c ciekawe ksi\u0105\u017cki dla dzieci i m\u0142odzie\u017cy.<\/p>\n<h3><a href=\"https:\/\/www.legimi.pl\/ebook-smugi-malgorzata-starosta,b1306871.html\"><img loading=\"lazy\" decoding=\"async\" class=\"wp-image-4678 size-large aligncenter\" src=\"https:\/\/blog.legimi.pl\/wp-content\/uploads\/2025\/02\/smugi-1024x274.png\" alt=\"\" width=\"1024\" height=\"274\" srcset=\"https:\/\/blog.legimi.pl\/wp-content\/uploads\/2025\/02\/smugi-1024x274.png 1024w, https:\/\/blog.legimi.pl\/wp-content\/uploads\/2025\/02\/smugi-300x80.png 300w, https:\/\/blog.legimi.pl\/wp-content\/uploads\/2025\/02\/smugi-768x206.png 768w, https:\/\/blog.legimi.pl\/wp-content\/uploads\/2025\/02\/smugi-1536x411.png 1536w, https:\/\/blog.legimi.pl\/wp-content\/uploads\/2025\/02\/smugi.png 1700w\" sizes=\"auto, (max-width: 1024px) 100vw, 1024px\" \/><\/a><\/h3>\n<h3>Ma\u0142gorzata Starosta \u201eSmugi\u201d<\/h3>\n<p><a href=\"https:\/\/www.legimi.pl\/ebook-smugi-malgorzata-starosta,b1306871.html\" target=\"_blank\" rel=\"noopener noreferrer\">\u201eSmugi\u201d<\/a> to superprodukcja audio, kt\u00f3ra wbije Was w fotel. Rewelacyjna obsada, pe\u0142ne ud\u017awi\u0119kowienie i wstrz\u0105saj\u0105ca historia oparta na prawdziwych wydarzeniach.<\/p>\n<p>Autorka zabiera nas na Podlasie, do ma\u0142ej miejscowo\u015bci, kt\u00f3ra przed 30 laty by\u0142a \u015bwiadkiem zbrodni, dokonanej na dwojgu dzieci. Dziennikarka Janka Szaw\u0142owska wraca do rodzinnej miejscowo\u015bci, by skonfrontowa\u0107 si\u0119 z traum\u0105 z dzieci\u0144stwa i wreszcie rozwi\u0105za\u0107 zagadk\u0119 morderstwa z przesz\u0142o\u015bci.<\/p>\n<p>Spotyka tu krewnych i znajomych z dawnych lat, kt\u00f3rzy sprawiaj\u0105, \u017ce wspomnienia koszmaru z dzieci\u0144stwa na nowo o\u017cywaj\u0105, a dawno zabli\u017anione rany zn\u00f3w si\u0119 otwieraj\u0105. \u017beby posk\u0142ada\u0107 siebie na nowo, ruszy\u0107 z miejsca ze swoim \u017cyciem, musi najpierw u\u0142o\u017cy\u0107 skomplikowan\u0105 uk\u0142adank\u0119 sprzed trzydziestu lat.<\/p>\n<p>Jej pojawienie si\u0119 na Podlasiu wprowadza chaos w \u017cyciu lokalnej spo\u0142eczno\u015bci, kt\u00f3ra r\u00f3wnie\u017c b\u0119dzie musia\u0142a si\u0119 rozliczy\u0107 ze swoich przewin.<\/p>\n<p>Ksi\u0105\u017cka dost\u0119pna jest tak\u017ce w formie papierowej i ebooka. Pozycja obowi\u0105zkowa dla czytelnik\u00f3w lubi\u0105cych gatunek true crime.<\/p>\n<p><a href=\"https:\/\/www.legimi.pl\/katalog\/rak,c5884\/\"><img loading=\"lazy\" decoding=\"async\" class=\"aligncenter wp-image-4679 size-large\" src=\"https:\/\/blog.legimi.pl\/wp-content\/uploads\/2025\/02\/rak-1024x274.png\" alt=\"\" width=\"1024\" height=\"274\" srcset=\"https:\/\/blog.legimi.pl\/wp-content\/uploads\/2025\/02\/rak-1024x274.png 1024w, https:\/\/blog.legimi.pl\/wp-content\/uploads\/2025\/02\/rak-300x80.png 300w, https:\/\/blog.legimi.pl\/wp-content\/uploads\/2025\/02\/rak-768x206.png 768w, https:\/\/blog.legimi.pl\/wp-content\/uploads\/2025\/02\/rak-1536x411.png 1536w, https:\/\/blog.legimi.pl\/wp-content\/uploads\/2025\/02\/rak.png 1699w\" sizes=\"auto, (max-width: 1024px) 100vw, 1024px\" \/><\/a><\/p>\n<h3>Nadia Szagdaj, Grzegorz Filarowski, \u201eRak\u201d<\/h3>\n<p>Kreowa\u0142 si\u0119 na sympatycznego, pomocnego cz\u0142owieka, przyjaciela i partnera idealnego. A w rzeczywisto\u015bci by\u0142 socjopat\u0105 i manipulantem, kt\u00f3ry wykorzystywa\u0142 zaufanie i dobre intencje innych. Jego ofiarami by\u0142y zar\u00f3wno kobiety, jak i m\u0119\u017cczy\u017ani.<\/p>\n<p>Stalker, znany jako bestia z Tindera, jest bohaterem cyklu <a href=\"https:\/\/www.legimi.pl\/ebooki\/rak,c5884\/\" target=\"_blank\" rel=\"noopener noreferrer\">\u201eRak\u201d<\/a> napisanego we wsp\u00f3\u0142pracy Grzegorza Filarowskiego, kt\u00f3ry przyczyni\u0142 si\u0119 do skazania bezwzgl\u0119dnego oszusta, z pisark\u0105 krymina\u0142\u00f3w i thriller\u00f3w Nadi\u0105 Szagdaj.<\/p>\n<p>Wstrz\u0105saj\u0105ca i wci\u0105gaj\u0105ca &#8211; to dwa przymiotniki, kt\u00f3re powtarzaj\u0105 si\u0119 w recenzjach cyklu \u201eRak\u201d. Seri\u0119 czyta si\u0119 jednym tchem. To pr\u00f3ba wej\u015bcia do umys\u0142u socjopaty, przyjrzenia si\u0119 jego metodom dzia\u0142ania i manipulacjom. Czytelnik znajdzie tu nie tylko rozrywk\u0119, lecz tak\u017ce podpowiedzi, jakie zachowania rzekomych przyjaci\u00f3\u0142, mog\u0105 by\u0107 czerwonymi flagami.<\/p>\n<p>Autorzy wskazuj\u0105 tak\u017ce na problem w udowodnieniu stalkingu, opiesza\u0142o\u015b\u0107 s\u0142u\u017cb i indolencj\u0119 wymiaru sprawiedliwo\u015bci, dzi\u0119ki kt\u00f3rym oszust przez wiele lat unika\u0142 kary.<\/p>\n<p><a href=\"https:\/\/www.legimi.pl\/ebook-rozdroze-krukow-andrzej-sapkowski,b1319191.html\"><img loading=\"lazy\" decoding=\"async\" class=\"aligncenter size-large wp-image-4680\" src=\"https:\/\/blog.legimi.pl\/wp-content\/uploads\/2025\/02\/rozdroze-krukow-1024x274.png\" alt=\"\" width=\"1024\" height=\"274\" srcset=\"https:\/\/blog.legimi.pl\/wp-content\/uploads\/2025\/02\/rozdroze-krukow-1024x274.png 1024w, https:\/\/blog.legimi.pl\/wp-content\/uploads\/2025\/02\/rozdroze-krukow-300x80.png 300w, https:\/\/blog.legimi.pl\/wp-content\/uploads\/2025\/02\/rozdroze-krukow-768x206.png 768w, https:\/\/blog.legimi.pl\/wp-content\/uploads\/2025\/02\/rozdroze-krukow-1536x411.png 1536w, https:\/\/blog.legimi.pl\/wp-content\/uploads\/2025\/02\/rozdroze-krukow.png 1700w\" sizes=\"auto, (max-width: 1024px) 100vw, 1024px\" \/><\/a><\/p>\n<h3>Andrzej Sapkowski \u201eRozdro\u017ce kruk\u00f3w\u201d<\/h3>\n<p>Pozycja obowi\u0105zkowa dla fan\u00f3w Wied\u017amina, kt\u00f3rzy d\u0142ugo czekali na now\u0105 opowie\u015b\u0107 z tego uniwersum oraz \u015bwietna propozycja dla wielbicieli literatury fantasy.<\/p>\n<p>W <a href=\"https:\/\/www.legimi.pl\/ebook-rozdroze-krukow-andrzej-sapkowski,b1319191.html\" target=\"_blank\" rel=\"noopener noreferrer\">\u201eRozdro\u017cu kruk\u00f3w\u201d<\/a> cofamy si\u0119 do lat nastoletnich Geralta z Rivii. Obserwujemy pierwsze kroki g\u0142\u00f3wnego bohatera w wied\u017ami\u0144skim fachu. Przygl\u0105damy si\u0119 jego \u017cyciu z pocz\u0105tk\u00f3w \u201ekariery\u201d, stopniowemu kszta\u0142towaniu si\u0119 charakteru i \u015bwiatopogl\u0105du.<\/p>\n<p>Autor puszcza oko do fan\u00f3w serii, kt\u00f3rzy znajd\u0105 tu odwo\u0142ania do innych powie\u015bci i opowiada\u0144 Spakowskiego o Geralcie. Dowiadujemy si\u0119 m.in. dlaczego klacz zosta\u0142a nazwana P\u0142otk\u0105 i sk\u0105d si\u0119 wzi\u0119\u0142y blizny na ciele Wied\u017amina.<\/p>\n<p>Najnowsza ksi\u0105\u017cka Andrzeja Sapkowskiego to mo\u017ce by\u0107 dla jednych sentymentalny powr\u00f3t do m\u0142odzie\u0144czych lektur, dla innych natomiast wspania\u0142y wst\u0119p do przygody w wied\u017ami\u0144skim uniwersum.<\/p>\n<p><a href=\"https:\/\/www.legimi.pl\/ebook-planeta-malp-boulle-pierre,b999575.html\"><img loading=\"lazy\" decoding=\"async\" class=\"aligncenter size-large wp-image-4681\" src=\"https:\/\/blog.legimi.pl\/wp-content\/uploads\/2025\/02\/planeta-malp-1024x274.png\" alt=\"\" width=\"1024\" height=\"274\" srcset=\"https:\/\/blog.legimi.pl\/wp-content\/uploads\/2025\/02\/planeta-malp-1024x274.png 1024w, https:\/\/blog.legimi.pl\/wp-content\/uploads\/2025\/02\/planeta-malp-300x80.png 300w, https:\/\/blog.legimi.pl\/wp-content\/uploads\/2025\/02\/planeta-malp-768x206.png 768w, https:\/\/blog.legimi.pl\/wp-content\/uploads\/2025\/02\/planeta-malp-1536x411.png 1536w, https:\/\/blog.legimi.pl\/wp-content\/uploads\/2025\/02\/planeta-malp.png 1699w\" sizes=\"auto, (max-width: 1024px) 100vw, 1024px\" \/><\/a><\/p>\n<h3>Pierre Boulle \u201e<strong>Planeta ma\u0142p<\/strong>\u201d, t\u0142umaczenie Agata Kozak<\/h3>\n<p>Klasyk\u0119 warto czyta\u0107 zawsze, warto j\u0105 sobie przypomina\u0107, niezale\u017cnie od pory roku. <a href=\"https:\/\/www.legimi.pl\/ebook-planeta-malp-boulle-pierre,b999575.html\" target=\"_blank\" rel=\"noopener noreferrer\">\u201ePlaneta ma\u0142p\u201d<\/a>, kultowa pozycja literatury fantastycznej, to ksi\u0105\u017cka idealna na zimowe zaczytanie dla wszystkich czytelnik\u00f3w i czytelniczek sci-fiction.<\/p>\n<p>Na pewno s\u0142yszeli\u015bcie o serii hollywoodzkich film\u00f3w pod tym samym tytu\u0142em, ale czy wiedzieli\u015bcie, \u017ce powsta\u0142y na podstawie ksi\u0105\u017cki, wydanej w 1963 r.? W Polsce powie\u015b\u0107 ukaza\u0142a si\u0119 po raz pierwszy w 1980 r. Teraz otrzymali\u015bmy nowy przek\u0142ad, kt\u00f3ry od\u015bwie\u017cy\u0142 ten nieco zapomniany klasyk sci-fi.<\/p>\n<p>Akcja \u201ePlanety ma\u0142p\u201d rozgrywa si\u0119 w 2050 r. Dwuosobowa za\u0142oga statku kosmicznego, po d\u0142ugiej mi\u0119dzygalaktycznej podr\u00f3\u017cy l\u0105duje na planecie, kt\u00f3ra \u0142udz\u0105co przypomina Ziemi\u0119. Panuj\u0105 podobne warunki atmosferyczne, istniej\u0105 tak\u017ce ludzie, ale s\u0105 oni zniewoleni przez w\u0142a\u015bciwych w\u0142adc\u00f3w tego miejsca &#8211; cz\u0142ekokszta\u0142tne ma\u0142py.<\/p>\n<p>Mimo \u017ce powie\u015b\u0107 powsta\u0142a ponad p\u00f3\u0142wieku temu, wci\u0105\u017c zdaje si\u0119 aktualna w wielu kwestiach. Autor zadaje w niej pytanie: co to znaczy by\u0107 cz\u0142owiekiem? Czym jest cz\u0142owiecze\u0144stwo? I jak daleko cz\u0142owiek mo\u017ce si\u0119 posun\u0105\u0107 w celu rozwoju cywilizacji?<\/p>\n<p><a href=\"https:\/\/www.legimi.pl\/ebook-mleczarz-burns-anna,b1303783.html\"><img loading=\"lazy\" decoding=\"async\" class=\"aligncenter size-large wp-image-4682\" src=\"https:\/\/blog.legimi.pl\/wp-content\/uploads\/2025\/02\/Frame-375-1024x274.png\" alt=\"\" width=\"1024\" height=\"274\" srcset=\"https:\/\/blog.legimi.pl\/wp-content\/uploads\/2025\/02\/Frame-375-1024x274.png 1024w, https:\/\/blog.legimi.pl\/wp-content\/uploads\/2025\/02\/Frame-375-300x80.png 300w, https:\/\/blog.legimi.pl\/wp-content\/uploads\/2025\/02\/Frame-375-768x206.png 768w, https:\/\/blog.legimi.pl\/wp-content\/uploads\/2025\/02\/Frame-375-1536x411.png 1536w, https:\/\/blog.legimi.pl\/wp-content\/uploads\/2025\/02\/Frame-375.png 1700w\" sizes=\"auto, (max-width: 1024px) 100vw, 1024px\" \/><\/a><\/p>\n<h3>Anna Burns, \u201eMleczarz\u201d, t\u0142umaczenie Aga Zano<\/h3>\n<p><a href=\"https:\/\/www.legimi.pl\/ebook-mleczarz-burns-anna,b1303783.html\" target=\"_blank\" rel=\"noopener noreferrer\">\u201eMleczarz\u201d<\/a> to opowie\u015b\u0107 o spo\u0142ecze\u0144stwie, kt\u00f3re od dekad \u017cyje w systemie opresyjnym, o nieustannej inwigilacji oraz o wszechobecnej przemocy. Akcja powie\u015bci rozgrywa si\u0119 w czasie \u201eK\u0142opot\u00f3w\u201d, czyli w trakcie konfliktu mi\u0119dzy republikanami a unionistami na terenie Irlandii P\u00f3\u0142nocnej.<\/p>\n<p>G\u0142\u00f3wn\u0105 bohaterk\u0105 jest m\u0142oda dziewczyna, kt\u00f3ra ucieka od rzeczywisto\u015bci w \u015bwiat XIX &#8211; wiecznych powie\u015bci. Pewnego dnia zwraca na ni\u0105 uwag\u0119 \u017co\u0142nierz paramilitarnej organizacji, zwany Mleczarzem. Plotka o ich romansie rozchodzi si\u0119 po mie\u015bcie w b\u0142yskawicznym tempie. I chocia\u017c dziewczyna zaprzecza, nikt nie wierzy w jej wersj\u0119 wydarze\u0144.<\/p>\n<p>W 2018 r. ksi\u0105\u017cka zosta\u0142a nagrodzona Man Booker Prize, jako pierwszy tytu\u0142 z Irlandii P\u00f3\u0142nocnej. Wspania\u0142a propozycja dla czytelnik\u00f3w i czytelniczek lubi\u0105cych powie\u015bci \u0142\u0105cz\u0105ce znakomit\u0105 wci\u0105gaj\u0105c\u0105 fabu\u0142\u0119, refleksj\u0119 nad problemami wsp\u00f3\u0142czesno\u015bci, narracj\u0119 o najnowszej historii oraz znakomity styl i j\u0119zyk.<\/p>\n<p><a href=\"https:\/\/www.legimi.pl\/katalog\/sandomierskie-wzgorza,c5904\/\"><img loading=\"lazy\" decoding=\"async\" class=\"aligncenter wp-image-4683 size-large\" src=\"https:\/\/blog.legimi.pl\/wp-content\/uploads\/2025\/02\/zielarka-i-potomkowie-1024x274.png\" alt=\"\" width=\"1024\" height=\"274\" srcset=\"https:\/\/blog.legimi.pl\/wp-content\/uploads\/2025\/02\/zielarka-i-potomkowie-1024x274.png 1024w, https:\/\/blog.legimi.pl\/wp-content\/uploads\/2025\/02\/zielarka-i-potomkowie-300x80.png 300w, https:\/\/blog.legimi.pl\/wp-content\/uploads\/2025\/02\/zielarka-i-potomkowie-768x206.png 768w, https:\/\/blog.legimi.pl\/wp-content\/uploads\/2025\/02\/zielarka-i-potomkowie-1536x411.png 1536w, https:\/\/blog.legimi.pl\/wp-content\/uploads\/2025\/02\/zielarka-i-potomkowie.png 1699w\" sizes=\"auto, (max-width: 1024px) 100vw, 1024px\" \/><\/a><\/p>\n<h3>Edyta \u015awi\u0119tek, \u201eSandomierskie wzg\u00f3rza\u201d<\/h3>\n<p>Atmosfera d\u0142ugich zimowych wieczor\u00f3w sprzyja lekturze wielotomowych rodzinnych sag. Mamy wi\u0119cej czasu, \u017ceby zaanga\u017cowa\u0107 si\u0119 w trwaj\u0105c\u0105 kilka dekad albo nawet kilka setek lat akcj\u0119 i \u015bledzi\u0107 losy kilku pokole\u0144 bohater\u00f3w.<\/p>\n<p>Edyta \u015awi\u0119tek jest mistrzyni\u0105 powie\u015bci obyczajowych i rodzinnych sag z histori\u0105 w tle. Z jej bogatego dorobku wybrali\u015bmy dla Was seri\u0119 <a href=\"https:\/\/www.legimi.pl\/ebooki\/sandomierskie-wzgorza,c5904\/\" target=\"_blank\" rel=\"noopener noreferrer\">\u201eSandomierskie wzg\u00f3rza\u201d,<\/a> na kt\u00f3ra sk\u0142adaj\u0105 si\u0119 w tej chwili dwie ksi\u0105\u017cki: <a href=\"https:\/\/www.legimi.pl\/ebook-sandomierskie-wzgorza-1-potomkowie-zlych-ludzi-edyta-swietek,b1267011.html\" target=\"_blank\" rel=\"noopener noreferrer\">\u201ePotomkowie z\u0142ych ludzi\u201d<\/a> oraz <a href=\"https:\/\/www.legimi.pl\/ebook-zielarka-z-doliny-pustelnika-edyta-swietek,b1333356.html\" target=\"_blank\" rel=\"noopener noreferrer\">\u201eZielarka z Doliny Pustelnika\u201d.<\/a><\/p>\n<p>Akcja sagi rozpoczyna si\u0119 po I wojnie \u015bwiatowej. Punktem wyj\u015bcia tej opowie\u015bci jest powr\u00f3t do Sandomierza bohatera wielkiej wojny, tajemniczego nieznajomego, kt\u00f3ry zaprzyja\u017ania si\u0119 z pustelnikiem i zamieszkuje wraz z nim w chacie w G\u00f3rach Pieprzowych. \u015aledzimy tak\u017ce losy dw\u00f3ch si\u00f3str Marcjanny, kt\u00f3ra marzy o odzyskaniu rodzinnej piekarni oraz Aliny, do kt\u00f3rej cholewki smali stary kawaler.<\/p>\n<p><a href=\"https:\/\/www.legimi.pl\/ebook-hurtless-magdalena-szponar,b1334040.html\"><img loading=\"lazy\" decoding=\"async\" class=\"aligncenter size-large wp-image-4684\" src=\"https:\/\/blog.legimi.pl\/wp-content\/uploads\/2025\/02\/hurtless-1024x274.png\" alt=\"\" width=\"1024\" height=\"274\" srcset=\"https:\/\/blog.legimi.pl\/wp-content\/uploads\/2025\/02\/hurtless-1024x274.png 1024w, https:\/\/blog.legimi.pl\/wp-content\/uploads\/2025\/02\/hurtless-300x80.png 300w, https:\/\/blog.legimi.pl\/wp-content\/uploads\/2025\/02\/hurtless-768x206.png 768w, https:\/\/blog.legimi.pl\/wp-content\/uploads\/2025\/02\/hurtless-1536x411.png 1536w, https:\/\/blog.legimi.pl\/wp-content\/uploads\/2025\/02\/hurtless.png 1700w\" sizes=\"auto, (max-width: 1024px) 100vw, 1024px\" \/><\/a><\/p>\n<h3>Magdalena Szponar, \u201eHurtless\u201d<\/h3>\n<p><a href=\"https:\/\/www.legimi.pl\/ebook-hurtless-magdalena-szponar,b1334040.html\" target=\"_blank\" rel=\"noopener noreferrer\">\u201eHurtless&#8221;<\/a> to romans sportowy, rozgrywaj\u0105cy si\u0119 w \u015brodowisku hokeist\u00f3w. G\u0142\u00f3wni bohaterowie powie\u015bci Kay Russel i Maddox McCrae przyja\u017anili si\u0119 od najm\u0142odszych lat. Czas sp\u0119dzali nad rzek\u0105, godzinami rozmawiaj\u0105c i hu\u015btaj\u0105c si\u0119 na hu\u015btawce. Jednak jedna noc zmieni\u0142a na zawsze ich relacj\u0119. Stracili kontakt na wiele lat. W tym czasie Kay sko\u0144czy\u0142a fizjoterapi\u0119, a Maddox sta\u0142 si\u0119 cenionym zawodnikiem &#8222;Nafciarzy&#8221;. Niestety kontuzja postawi\u0142a pod znakiem zapytania jego dalsza karier\u0119. I w tym momencie \u015bcie\u017cki dawnych przyjaci\u00f3\u0142 ponownie si\u0119 krzy\u017cuj\u0105. Czy Kay, dzi\u0119ki swoim umiej\u0119tno\u015bciom, pomo\u017ce Maddoxowi wr\u00f3ci\u0107 na l\u00f3d? A mo\u017ce uda im si\u0119 odnowi\u0107 relacj\u0119?<\/p>\n<p><a href=\"https:\/\/www.legimi.pl\/ebook-hurtless-magdalena-szponar,b1334040.html\" target=\"_blank\" rel=\"noopener noreferrer\">\u201eHurtless&#8221;<\/a> to opowie\u015b\u0107 o mi\u0142o\u015bci, przyja\u017ani, o tym, jak nasza przesz\u0142o\u015b\u0107 determinuje to kim jeste\u015bmy, o tym, jak trudno zerwa\u0107 ze schematami, w kt\u00f3rych wzrastali\u015bmy i ile si\u0142y potrzeba, by odbudowa\u0107 swoje \u017cycie. Zawsze jednak warto mie\u0107 nadziej\u0119 na zmian\u0119 i jasn\u0105 przysz\u0142o\u015b\u0107.<\/p>\n<p><a href=\"https:\/\/www.legimi.pl\/ebook-najgorsze-randki-swiata-i-kilka-udanych-romaniuk-agata,b1327179.html\"><img loading=\"lazy\" decoding=\"async\" class=\"aligncenter size-large wp-image-4685\" src=\"https:\/\/blog.legimi.pl\/wp-content\/uploads\/2025\/02\/najgorsze-randki-1024x274.png\" alt=\"\" width=\"1024\" height=\"274\" srcset=\"https:\/\/blog.legimi.pl\/wp-content\/uploads\/2025\/02\/najgorsze-randki-1024x274.png 1024w, https:\/\/blog.legimi.pl\/wp-content\/uploads\/2025\/02\/najgorsze-randki-300x80.png 300w, https:\/\/blog.legimi.pl\/wp-content\/uploads\/2025\/02\/najgorsze-randki-768x206.png 768w, https:\/\/blog.legimi.pl\/wp-content\/uploads\/2025\/02\/najgorsze-randki-1536x411.png 1536w, https:\/\/blog.legimi.pl\/wp-content\/uploads\/2025\/02\/najgorsze-randki.png 1699w\" sizes=\"auto, (max-width: 1024px) 100vw, 1024px\" \/><\/a><\/p>\n<h3>Agata Romaniuk, \u201eNajgorsze randki \u015bwiata i kilka udanych\u201d<\/h3>\n<p>Jak si\u0119 randkuje w dobie Tindera? Dlaczego na serwisach randkowych m\u0119\u017cczy\u017ani reklamuj\u0105 si\u0119 zdj\u0119ciami z ryb\u0105, a kobiety fotografiami, na kt\u00f3rych nie wida\u0107 ich twarzy? Czego szukaj\u0105 u\u017cytkownicy takich stron? Czy na randce z Tindera mo\u017cna si\u0119 zakocha\u0107 od pierwszego wejrzenia?<\/p>\n<p>Agata Romaniuk z w\u0142a\u015bciw\u0105 sobie swad\u0105 i poczuciem humoru w ksi\u0105\u017cce <a href=\"https:\/\/www.legimi.pl\/ebook-najgorsze-randki-swiata-i-kilka-udanych-romaniuk-agata,b1327179.html\" target=\"_blank\" rel=\"noopener noreferrer\">\u201eNajgorsze randki \u015bwiata i kilka udanych\u201d<\/a>pisze o wsp\u00f3\u0142czesnym randkowaniu na podstawie do\u015bwiadcze\u0144 w\u0142asnych oraz innych os\u00f3b randkuj\u0105cych. Okazuje si\u0119, \u017ce we wsp\u00f3\u0142czesnym randkowaniu nie tylko o mi\u0142o\u015b\u0107 chodzi.<\/p>\n<p>Autorka jest socjolo\u017ck\u0105, wi\u0119c \u015bwiat os\u00f3b randkuj\u0105cych obserwowa\u0142a tak\u017ce przez pryzmat tej nauki, t\u0142umacz\u0105c czytelnikom, sk\u0105d bior\u0105 si\u0119 w nas okre\u015blone zachowania i dlaczego wpadamy w pewne schematy.<\/p>\n<p>Ksi\u0105\u017cka idealna nie tylko dla randkuj\u0105cych, kt\u00f3rzy mog\u0105 si\u0119 w niej przegl\u0105da\u0107 jak w lustrze, ale te\u017c dla os\u00f3b w zwi\u0105zkach, kt\u00f3re na pewno odetchn\u0105 z ulg\u0105, \u017ce ju\u017c wypad\u0142y z tego rynku.<\/p>\n<p><a href=\"https:\/\/www.legimi.pl\/katalog\/trylogii-rosenholm,c5339\/\"><img loading=\"lazy\" decoding=\"async\" class=\"aligncenter wp-image-4686 size-large\" src=\"https:\/\/blog.legimi.pl\/wp-content\/uploads\/2025\/02\/wzgorza-1024x274.png\" alt=\"\" width=\"1024\" height=\"274\" srcset=\"https:\/\/blog.legimi.pl\/wp-content\/uploads\/2025\/02\/wzgorza-1024x274.png 1024w, https:\/\/blog.legimi.pl\/wp-content\/uploads\/2025\/02\/wzgorza-300x80.png 300w, https:\/\/blog.legimi.pl\/wp-content\/uploads\/2025\/02\/wzgorza-768x206.png 768w, https:\/\/blog.legimi.pl\/wp-content\/uploads\/2025\/02\/wzgorza-1536x411.png 1536w, https:\/\/blog.legimi.pl\/wp-content\/uploads\/2025\/02\/wzgorza.png 1700w\" sizes=\"auto, (max-width: 1024px) 100vw, 1024px\" \/><\/a><\/p>\n<h3>Gry Kappel-Jensen, \u201eTrylogia Rosenholm\u201d,, t\u0142umaczenie <strong>Agata Lubowicka<\/strong><\/h3>\n<p>Zima to r\u00f3wnie\u017c najlepsza pora na ksi\u0105\u017cki z odrobin\u0105 magii, kt\u00f3re zbior\u0105 nas w podr\u00f3\u017c do fantastycznych \u015bwiat\u00f3w i sprawi\u0105, \u017ce zapomnimy o rzeczywisto\u015bci.<\/p>\n<p><a href=\"https:\/\/www.legimi.pl\/ebooki\/trylogii-rosenholm,c5339\/\" target=\"_blank\" rel=\"noopener noreferrer\">\u201eTrylogia Rosenholm\u201d,<\/a> na kt\u00f3r\u0105 w tej chwili sk\u0142adaj\u0105 si\u0119 dwie cz\u0119\u015bci: <a href=\"https:\/\/www.legimi.pl\/ebook-roze-i-fiolki-gry-kappel-jensen,b1269051.html\" target=\"_blank\" rel=\"noopener noreferrer\">\u201eR\u00f3\u017ce i fio\u0142ki\u201d<\/a>,, <a href=\"https:\/\/www.legimi.pl\/ebook-na-zawsze-w-sercu-rosenholnm-2-gry-kappel-jensen,b1312224.html\" target=\"_blank\" rel=\"noopener noreferrer\">\u201eNa zawsze w sercu\u201d<\/a>, to wspania\u0142a propozycja dla czytelniczek i czytelnik\u00f3w, kt\u00f3rzy uwielbiaj\u0105 powie\u015bci o szko\u0142ach magii. S\u0142uchaczami Akademii Rosenholm s\u0105 m\u0142odzi ludzie, obdarzeni wyj\u0105tkowymi zdolno\u015bciami. Ucz\u0105 si\u0119 tutaj magii wywodz\u0105cej si\u0119 z natury i mitologii nordyckiej.<\/p>\n<p>Kirstine, Victoria, Kamille i Malou w\u0142a\u015bnie rozpoczynaj\u0105 pierwszy rok. Los sprawi\u0142, \u017ce zamieszkaj\u0105 w jednym pokoju w internacie. Podczas kolejnych miesi\u0119cy prze\u017cyj\u0105 przygod\u0119 swojego \u017cycia. A b\u0119dzie ona zwi\u0105zana z kryminaln\u0105 zagadk\u0105 sprzed lat. Tajemnica \u015bmierci dawnej uczennicy domaga si\u0119 wyja\u015bnienia. Nastolatka zgin\u0119\u0142a w niejasnych okoliczno\u015bciach, a jej duch \u017c\u0105da od bohaterek, by znalaz\u0142y winnego zbrodni.<\/p>\n<p>Zdaniem czytelnik\u00f3w i recenzent\u00f3w seria Akademia Rosenholm spodoba si\u0119 nastoletnim fanom Harrego Pottera oraz motywu dark academia. To dobrze skomponowany cykl \u0142\u0105cz\u0105cy elementy fantasy i krymina\u0142u.<\/p>\n<p><a href=\"https:\/\/www.legimi.pl\/katalog\/popr-ancy,c4434\/\"><img loading=\"lazy\" decoding=\"async\" class=\"aligncenter size-large wp-image-4687\" src=\"https:\/\/blog.legimi.pl\/wp-content\/uploads\/2025\/02\/POPRy-1024x274.png\" alt=\"\" width=\"1024\" height=\"274\" srcset=\"https:\/\/blog.legimi.pl\/wp-content\/uploads\/2025\/02\/POPRy-1024x274.png 1024w, https:\/\/blog.legimi.pl\/wp-content\/uploads\/2025\/02\/POPRy-300x80.png 300w, https:\/\/blog.legimi.pl\/wp-content\/uploads\/2025\/02\/POPRy-768x206.png 768w, https:\/\/blog.legimi.pl\/wp-content\/uploads\/2025\/02\/POPRy-1536x411.png 1536w, https:\/\/blog.legimi.pl\/wp-content\/uploads\/2025\/02\/POPRy.png 1699w\" sizes=\"auto, (max-width: 1024px) 100vw, 1024px\" \/><\/a><\/p>\n<h3>Anna Sakowicz \u201ePOPR-a\u0144cy&#8221;<\/h3>\n<p>Anna Sakowicz to uznana pisarka powie\u015bci obyczajowych z histori\u0105 w tle oraz rodzinnych sag. Kilka lat temu okaza\u0142o si\u0119, ma niebywa\u0142y talent do tworzenia historii, kt\u00f3re kochaj\u0105 najm\u0142odsi czytelnicy. To w\u0142a\u015bnie ona stworzy\u0142a weso\u0142\u0105 zwierz\u0119c\u0105 gromadk\u0119, mieszkaj\u0105c\u0105 w Chacie pod Wierchami, kt\u00f3ra postanowi\u0142a za\u0142o\u017cy\u0107 <a href=\"https:\/\/www.legimi.pl\/ebooki\/popr-ancy,c4434\/\" target=\"_blank\" rel=\"noopener noreferrer\">POPR-a\u0144c\u00f3w<\/a>, czyli Psi Oddzia\u0142 Przysz\u0142ych Ratownik\u00f3w.<\/p>\n<p>T\u0119 ferajn\u0119, zwana tak\u017ce \u201edomem wariat\u00f3w&#8221; tworz\u0105 owczarek niemiecki Gambit &#8211; psi ratownik w stanie spoczynku, pi\u0119\u0107 szczeniak\u00f3w, Scul, czyli sepleni\u0105cy szczur, papuga Oda, koty O\u015bka i Pepcio, kura Koko, g\u0119\u015b Gegawa, alpaka Fifi, Osio\u0142 Dasza i kuc Piegus. W Chacie pod Wierchami mieszkaj\u0105 tak\u017ce ludzie: Micha\u0142 &#8211; ratownik TOPR, Emilka lekarka weterynarii, ich dzieci: Zosia i Sta\u015b oraz babcia Honorata.<\/p>\n<p>Ca\u0142a seria o POPR-a\u0144cach wspaniale nadaje si\u0119 do wsp\u00f3lnego czytania lub wsp\u00f3lnego s\u0142uchania z dzie\u0107mi. Przygody zwierzak\u00f3w oraz aktorska interpretacja ich g\u0142os\u00f3w i charakter\u00f3w w wersji audio, rozbawi nie tylko najm\u0142odszych. B\u0119dzie tak\u017ce \u015bwietn\u0105 rozrywk\u0105 dla doros\u0142ych.<\/p>\n<p>Seria POPR-a\u0144cy sprawdzi si\u0119 tak\u017ce w sytuacji, kiedy dzieci dopadnie choroba lub na dworze jest za zimno lub leje deszcz i wyj\u015bcie na plac zabaw jest niemo\u017cliwe. Z weso\u0142\u0105 gromadk\u0105 nie mo\u017cna si\u0119 nudzi\u0107. Opowie\u015bci o POPR-a\u0144cach s\u0105 pe\u0142ne przyg\u00f3d i akcji. To historie anga\u017cuj\u0105ce dzieci\u0119c\u0105 wyobra\u017ani\u0119.<\/p>\n<p>Uniwersum POPR-a\u0144c\u00f3w stale si\u0119 powi\u0119ksza. Powsta\u0142y ju\u017c spin-offy z nied\u017awiedziem Agrestem w roli g\u0142\u00f3wnej (ich autork\u0105 jest Ma\u0142gorzata Starosta) oraz seria z O\u015bk\u0105 i Pepciem, kt\u00f3re zach\u0119caj\u0105 dzieci do aktywnego sp\u0119dzania wolnego czasu (cykl napisa\u0142a Patrycja Po\u0142udnikiewicz &#8211; K\u0119dzior).<\/p>\n<h2>W zimowe wieczory, tak jak i w letnie poranki, czy jesienne popo\u0142udnia warto czyta\u0107 dobre ksi\u0105\u017cki. Takie w\u0142a\u015bnie dla Was wybrali\u015bmy z bogatego katalogu Legimi. Mamy nadziej\u0119, \u017ce skorzystacie z naszych podpowiedzi i tegoroczn\u0105 zim\u0119 b\u0119dziecie wspomina\u0107 jako pe\u0142n\u0105 wspania\u0142ych lektur.<\/h2>\n","protected":false},"excerpt":{"rendered":"<p>Czy istnieje zimowa ksi\u0105\u017cka idealna? Dla jednych b\u0119dzie to \u201eOpowie\u015b\u0107 wigilijna\u201d Dickensa, inni na zimow\u0105 list\u0119 \u201edo przeczytania\u201d wpisz\u0105 \u015bwi\u0105teczne ksi\u0105\u017cki obyczajowe. A my z kolei proponujemy Wam tytu\u0142y, kt\u00f3re z zimow\u0105 aura nie maj\u0105 wiele wsp\u00f3lnego, ale za to sprawi\u0105, \u017ce zapomnicie o ca\u0142ym \u015bwiecie. Ka\u017cda pora roku jest idealna na czytanie, jest jednak [&hellip;]<\/p>\n","protected":false},"author":61,"featured_media":4689,"comment_status":"closed","ping_status":"closed","sticky":false,"template":"","format":"standard","meta":{"footnotes":""},"categories":[11,4261],"tags":[],"class_list":["post-4675","post","type-post","status-publish","format-standard","has-post-thumbnail","hentry","category-abonament-2","category-artykuly"],"yoast_head":"<!-- This site is optimized with the Yoast SEO plugin v27.5 - https:\/\/yoast.com\/product\/yoast-seo-wordpress\/ -->\n<title>10 ksi\u0105\u017cek na zim\u0119 - co czyta\u0107 w d\u0142ugie zimowe wieczory? - Legimi - blog<\/title>\n<meta name=\"description\" content=\"Proponujemy Wam tytu\u0142y, kt\u00f3re z zimow\u0105 aura nie maj\u0105 wiele wsp\u00f3lnego, ale za to sprawi\u0105, \u017ce zapomnicie o ca\u0142ym \u015bwiecie.\" \/>\n<meta name=\"robots\" content=\"index, follow, max-snippet:-1, max-image-preview:large, max-video-preview:-1\" \/>\n<link rel=\"canonical\" href=\"https:\/\/www.legimi.pl\/blog\/2025\/02\/10-ksiazek-na-zime\/\" \/>\n<meta property=\"og:locale\" content=\"pl_PL\" \/>\n<meta property=\"og:type\" content=\"article\" \/>\n<meta property=\"og:title\" content=\"10 ksi\u0105\u017cek na zim\u0119 - co czyta\u0107 w d\u0142ugie zimowe wieczory? - Legimi - blog\" \/>\n<meta property=\"og:description\" content=\"Proponujemy Wam tytu\u0142y, kt\u00f3re z zimow\u0105 aura nie maj\u0105 wiele wsp\u00f3lnego, ale za to sprawi\u0105, \u017ce zapomnicie o ca\u0142ym \u015bwiecie.\" \/>\n<meta property=\"og:url\" content=\"https:\/\/www.legimi.pl\/blog\/2025\/02\/10-ksiazek-na-zime\/\" \/>\n<meta property=\"og:site_name\" content=\"Legimi - blog\" \/>\n<meta property=\"article:published_time\" content=\"2025-02-02T17:00:26+00:00\" \/>\n<meta property=\"article:modified_time\" content=\"2025-02-07T10:30:39+00:00\" \/>\n<meta property=\"og:image\" content=\"https:\/\/blog.legimi.pl\/wp-content\/uploads\/2025\/02\/Frame-524.png\" \/>\n\t<meta property=\"og:image:width\" content=\"1080\" \/>\n\t<meta property=\"og:image:height\" content=\"675\" \/>\n\t<meta property=\"og:image:type\" content=\"image\/png\" \/>\n<meta name=\"author\" content=\"Agnieszka B\u0142aszczyk\" \/>\n<meta name=\"twitter:card\" content=\"summary_large_image\" \/>\n<meta name=\"twitter:label1\" content=\"Napisane przez\" \/>\n\t<meta name=\"twitter:data1\" content=\"Agnieszka B\u0142aszczyk\" \/>\n\t<meta name=\"twitter:label2\" content=\"Szacowany czas czytania\" \/>\n\t<meta name=\"twitter:data2\" content=\"13 minut\" \/>\n<script type=\"application\/ld+json\" class=\"yoast-schema-graph\">{\"@context\":\"https:\\\/\\\/schema.org\",\"@graph\":[{\"@type\":\"Article\",\"@id\":\"https:\\\/\\\/www.legimi.pl\\\/blog\\\/2025\\\/02\\\/10-ksiazek-na-zime\\\/#article\",\"isPartOf\":{\"@id\":\"https:\\\/\\\/www.legimi.pl\\\/blog\\\/2025\\\/02\\\/10-ksiazek-na-zime\\\/\"},\"author\":{\"name\":\"Agnieszka B\u0142aszczyk\",\"@id\":\"https:\\\/\\\/www.legimi.pl\\\/blog\\\/#\\\/schema\\\/person\\\/ebd2705e460590d5460b6da515b4f18d\"},\"headline\":\"10 ksi\u0105\u017cek na zim\u0119 &#8211; co czyta\u0107 w d\u0142ugie zimowe wieczory?\",\"datePublished\":\"2025-02-02T17:00:26+00:00\",\"dateModified\":\"2025-02-07T10:30:39+00:00\",\"mainEntityOfPage\":{\"@id\":\"https:\\\/\\\/www.legimi.pl\\\/blog\\\/2025\\\/02\\\/10-ksiazek-na-zime\\\/\"},\"wordCount\":2177,\"image\":{\"@id\":\"https:\\\/\\\/www.legimi.pl\\\/blog\\\/2025\\\/02\\\/10-ksiazek-na-zime\\\/#primaryimage\"},\"thumbnailUrl\":\"https:\\\/\\\/blog.legimi.pl\\\/wp-content\\\/uploads\\\/2025\\\/02\\\/Frame-524.png\",\"articleSection\":[\"Abonament\",\"Artyku\u0142y\"],\"inLanguage\":\"pl-PL\"},{\"@type\":\"WebPage\",\"@id\":\"https:\\\/\\\/www.legimi.pl\\\/blog\\\/2025\\\/02\\\/10-ksiazek-na-zime\\\/\",\"url\":\"https:\\\/\\\/www.legimi.pl\\\/blog\\\/2025\\\/02\\\/10-ksiazek-na-zime\\\/\",\"name\":\"10 ksi\u0105\u017cek na zim\u0119 - co czyta\u0107 w d\u0142ugie zimowe wieczory? - Legimi - blog\",\"isPartOf\":{\"@id\":\"https:\\\/\\\/www.legimi.pl\\\/blog\\\/#website\"},\"primaryImageOfPage\":{\"@id\":\"https:\\\/\\\/www.legimi.pl\\\/blog\\\/2025\\\/02\\\/10-ksiazek-na-zime\\\/#primaryimage\"},\"image\":{\"@id\":\"https:\\\/\\\/www.legimi.pl\\\/blog\\\/2025\\\/02\\\/10-ksiazek-na-zime\\\/#primaryimage\"},\"thumbnailUrl\":\"https:\\\/\\\/blog.legimi.pl\\\/wp-content\\\/uploads\\\/2025\\\/02\\\/Frame-524.png\",\"datePublished\":\"2025-02-02T17:00:26+00:00\",\"dateModified\":\"2025-02-07T10:30:39+00:00\",\"author\":{\"@id\":\"https:\\\/\\\/www.legimi.pl\\\/blog\\\/#\\\/schema\\\/person\\\/ebd2705e460590d5460b6da515b4f18d\"},\"description\":\"Proponujemy Wam tytu\u0142y, kt\u00f3re z zimow\u0105 aura nie maj\u0105 wiele wsp\u00f3lnego, ale za to sprawi\u0105, \u017ce zapomnicie o ca\u0142ym \u015bwiecie.\",\"breadcrumb\":{\"@id\":\"https:\\\/\\\/www.legimi.pl\\\/blog\\\/2025\\\/02\\\/10-ksiazek-na-zime\\\/#breadcrumb\"},\"inLanguage\":\"pl-PL\",\"potentialAction\":[{\"@type\":\"ReadAction\",\"target\":[\"https:\\\/\\\/www.legimi.pl\\\/blog\\\/2025\\\/02\\\/10-ksiazek-na-zime\\\/\"]}]},{\"@type\":\"ImageObject\",\"inLanguage\":\"pl-PL\",\"@id\":\"https:\\\/\\\/www.legimi.pl\\\/blog\\\/2025\\\/02\\\/10-ksiazek-na-zime\\\/#primaryimage\",\"url\":\"https:\\\/\\\/blog.legimi.pl\\\/wp-content\\\/uploads\\\/2025\\\/02\\\/Frame-524.png\",\"contentUrl\":\"https:\\\/\\\/blog.legimi.pl\\\/wp-content\\\/uploads\\\/2025\\\/02\\\/Frame-524.png\",\"width\":1080,\"height\":675},{\"@type\":\"BreadcrumbList\",\"@id\":\"https:\\\/\\\/www.legimi.pl\\\/blog\\\/2025\\\/02\\\/10-ksiazek-na-zime\\\/#breadcrumb\",\"itemListElement\":[{\"@type\":\"ListItem\",\"position\":1,\"name\":\"Home\",\"item\":\"https:\\\/\\\/www.legimi.pl\\\/blog\\\/\"},{\"@type\":\"ListItem\",\"position\":2,\"name\":\"10 ksi\u0105\u017cek na zim\u0119 &#8211; co czyta\u0107 w d\u0142ugie zimowe wieczory?\"}]},{\"@type\":\"WebSite\",\"@id\":\"https:\\\/\\\/www.legimi.pl\\\/blog\\\/#website\",\"url\":\"https:\\\/\\\/www.legimi.pl\\\/blog\\\/\",\"name\":\"Legimi - blog\",\"description\":\"\",\"potentialAction\":[{\"@type\":\"SearchAction\",\"target\":{\"@type\":\"EntryPoint\",\"urlTemplate\":\"https:\\\/\\\/www.legimi.pl\\\/blog\\\/?s={search_term_string}\"},\"query-input\":{\"@type\":\"PropertyValueSpecification\",\"valueRequired\":true,\"valueName\":\"search_term_string\"}}],\"inLanguage\":\"pl-PL\"},{\"@type\":\"Person\",\"@id\":\"https:\\\/\\\/www.legimi.pl\\\/blog\\\/#\\\/schema\\\/person\\\/ebd2705e460590d5460b6da515b4f18d\",\"name\":\"Agnieszka B\u0142aszczyk\",\"image\":{\"@type\":\"ImageObject\",\"inLanguage\":\"pl-PL\",\"@id\":\"https:\\\/\\\/secure.gravatar.com\\\/avatar\\\/a09ea5f61d6193acf6fd5ce987bcf152cb3cc5d46ea8734f0665f65fc600bba0?s=96&d=mm&r=g\",\"url\":\"https:\\\/\\\/secure.gravatar.com\\\/avatar\\\/a09ea5f61d6193acf6fd5ce987bcf152cb3cc5d46ea8734f0665f65fc600bba0?s=96&d=mm&r=g\",\"contentUrl\":\"https:\\\/\\\/secure.gravatar.com\\\/avatar\\\/a09ea5f61d6193acf6fd5ce987bcf152cb3cc5d46ea8734f0665f65fc600bba0?s=96&d=mm&r=g\",\"caption\":\"Agnieszka B\u0142aszczyk\"},\"url\":\"https:\\\/\\\/www.legimi.pl\\\/blog\\\/author\\\/agnieszka-blaszczyk\\\/\"}]}<\/script>\n<!-- \/ Yoast SEO plugin. -->","yoast_head_json":{"title":"10 ksi\u0105\u017cek na zim\u0119 - co czyta\u0107 w d\u0142ugie zimowe wieczory? - Legimi - blog","description":"Proponujemy Wam tytu\u0142y, kt\u00f3re z zimow\u0105 aura nie maj\u0105 wiele wsp\u00f3lnego, ale za to sprawi\u0105, \u017ce zapomnicie o ca\u0142ym \u015bwiecie.","robots":{"index":"index","follow":"follow","max-snippet":"max-snippet:-1","max-image-preview":"max-image-preview:large","max-video-preview":"max-video-preview:-1"},"canonical":"https:\/\/www.legimi.pl\/blog\/2025\/02\/10-ksiazek-na-zime\/","og_locale":"pl_PL","og_type":"article","og_title":"10 ksi\u0105\u017cek na zim\u0119 - co czyta\u0107 w d\u0142ugie zimowe wieczory? - Legimi - blog","og_description":"Proponujemy Wam tytu\u0142y, kt\u00f3re z zimow\u0105 aura nie maj\u0105 wiele wsp\u00f3lnego, ale za to sprawi\u0105, \u017ce zapomnicie o ca\u0142ym \u015bwiecie.","og_url":"https:\/\/www.legimi.pl\/blog\/2025\/02\/10-ksiazek-na-zime\/","og_site_name":"Legimi - blog","article_published_time":"2025-02-02T17:00:26+00:00","article_modified_time":"2025-02-07T10:30:39+00:00","og_image":[{"width":1080,"height":675,"url":"https:\/\/blog.legimi.pl\/wp-content\/uploads\/2025\/02\/Frame-524.png","type":"image\/png"}],"author":"Agnieszka B\u0142aszczyk","twitter_card":"summary_large_image","twitter_misc":{"Napisane przez":"Agnieszka B\u0142aszczyk","Szacowany czas czytania":"13 minut"},"schema":{"@context":"https:\/\/schema.org","@graph":[{"@type":"Article","@id":"https:\/\/www.legimi.pl\/blog\/2025\/02\/10-ksiazek-na-zime\/#article","isPartOf":{"@id":"https:\/\/www.legimi.pl\/blog\/2025\/02\/10-ksiazek-na-zime\/"},"author":{"name":"Agnieszka B\u0142aszczyk","@id":"https:\/\/www.legimi.pl\/blog\/#\/schema\/person\/ebd2705e460590d5460b6da515b4f18d"},"headline":"10 ksi\u0105\u017cek na zim\u0119 &#8211; co czyta\u0107 w d\u0142ugie zimowe wieczory?","datePublished":"2025-02-02T17:00:26+00:00","dateModified":"2025-02-07T10:30:39+00:00","mainEntityOfPage":{"@id":"https:\/\/www.legimi.pl\/blog\/2025\/02\/10-ksiazek-na-zime\/"},"wordCount":2177,"image":{"@id":"https:\/\/www.legimi.pl\/blog\/2025\/02\/10-ksiazek-na-zime\/#primaryimage"},"thumbnailUrl":"https:\/\/blog.legimi.pl\/wp-content\/uploads\/2025\/02\/Frame-524.png","articleSection":["Abonament","Artyku\u0142y"],"inLanguage":"pl-PL"},{"@type":"WebPage","@id":"https:\/\/www.legimi.pl\/blog\/2025\/02\/10-ksiazek-na-zime\/","url":"https:\/\/www.legimi.pl\/blog\/2025\/02\/10-ksiazek-na-zime\/","name":"10 ksi\u0105\u017cek na zim\u0119 - co czyta\u0107 w d\u0142ugie zimowe wieczory? - Legimi - blog","isPartOf":{"@id":"https:\/\/www.legimi.pl\/blog\/#website"},"primaryImageOfPage":{"@id":"https:\/\/www.legimi.pl\/blog\/2025\/02\/10-ksiazek-na-zime\/#primaryimage"},"image":{"@id":"https:\/\/www.legimi.pl\/blog\/2025\/02\/10-ksiazek-na-zime\/#primaryimage"},"thumbnailUrl":"https:\/\/blog.legimi.pl\/wp-content\/uploads\/2025\/02\/Frame-524.png","datePublished":"2025-02-02T17:00:26+00:00","dateModified":"2025-02-07T10:30:39+00:00","author":{"@id":"https:\/\/www.legimi.pl\/blog\/#\/schema\/person\/ebd2705e460590d5460b6da515b4f18d"},"description":"Proponujemy Wam tytu\u0142y, kt\u00f3re z zimow\u0105 aura nie maj\u0105 wiele wsp\u00f3lnego, ale za to sprawi\u0105, \u017ce zapomnicie o ca\u0142ym \u015bwiecie.","breadcrumb":{"@id":"https:\/\/www.legimi.pl\/blog\/2025\/02\/10-ksiazek-na-zime\/#breadcrumb"},"inLanguage":"pl-PL","potentialAction":[{"@type":"ReadAction","target":["https:\/\/www.legimi.pl\/blog\/2025\/02\/10-ksiazek-na-zime\/"]}]},{"@type":"ImageObject","inLanguage":"pl-PL","@id":"https:\/\/www.legimi.pl\/blog\/2025\/02\/10-ksiazek-na-zime\/#primaryimage","url":"https:\/\/blog.legimi.pl\/wp-content\/uploads\/2025\/02\/Frame-524.png","contentUrl":"https:\/\/blog.legimi.pl\/wp-content\/uploads\/2025\/02\/Frame-524.png","width":1080,"height":675},{"@type":"BreadcrumbList","@id":"https:\/\/www.legimi.pl\/blog\/2025\/02\/10-ksiazek-na-zime\/#breadcrumb","itemListElement":[{"@type":"ListItem","position":1,"name":"Home","item":"https:\/\/www.legimi.pl\/blog\/"},{"@type":"ListItem","position":2,"name":"10 ksi\u0105\u017cek na zim\u0119 &#8211; co czyta\u0107 w d\u0142ugie zimowe wieczory?"}]},{"@type":"WebSite","@id":"https:\/\/www.legimi.pl\/blog\/#website","url":"https:\/\/www.legimi.pl\/blog\/","name":"Legimi - blog","description":"","potentialAction":[{"@type":"SearchAction","target":{"@type":"EntryPoint","urlTemplate":"https:\/\/www.legimi.pl\/blog\/?s={search_term_string}"},"query-input":{"@type":"PropertyValueSpecification","valueRequired":true,"valueName":"search_term_string"}}],"inLanguage":"pl-PL"},{"@type":"Person","@id":"https:\/\/www.legimi.pl\/blog\/#\/schema\/person\/ebd2705e460590d5460b6da515b4f18d","name":"Agnieszka B\u0142aszczyk","image":{"@type":"ImageObject","inLanguage":"pl-PL","@id":"https:\/\/secure.gravatar.com\/avatar\/a09ea5f61d6193acf6fd5ce987bcf152cb3cc5d46ea8734f0665f65fc600bba0?s=96&d=mm&r=g","url":"https:\/\/secure.gravatar.com\/avatar\/a09ea5f61d6193acf6fd5ce987bcf152cb3cc5d46ea8734f0665f65fc600bba0?s=96&d=mm&r=g","contentUrl":"https:\/\/secure.gravatar.com\/avatar\/a09ea5f61d6193acf6fd5ce987bcf152cb3cc5d46ea8734f0665f65fc600bba0?s=96&d=mm&r=g","caption":"Agnieszka B\u0142aszczyk"},"url":"https:\/\/www.legimi.pl\/blog\/author\/agnieszka-blaszczyk\/"}]}},"_links":{"self":[{"href":"https:\/\/www.legimi.pl\/blog\/wp-json\/wp\/v2\/posts\/4675","targetHints":{"allow":["GET"]}}],"collection":[{"href":"https:\/\/www.legimi.pl\/blog\/wp-json\/wp\/v2\/posts"}],"about":[{"href":"https:\/\/www.legimi.pl\/blog\/wp-json\/wp\/v2\/types\/post"}],"author":[{"embeddable":true,"href":"https:\/\/www.legimi.pl\/blog\/wp-json\/wp\/v2\/users\/61"}],"replies":[{"embeddable":true,"href":"https:\/\/www.legimi.pl\/blog\/wp-json\/wp\/v2\/comments?post=4675"}],"version-history":[{"count":3,"href":"https:\/\/www.legimi.pl\/blog\/wp-json\/wp\/v2\/posts\/4675\/revisions"}],"predecessor-version":[{"id":4688,"href":"https:\/\/www.legimi.pl\/blog\/wp-json\/wp\/v2\/posts\/4675\/revisions\/4688"}],"wp:featuredmedia":[{"embeddable":true,"href":"https:\/\/www.legimi.pl\/blog\/wp-json\/wp\/v2\/media\/4689"}],"wp:attachment":[{"href":"https:\/\/www.legimi.pl\/blog\/wp-json\/wp\/v2\/media?parent=4675"}],"wp:term":[{"taxonomy":"category","embeddable":true,"href":"https:\/\/www.legimi.pl\/blog\/wp-json\/wp\/v2\/categories?post=4675"},{"taxonomy":"post_tag","embeddable":true,"href":"https:\/\/www.legimi.pl\/blog\/wp-json\/wp\/v2\/tags?post=4675"}],"curies":[{"name":"wp","href":"https:\/\/api.w.org\/{rel}","templated":true}]}}