{"id":4606,"date":"2024-10-15T12:02:03","date_gmt":"2024-10-15T10:02:03","guid":{"rendered":"https:\/\/legimi.pl\/blog\/?p=4606"},"modified":"2024-10-23T10:34:31","modified_gmt":"2024-10-23T08:34:31","slug":"katalog-klubowy-i-abonament-biblioteczny-fq","status":"publish","type":"post","link":"https:\/\/www.legimi.pl\/blog\/2024\/10\/katalog-klubowy-i-abonament-biblioteczny-fq\/","title":{"rendered":"Katalog Klubowy i Abonament biblioteczny: Q&#038;A"},"content":{"rendered":"<p>W zwi\u0105zku ze zmianami, kt\u00f3re wprowadzamy w abonamencie (utworzenie Katalogu Klubowego, korekty w katalogu bibliotecznym), a tak\u017ce wieloma informacjami, dotycz\u0105cymi wsp\u00f3\u0142pracy z dostawcami tre\u015bci, odpowiada\u0107 b\u0119dziemy w poni\u017cszym tek\u015bcie na najcz\u0119stsze pytania i w\u0105tpliwo\u015bci. Ustosunkujemy si\u0119 r\u00f3wnie\u017c do pojawiaj\u0105cych si\u0119 opinii, niezgodnych ze stanem faktycznym, a pojawiaj\u0105cych si\u0119 w przestrzeni medialnej, przede wszystkim mediach spo\u0142eczno\u015bciowych (artyku\u0142 aktualizowany).<\/p>\n<h2><strong>Dlaczego wprowadzacie Katalog Klubowy?<\/strong><\/h2>\n<p>Jest to wynik analiz prowadzonych w ostatnich tygodniach w odniesieniu do nowelizacji Ustawy o prawie autorskim i prawach pokrewnych. Od 20.09.2024 r. obowi\u0105zuje nas nowy spos\u00f3b naliczania wynagrodzenia za utwory udost\u0119pniane w Legimi. W przypadku audiobook\u00f3w zobligowani jeste\u015bmy odprowadza\u0107 dodatkow\u0105 op\u0142at\u0119 &#8211; tantiemy na rzecz wykonawc\u00f3w nagra\u0144, a w przypadku autor\u00f3w tre\u015bci g\u0142\u00f3wnej &#8211; rozlicza\u0107 wynagrodzenie w spos\u00f3b proporcjonalny do osi\u0105ganych przychod\u00f3w. Nowa definicja tzw. \u201egodziwego wynagrodzenia tw\u00f3rcy\u201d pod\u0105\u017ca za rozwi\u0105zaniami, kt\u00f3re od trzech lat by\u0142y proponowane przez Legimi wi\u0119kszo\u015bci dostawc\u00f3w tre\u015bci, wychodz\u0105c naprzeciw dyrektywom unijnym i zapowiadanym przepisom. W pe\u0142ni zgadzamy si\u0119 z za\u0142o\u017ceniem, aby wynagrodzenie tw\u00f3rc\u00f3w by\u0142o godziwe i proporcjonalne do korzy\u015bci dostarczanych czytelniczej spo\u0142eczno\u015bci Legimi.<\/p>\n<p>W zwi\u0105zku z powy\u017cszymi zmianami legislacyjnymi, zobowi\u0105zani jeste\u015bmy dokona\u0107 stosownych zmian w katalogu dost\u0119pnych publikacji. Ich celem jest doprowadzenie do sp\u00f3jno\u015bci z obowi\u0105zuj\u0105cymi przepisami. Osi\u0105gniemy to poprzez wprowadzenie dodatkowej, niskiej op\u0142aty za pobranie publikacji, co do kt\u00f3rych istnieje uzasadniona w\u0105tpliwo\u015b\u0107, czy ich obecny model rozlicze\u0144 spe\u0142nia zapisy Ustawy o prawie autorskim.<\/p>\n<p>Szerzej komentujemy podstawy prawne <a href=\"https:\/\/lps.legimi.pl\/wp-content\/uploads\/2024\/09\/20240930_wplyw-zmian-w-PrAut-na-biezaca-dzialalnosc-Legimi-komunikat.pdf\">w tym miejscu<\/a>.<\/p>\n<h2>Jaki ma zwi\u0105zek z tym rezygnacja cz\u0119\u015bci wydawnictw z dystrybucji do bibliotek?<\/h2>\n<p>Wydawcy wyrazili niech\u0119\u0107 udost\u0119pniania ich oferty bibliotekom pracowniczym. O ile rozumiemy biznesow\u0105 stron\u0119 tej decyzji, nale\u017cy odnotowa\u0107, \u017ce wsp\u00f3\u0142praca ta toczy\u0142a si\u0119 przez lata w oparciu o zapisy umowne i rozwi\u0105zania techniczne szczeg\u00f3\u0142owo porz\u0105dkuj\u0105ce te kwestie a rozliczenia odbywa\u0142y si\u0119 transparentnie. Dzi\u015b stajemy przed faktem, gdy cz\u0119\u015b\u0107 naszych dostawc\u00f3w tre\u015bci przeciwstawia si\u0119 dotychczas praktykowanej wsp\u00f3\u0142pracy. Zale\u017cy nam na zapewnieniu jak najwi\u0119kszego katalogu abonamentowego, wsp\u00f3lnie b\u0119dziemy pracowa\u0107 nad rozwi\u0105zaniami biznesowo-technologicznymi, kt\u00f3re, mamy nadziej\u0119, w niedalekiej przysz\u0142o\u015bci oznacza\u0107 b\u0119d\u0105 przywr\u00f3cenie oferty tych wydawc\u00f3w.<\/p>\n<h2>Na czym polega Wasza wsp\u00f3\u0142praca z bibliotekami pracowniczymi?<\/h2>\n<p>Ustawa o bibliotekach w ust. 8. konstytuuje poj\u0119cie \u201cbibliotek zak\u0142adowych\u201d, kt\u00f3re m.in. \u201cs\u0142u\u017c\u0105 zaspokajaniu potrzeb o\u015bwiatowych i kulturalnych pracownik\u00f3w zak\u0142ad\u00f3w pracy i ich rodzin\u201d. Rozdzia\u0142 8. Biblioteki fachowe i zak\u0142adowe &#8211; Ustawa o bibliotekach [bibl.] (arslege.pl) Dzia\u0142alno\u015b\u0107 ta prowadzona jest przez Legimi w spos\u00f3b oficjalny od d\u0142u\u017cszego czasu, a wszystkie udost\u0119pniane tam tre\u015bci podlegaj\u0105 rozliczeniu na zasadach identycznych jak w pozosta\u0142ych bibliotekach. Kwoty tantiem dla autor\u00f3w od wypo\u017cycze\u0144 w bibliotekach jakie przynosi wsp\u00f3\u0142praca z Legimi s\u0105 wielokrotnie (ok. 10x) wy\u017csze, ni\u017c w przypadku analogicznych wypo\u017cycze\u0144 egzemplarzy drukowanych.<\/p>\n<h2>Jak dzia\u0142a Katalog Klubowy?<\/h2>\n<p>Katalog Klubowy (dost\u0119pny od 22.10) zawiera\u0107 b\u0119dzie tytu\u0142y, kt\u00f3rych ze wzgl\u0119d\u00f3w licencyjnych nie mo\u017cemy ju\u017c oferowa\u0107 w formule \u201cbez limitu\u201d i udost\u0119pniony b\u0119dzie osobom, posiadaj\u0105cym aktywn\u0105 subskrypcj\u0119 Legimi. Te ebooki i audiobooki b\u0119dziesz m\u00f3g\u0142\/mog\u0142a doda\u0107 do swojego konta i zapozna\u0107 si\u0119 z nimi za dodatkow\u0105 op\u0142at\u0105, wynosz\u0105c\u0105 14,99 z\u0142 za tytu\u0142 (niezale\u017cnie od ceny ok\u0142adkowej, w kt\u00f3rej ksi\u0105\u017cka dost\u0119pna jest czytelnikom nieposiadaj\u0105cym abonamentu Legimi). Co wa\u017cne, nawet po\u0142ow\u0119 tej kwoty op\u0142acisz zgromadzonymi regularnie punktami w Klubie Mola Ksi\u0105\u017ckowego (op\u0142acaj\u0105c abonament bez limitu otrzymujesz co miesi\u0105c liczb\u0119 punkt\u00f3w r\u00f3wn\u0105 10 z\u0142otym). Ebooki i audiobooki z \u201eKatalogu Klubowego\u201d b\u0119dzie mo\u017cna czyta\u0107 i s\u0142ucha\u0107 w aplikacjach Legimi na iOS, Android i czytnikach ebook\u00f3w (zar\u00f3wno certyfikowanych &#8211; inkBOOK, PocketBook oraz Onyx, jak i na Kindle) w czasie op\u0142acania abonamentu. Szczeg\u00f3\u0142owe informacje na temat sposobu korzystania z Katalogu Klubowego znajdziesz na stronie <a href=\"https:\/\/support.legimi.com\/hc\/pl\/articles\/22259380145949-Czym-jest-Katalog-Klubowy-Jak-mog%C4%99-korzysta%C4%87-z-ksi%C4%85%C5%BCek-udost%C4%99nionych-w-Katalogu-Klubowym\">Centrum Pomocy Legimi<\/a>.<\/p>\n","protected":false},"excerpt":{"rendered":"<p>W zwi\u0105zku ze zmianami, kt\u00f3re wprowadzamy w abonamencie (utworzenie Katalogu Klubowego, korekty w katalogu bibliotecznym), a tak\u017ce wieloma informacjami, dotycz\u0105cymi wsp\u00f3\u0142pracy z dostawcami tre\u015bci, odpowiada\u0107 b\u0119dziemy w poni\u017cszym tek\u015bcie na najcz\u0119stsze pytania i w\u0105tpliwo\u015bci. Ustosunkujemy si\u0119 r\u00f3wnie\u017c do pojawiaj\u0105cych si\u0119 opinii, niezgodnych ze stanem faktycznym, a pojawiaj\u0105cych si\u0119 w przestrzeni medialnej, przede wszystkim mediach spo\u0142eczno\u015bciowych [&hellip;]<\/p>\n","protected":false},"author":21,"featured_media":0,"comment_status":"closed","ping_status":"closed","sticky":false,"template":"","format":"standard","meta":{"footnotes":""},"categories":[11],"tags":[5287,5288],"class_list":["post-4606","post","type-post","status-publish","format-standard","hentry","category-abonament-2","tag-katalog-klubowy","tag-ustawa-o-prawie-autorskim"],"yoast_head":"<!-- This site is optimized with the Yoast SEO plugin v27.4 - https:\/\/yoast.com\/product\/yoast-seo-wordpress\/ -->\n<title>Katalog Klubowy i Abonament biblioteczny: Q&amp;A - Legimi - blog<\/title>\n<meta name=\"robots\" content=\"index, follow, max-snippet:-1, max-image-preview:large, max-video-preview:-1\" \/>\n<link rel=\"canonical\" href=\"https:\/\/www.legimi.pl\/blog\/2024\/10\/katalog-klubowy-i-abonament-biblioteczny-fq\/\" \/>\n<meta property=\"og:locale\" content=\"pl_PL\" \/>\n<meta property=\"og:type\" content=\"article\" \/>\n<meta property=\"og:title\" content=\"Katalog Klubowy i Abonament biblioteczny: Q&amp;A - Legimi - blog\" \/>\n<meta property=\"og:description\" content=\"W zwi\u0105zku ze zmianami, kt\u00f3re wprowadzamy w abonamencie (utworzenie Katalogu Klubowego, korekty w katalogu bibliotecznym), a tak\u017ce wieloma informacjami, dotycz\u0105cymi wsp\u00f3\u0142pracy z dostawcami tre\u015bci, odpowiada\u0107 b\u0119dziemy w poni\u017cszym tek\u015bcie na najcz\u0119stsze pytania i w\u0105tpliwo\u015bci. Ustosunkujemy si\u0119 r\u00f3wnie\u017c do pojawiaj\u0105cych si\u0119 opinii, niezgodnych ze stanem faktycznym, a pojawiaj\u0105cych si\u0119 w przestrzeni medialnej, przede wszystkim mediach spo\u0142eczno\u015bciowych [&hellip;]\" \/>\n<meta property=\"og:url\" content=\"https:\/\/www.legimi.pl\/blog\/2024\/10\/katalog-klubowy-i-abonament-biblioteczny-fq\/\" \/>\n<meta property=\"og:site_name\" content=\"Legimi - blog\" \/>\n<meta property=\"article:published_time\" content=\"2024-10-15T10:02:03+00:00\" \/>\n<meta property=\"article:modified_time\" content=\"2024-10-23T08:34:31+00:00\" \/>\n<meta name=\"author\" content=\"Artur Wasilewski\" \/>\n<meta name=\"twitter:card\" content=\"summary_large_image\" \/>\n<meta name=\"twitter:label1\" content=\"Napisane przez\" \/>\n\t<meta name=\"twitter:data1\" content=\"Artur Wasilewski\" \/>\n\t<meta name=\"twitter:label2\" content=\"Szacowany czas czytania\" \/>\n\t<meta name=\"twitter:data2\" content=\"4 minuty\" \/>\n<script type=\"application\/ld+json\" class=\"yoast-schema-graph\">{\"@context\":\"https:\\\/\\\/schema.org\",\"@graph\":[{\"@type\":\"Article\",\"@id\":\"https:\\\/\\\/www.legimi.pl\\\/blog\\\/2024\\\/10\\\/katalog-klubowy-i-abonament-biblioteczny-fq\\\/#article\",\"isPartOf\":{\"@id\":\"https:\\\/\\\/www.legimi.pl\\\/blog\\\/2024\\\/10\\\/katalog-klubowy-i-abonament-biblioteczny-fq\\\/\"},\"author\":{\"name\":\"Artur Wasilewski\",\"@id\":\"https:\\\/\\\/www.legimi.pl\\\/blog\\\/#\\\/schema\\\/person\\\/013f97035ae1fdf973b8fd3776d7de1a\"},\"headline\":\"Katalog Klubowy i Abonament biblioteczny: Q&#038;A\",\"datePublished\":\"2024-10-15T10:02:03+00:00\",\"dateModified\":\"2024-10-23T08:34:31+00:00\",\"mainEntityOfPage\":{\"@id\":\"https:\\\/\\\/www.legimi.pl\\\/blog\\\/2024\\\/10\\\/katalog-klubowy-i-abonament-biblioteczny-fq\\\/\"},\"wordCount\":712,\"keywords\":[\"Katalog Klubowy\",\"Ustawa o prawie autorskim\"],\"articleSection\":[\"Abonament\"],\"inLanguage\":\"pl-PL\"},{\"@type\":\"WebPage\",\"@id\":\"https:\\\/\\\/www.legimi.pl\\\/blog\\\/2024\\\/10\\\/katalog-klubowy-i-abonament-biblioteczny-fq\\\/\",\"url\":\"https:\\\/\\\/www.legimi.pl\\\/blog\\\/2024\\\/10\\\/katalog-klubowy-i-abonament-biblioteczny-fq\\\/\",\"name\":\"Katalog Klubowy i Abonament biblioteczny: Q&A - Legimi - blog\",\"isPartOf\":{\"@id\":\"https:\\\/\\\/www.legimi.pl\\\/blog\\\/#website\"},\"datePublished\":\"2024-10-15T10:02:03+00:00\",\"dateModified\":\"2024-10-23T08:34:31+00:00\",\"author\":{\"@id\":\"https:\\\/\\\/www.legimi.pl\\\/blog\\\/#\\\/schema\\\/person\\\/013f97035ae1fdf973b8fd3776d7de1a\"},\"breadcrumb\":{\"@id\":\"https:\\\/\\\/www.legimi.pl\\\/blog\\\/2024\\\/10\\\/katalog-klubowy-i-abonament-biblioteczny-fq\\\/#breadcrumb\"},\"inLanguage\":\"pl-PL\",\"potentialAction\":[{\"@type\":\"ReadAction\",\"target\":[\"https:\\\/\\\/www.legimi.pl\\\/blog\\\/2024\\\/10\\\/katalog-klubowy-i-abonament-biblioteczny-fq\\\/\"]}]},{\"@type\":\"BreadcrumbList\",\"@id\":\"https:\\\/\\\/www.legimi.pl\\\/blog\\\/2024\\\/10\\\/katalog-klubowy-i-abonament-biblioteczny-fq\\\/#breadcrumb\",\"itemListElement\":[{\"@type\":\"ListItem\",\"position\":1,\"name\":\"Home\",\"item\":\"https:\\\/\\\/www.legimi.pl\\\/blog\\\/\"},{\"@type\":\"ListItem\",\"position\":2,\"name\":\"Katalog Klubowy i Abonament biblioteczny: Q&#038;A\"}]},{\"@type\":\"WebSite\",\"@id\":\"https:\\\/\\\/www.legimi.pl\\\/blog\\\/#website\",\"url\":\"https:\\\/\\\/www.legimi.pl\\\/blog\\\/\",\"name\":\"Legimi - blog\",\"description\":\"\",\"potentialAction\":[{\"@type\":\"SearchAction\",\"target\":{\"@type\":\"EntryPoint\",\"urlTemplate\":\"https:\\\/\\\/www.legimi.pl\\\/blog\\\/?s={search_term_string}\"},\"query-input\":{\"@type\":\"PropertyValueSpecification\",\"valueRequired\":true,\"valueName\":\"search_term_string\"}}],\"inLanguage\":\"pl-PL\"},{\"@type\":\"Person\",\"@id\":\"https:\\\/\\\/www.legimi.pl\\\/blog\\\/#\\\/schema\\\/person\\\/013f97035ae1fdf973b8fd3776d7de1a\",\"name\":\"Artur Wasilewski\",\"image\":{\"@type\":\"ImageObject\",\"inLanguage\":\"pl-PL\",\"@id\":\"https:\\\/\\\/secure.gravatar.com\\\/avatar\\\/a2c5bd071e11cadcae62220148c518d2cf06b85487581b29f3ac49739c9b78e5?s=96&d=mm&r=g\",\"url\":\"https:\\\/\\\/secure.gravatar.com\\\/avatar\\\/a2c5bd071e11cadcae62220148c518d2cf06b85487581b29f3ac49739c9b78e5?s=96&d=mm&r=g\",\"contentUrl\":\"https:\\\/\\\/secure.gravatar.com\\\/avatar\\\/a2c5bd071e11cadcae62220148c518d2cf06b85487581b29f3ac49739c9b78e5?s=96&d=mm&r=g\",\"caption\":\"Artur Wasilewski\"},\"url\":\"https:\\\/\\\/www.legimi.pl\\\/blog\\\/author\\\/artur-wasilewski\\\/\"}]}<\/script>\n<!-- \/ Yoast SEO plugin. -->","yoast_head_json":{"title":"Katalog Klubowy i Abonament biblioteczny: Q&A - Legimi - blog","robots":{"index":"index","follow":"follow","max-snippet":"max-snippet:-1","max-image-preview":"max-image-preview:large","max-video-preview":"max-video-preview:-1"},"canonical":"https:\/\/www.legimi.pl\/blog\/2024\/10\/katalog-klubowy-i-abonament-biblioteczny-fq\/","og_locale":"pl_PL","og_type":"article","og_title":"Katalog Klubowy i Abonament biblioteczny: Q&A - Legimi - blog","og_description":"W zwi\u0105zku ze zmianami, kt\u00f3re wprowadzamy w abonamencie (utworzenie Katalogu Klubowego, korekty w katalogu bibliotecznym), a tak\u017ce wieloma informacjami, dotycz\u0105cymi wsp\u00f3\u0142pracy z dostawcami tre\u015bci, odpowiada\u0107 b\u0119dziemy w poni\u017cszym tek\u015bcie na najcz\u0119stsze pytania i w\u0105tpliwo\u015bci. Ustosunkujemy si\u0119 r\u00f3wnie\u017c do pojawiaj\u0105cych si\u0119 opinii, niezgodnych ze stanem faktycznym, a pojawiaj\u0105cych si\u0119 w przestrzeni medialnej, przede wszystkim mediach spo\u0142eczno\u015bciowych [&hellip;]","og_url":"https:\/\/www.legimi.pl\/blog\/2024\/10\/katalog-klubowy-i-abonament-biblioteczny-fq\/","og_site_name":"Legimi - blog","article_published_time":"2024-10-15T10:02:03+00:00","article_modified_time":"2024-10-23T08:34:31+00:00","author":"Artur Wasilewski","twitter_card":"summary_large_image","twitter_misc":{"Napisane przez":"Artur Wasilewski","Szacowany czas czytania":"4 minuty"},"schema":{"@context":"https:\/\/schema.org","@graph":[{"@type":"Article","@id":"https:\/\/www.legimi.pl\/blog\/2024\/10\/katalog-klubowy-i-abonament-biblioteczny-fq\/#article","isPartOf":{"@id":"https:\/\/www.legimi.pl\/blog\/2024\/10\/katalog-klubowy-i-abonament-biblioteczny-fq\/"},"author":{"name":"Artur Wasilewski","@id":"https:\/\/www.legimi.pl\/blog\/#\/schema\/person\/013f97035ae1fdf973b8fd3776d7de1a"},"headline":"Katalog Klubowy i Abonament biblioteczny: Q&#038;A","datePublished":"2024-10-15T10:02:03+00:00","dateModified":"2024-10-23T08:34:31+00:00","mainEntityOfPage":{"@id":"https:\/\/www.legimi.pl\/blog\/2024\/10\/katalog-klubowy-i-abonament-biblioteczny-fq\/"},"wordCount":712,"keywords":["Katalog Klubowy","Ustawa o prawie autorskim"],"articleSection":["Abonament"],"inLanguage":"pl-PL"},{"@type":"WebPage","@id":"https:\/\/www.legimi.pl\/blog\/2024\/10\/katalog-klubowy-i-abonament-biblioteczny-fq\/","url":"https:\/\/www.legimi.pl\/blog\/2024\/10\/katalog-klubowy-i-abonament-biblioteczny-fq\/","name":"Katalog Klubowy i Abonament biblioteczny: Q&A - Legimi - blog","isPartOf":{"@id":"https:\/\/www.legimi.pl\/blog\/#website"},"datePublished":"2024-10-15T10:02:03+00:00","dateModified":"2024-10-23T08:34:31+00:00","author":{"@id":"https:\/\/www.legimi.pl\/blog\/#\/schema\/person\/013f97035ae1fdf973b8fd3776d7de1a"},"breadcrumb":{"@id":"https:\/\/www.legimi.pl\/blog\/2024\/10\/katalog-klubowy-i-abonament-biblioteczny-fq\/#breadcrumb"},"inLanguage":"pl-PL","potentialAction":[{"@type":"ReadAction","target":["https:\/\/www.legimi.pl\/blog\/2024\/10\/katalog-klubowy-i-abonament-biblioteczny-fq\/"]}]},{"@type":"BreadcrumbList","@id":"https:\/\/www.legimi.pl\/blog\/2024\/10\/katalog-klubowy-i-abonament-biblioteczny-fq\/#breadcrumb","itemListElement":[{"@type":"ListItem","position":1,"name":"Home","item":"https:\/\/www.legimi.pl\/blog\/"},{"@type":"ListItem","position":2,"name":"Katalog Klubowy i Abonament biblioteczny: Q&#038;A"}]},{"@type":"WebSite","@id":"https:\/\/www.legimi.pl\/blog\/#website","url":"https:\/\/www.legimi.pl\/blog\/","name":"Legimi - blog","description":"","potentialAction":[{"@type":"SearchAction","target":{"@type":"EntryPoint","urlTemplate":"https:\/\/www.legimi.pl\/blog\/?s={search_term_string}"},"query-input":{"@type":"PropertyValueSpecification","valueRequired":true,"valueName":"search_term_string"}}],"inLanguage":"pl-PL"},{"@type":"Person","@id":"https:\/\/www.legimi.pl\/blog\/#\/schema\/person\/013f97035ae1fdf973b8fd3776d7de1a","name":"Artur Wasilewski","image":{"@type":"ImageObject","inLanguage":"pl-PL","@id":"https:\/\/secure.gravatar.com\/avatar\/a2c5bd071e11cadcae62220148c518d2cf06b85487581b29f3ac49739c9b78e5?s=96&d=mm&r=g","url":"https:\/\/secure.gravatar.com\/avatar\/a2c5bd071e11cadcae62220148c518d2cf06b85487581b29f3ac49739c9b78e5?s=96&d=mm&r=g","contentUrl":"https:\/\/secure.gravatar.com\/avatar\/a2c5bd071e11cadcae62220148c518d2cf06b85487581b29f3ac49739c9b78e5?s=96&d=mm&r=g","caption":"Artur Wasilewski"},"url":"https:\/\/www.legimi.pl\/blog\/author\/artur-wasilewski\/"}]}},"_links":{"self":[{"href":"https:\/\/www.legimi.pl\/blog\/wp-json\/wp\/v2\/posts\/4606","targetHints":{"allow":["GET"]}}],"collection":[{"href":"https:\/\/www.legimi.pl\/blog\/wp-json\/wp\/v2\/posts"}],"about":[{"href":"https:\/\/www.legimi.pl\/blog\/wp-json\/wp\/v2\/types\/post"}],"author":[{"embeddable":true,"href":"https:\/\/www.legimi.pl\/blog\/wp-json\/wp\/v2\/users\/21"}],"replies":[{"embeddable":true,"href":"https:\/\/www.legimi.pl\/blog\/wp-json\/wp\/v2\/comments?post=4606"}],"version-history":[{"count":5,"href":"https:\/\/www.legimi.pl\/blog\/wp-json\/wp\/v2\/posts\/4606\/revisions"}],"predecessor-version":[{"id":4637,"href":"https:\/\/www.legimi.pl\/blog\/wp-json\/wp\/v2\/posts\/4606\/revisions\/4637"}],"wp:attachment":[{"href":"https:\/\/www.legimi.pl\/blog\/wp-json\/wp\/v2\/media?parent=4606"}],"wp:term":[{"taxonomy":"category","embeddable":true,"href":"https:\/\/www.legimi.pl\/blog\/wp-json\/wp\/v2\/categories?post=4606"},{"taxonomy":"post_tag","embeddable":true,"href":"https:\/\/www.legimi.pl\/blog\/wp-json\/wp\/v2\/tags?post=4606"}],"curies":[{"name":"wp","href":"https:\/\/api.w.org\/{rel}","templated":true}]}}