{"id":3991,"date":"2020-03-16T11:22:00","date_gmt":"2020-03-16T10:22:00","guid":{"rendered":"https:\/\/blog.legimi.pl\/?p=3991"},"modified":"2020-03-20T12:03:40","modified_gmt":"2020-03-20T11:03:40","slug":"tydzien-w-legimi-rozdajemy-ksiazki-co-czytamy-recenzujemy-topowe-premiery","status":"publish","type":"post","link":"https:\/\/www.legimi.pl\/blog\/2020\/03\/tydzien-w-legimi-rozdajemy-ksiazki-co-czytamy-recenzujemy-topowe-premiery\/","title":{"rendered":"Tydzie\u0144 w Legimi. Rozdajemy ksi\u0105\u017cki \/ Co czytamy? \/ Recenzujemy \/ Topowe premiery"},"content":{"rendered":"\n<p> Za nami intensywny tydzie\u0144, stoj\u0105cy pod znakiem wydarze\u0144, kt\u00f3re nikogo nie ciesz\u0105. Mamy jednak gar\u015b\u0107 dobrych informacji, przynajmniej z naszego poletka. Sporo interesuj\u0105cych nowo\u015bci, bezp\u0142atne ebooki i audiobooki dla dzieci i m\u0142odzie\u017cy, aktualizacja aplikacji na czytniki&#8230; Jednym s\u0142owem &#8211; dzia\u0142amy. <\/p>\n\n\n\n<p> <strong>Bestsellery tygodnia<\/strong><br>1. Kinga Litkowiec,\u00a0<a rel=\"noreferrer noopener\" aria-label=\"Miasto mafii (otwiera si\u0119 na nowej zak\u0142adce)\" href=\"https:\/\/www.legimi.pl\/ebook-miasto-mafii-kinga-litkowiec,b606421.html\" target=\"_blank\">Miasto mafii<\/a><br>2. B.A. Paris,\u00a0<a rel=\"noreferrer noopener\" aria-label=\"Dylemat (otwiera si\u0119 na nowej zak\u0142adce)\" href=\"https:\/\/www.legimi.pl\/ebook-dylemat-b-a-paris,b606542.html\" target=\"_blank\">Dylemat<\/a><br>3. Gabriela Garga\u015b,\u00a0<a rel=\"noreferrer noopener\" aria-label=\"Dzie\u0144 Kobiet (otwiera si\u0119 na nowej zak\u0142adce)\" href=\"https:\/\/www.legimi.pl\/ebook-dzien-kobiet-gabriela-gargas,b603986.html\" target=\"_blank\">Dzie\u0144 Kobiet<\/a><br>4. E.\u00a0Ferrante,\u00a0<a rel=\"noreferrer noopener\" aria-label=\"Czas porzucenia (otwiera si\u0119 na nowej zak\u0142adce)\" href=\"https:\/\/www.legimi.pl\/ebook-czas-porzucenia-elena-ferrante,b604482.html\" target=\"_blank\">Czas porzucenia<\/a><br>5. E. S.\u00a0de Urturi,\u00a0<a rel=\"noreferrer noopener\" aria-label=\"W\u0142adcy czasu  (otwiera si\u0119 na nowej zak\u0142adce)\" href=\"https:\/\/www.legimi.pl\/ebook-wladcy-czasu-eva-garcia-saenz-de-urturi,b607336.html\" target=\"_blank\">W\u0142adcy czasu<\/a><\/p>\n\n\n\n<p> <strong>Premiery\u00a0tygodnia<\/strong><br>1. Lee Child,\u00a0<a rel=\"noreferrer noopener\" aria-label=\"Zgodnie z planem (otwiera si\u0119 na nowej zak\u0142adce)\" href=\"https:\/\/www.legimi.pl\/ebook-jack-reacher-zgodnie-z-planem-lee-child,b598387.html\" target=\"_blank\">Zgodnie z planem<\/a><br>2. Marek Stelar,\u00a0<a rel=\"noreferrer noopener\" aria-label=\"Intruz (otwiera si\u0119 na nowej zak\u0142adce)\" href=\"https:\/\/www.legimi.pl\/ebook-intruz-marek-stelar,b608187.html\" target=\"_blank\">Intruz<\/a><br>3. Joanna Dulewicz,\u00a0<a rel=\"noreferrer noopener\" aria-label=\"Zak\u0142amani (otwiera si\u0119 na nowej zak\u0142adce)\" href=\"https:\/\/www.legimi.pl\/ebook-zaklamani-joanna-dulewicz,b607920.html\" target=\"_blank\">Zak\u0142amani<\/a><br>4. Fiona Barton,\u00a0<a rel=\"noreferrer noopener\" aria-label=\"Podejrzany (otwiera si\u0119 na nowej zak\u0142adce)\" href=\"https:\/\/www.legimi.pl\/ebook-podejrzany-fiona-barton,b598109.html\" target=\"_blank\">Podejrzany<\/a><br>5. Krzysztof Bochus,\u00a0<a rel=\"noreferrer noopener\" aria-label=\"Boski znak  (otwiera si\u0119 na nowej zak\u0142adce)\" href=\"https:\/\/www.legimi.pl\/ebook-boski-znak-krzysztof-bochus,b603988.html\" target=\"_blank\">Boski znak<\/a><\/p>\n\n\n\n<p><strong>#TerazCzasNaCzytanie<\/strong><br>Przypominamy, \u017ce w\u0142\u0105czyli\u015bmy si\u0119 w akcj\u0119 zainicjowan\u0105 przez&nbsp;<a href=\"https:\/\/fpc.org.pl\/?goal=0_b49fd54a9d-b75dcc4c04-&amp;mc_cid=b75dcc4c04&amp;mc_eid=[UNIQID]\" target=\"_blank\" rel=\"noreferrer noopener\">Fundacj\u0119 Powszechnego Czytania<\/a>&nbsp;i wsp\u00f3lnie zach\u0119camy do si\u0119gania po ksi\u0105\u017cki. Przygotowali\u015bmy kolekcj\u0119 20 ebook\u00f3w i audiobook\u00f3w dla dzieci i m\u0142odzie\u017cy&nbsp;<a href=\"https:\/\/www.legimi.pl\/czas-na-czytanie\/?utm_source=mail&amp;utm_medium=nwsl&amp;utm_campaign=nwsl_20200316&amp;goal=0_b49fd54a9d-b75dcc4c04-&amp;mc_cid=b75dcc4c04&amp;mc_eid=[UNIQID]\" target=\"_blank\" rel=\"noreferrer noopener\">do pobrania za darmo<\/a>. Dajmy zna\u0107 wszystkim, kt\u00f3rzy staraj\u0105 si\u0119 zorganizowa\u0107 w obliczu zaistnia\u0142ej&nbsp;sytuacji.<\/p>\n\n\n\n<p><strong>Tym razem recenzujemy&#8230;<\/strong><br><a href=\"https:\/\/www.legimi.pl\/ebook-miejsce-dla-nas-fatima-farheen-mirza,b492561.html\" target=\"_blank\" rel=\"noreferrer noopener\" aria-label=\"Miejsce dla nas (otwiera si\u0119 na nowej zak\u0142adce)\">Miejsce dla nas<\/a>.\u00a0<em>Fatima Farheen Mirza zaprasza nas do \u015bwiata indyjskiej rodziny muzu\u0142man\u00f3w \u017cyj\u0105cych w Kalifornii. (&#8230;)opowiada o rodzinie, w kt\u00f3rej mi\u0142o\u015b\u0107, poczucie obowi\u0105zku, to\u017csamo\u015b\u0107 mieszaj\u0105 si\u0119, przenikaj\u0105, a czasami wykluczaj\u0105. Ka\u017cdy z bohater\u00f3w pr\u00f3buje znale\u017a\u0107 swoje miejsce w \u015bwiecie i ustali\u0107, gdzie jest \u201emiejsce dla nas\u201d.<\/em><br>Zach\u0119camy do przeczytania\u00a0<a href=\"https:\/\/blog.legimi.pl\/2020\/03\/bezpieczna-przystan-recenzja-miejsca-dla-nas-fatimy-mirzy\" target=\"_blank\" rel=\"noreferrer noopener\" aria-label=\"ca\u0142ej recenzji (otwiera si\u0119 na nowej zak\u0142adce)\">ca\u0142ej recenzji<\/a>, a tak\u017ce samej\u00a0<a href=\"https:\/\/www.legimi.pl\/ebook-miejsce-dla-nas-fatima-farheen-mirza,b492561.html\" target=\"_blank\" rel=\"noreferrer noopener\" aria-label=\"ksi\u0105\u017cki (otwiera si\u0119 na nowej zak\u0142adce)\">ksi\u0105\u017cki<\/a>.<\/p>\n\n\n\n<p><strong>Relacja z gali Ksi\u0105\u017cka Roku 2019\u00a0w Prologu<\/strong><br>Nie tyko my mamy sw\u00f3j plebiscyt. Portal\u00a0<a rel=\"noreferrer noopener\" aria-label=\"LubimyCzyta\u0107.pl (otwiera si\u0119 na nowej zak\u0142adce)\" href=\"https:\/\/lubimyczytac.pl\/\" target=\"_blank\">LubimyCzyta\u0107.pl<\/a>\u00a0ju\u017c po raz 5. zorganizowa\u0142 wybory\u00a0najlepszych tytu\u0142\u00f3w 2019 r. Fina\u0142 tegorocznej edycji odby\u0142 si\u0119 w wyj\u0105tkowo ekskluzywnej oprawie, a my&#8230; byli\u015bmy tam z kamer\u0105. Zapraszamy do obejrzenia naszej relacji. <\/p>\n\n\n\n<figure class=\"wp-block-embed-youtube wp-block-embed is-type-video is-provider-youtube wp-embed-aspect-16-9 wp-has-aspect-ratio\"><div class=\"wp-block-embed__wrapper\">\n<iframe loading=\"lazy\" title=\"Gala plebiscytu Ksi\u0105\u017cka Roku 2019 Lubimyczyta\u0107.pl | #magazynProlog\" width=\"500\" height=\"281\" src=\"https:\/\/www.youtube.com\/embed\/bDy_7DOdzMg?feature=oembed\" frameborder=\"0\" allow=\"accelerometer; autoplay; clipboard-write; encrypted-media; gyroscope; picture-in-picture; web-share\" referrerpolicy=\"strict-origin-when-cross-origin\" allowfullscreen><\/iframe>\n<\/div><\/figure>\n\n\n\n<p> <strong>Co ciekawego w aplikacjach?<\/strong><br>Dobre wiadomo\u015bci dla os\u00f3b korzystaj\u0105cych z Legimi na czytnikach inkBOOK. W ub. tygodniu udost\u0119pnili\u015bmy aktualizacj\u0119 aplikacji Legimi na te urz\u0105dzenia. Najwa\u017cniejsza zmiana to wi\u0119ksza oszcz\u0119dno\u015b\u0107 energii, a zatem d\u0142u\u017cszy czas u\u017cytkowania bez konieczno\u015bci \u0142adowania czytnika. Zach\u0119camy do jej pobrania\u00a0<a href=\"https:\/\/www.legimi.pl\/pobierz-legimi\/\" target=\"_blank\" rel=\"noreferrer noopener\" aria-label=\"z naszej strony (otwiera si\u0119 na nowej zak\u0142adce)\">z naszej strony<\/a>\u00a0lub bezpo\u015brednio na czytniku ze sklepu z aplikacjami na inkBOOKi. <\/p>\n","protected":false},"excerpt":{"rendered":"<p>Za nami intensywny tydzie\u0144, stoj\u0105cy pod znakiem wydarze\u0144, kt\u00f3re nikogo nie ciesz\u0105. Mamy jednak gar\u015b\u0107 dobrych informacji, przynajmniej z naszego poletka. Sporo interesuj\u0105cych nowo\u015bci, bezp\u0142atne ebooki i audiobooki dla dzieci i m\u0142odzie\u017cy, aktualizacja aplikacji na czytniki&#8230; Jednym s\u0142owem &#8211; dzia\u0142amy. Bestsellery tygodnia1. Kinga Litkowiec,\u00a0Miasto mafii2. B.A. Paris,\u00a0Dylemat3. Gabriela Garga\u015b,\u00a0Dzie\u0144 Kobiet4. E.\u00a0Ferrante,\u00a0Czas porzucenia5. E. S.\u00a0de Urturi,\u00a0W\u0142adcy [&hellip;]<\/p>\n","protected":false},"author":21,"featured_media":0,"comment_status":"closed","ping_status":"closed","sticky":false,"template":"","format":"standard","meta":{"footnotes":""},"categories":[4993],"tags":[501,5027,2591,5026],"class_list":["post-3991","post","type-post","status-publish","format-standard","hentry","category-tydzien-w-legimi","tag-bestsellery","tag-co-nowego-w-legimi","tag-premiery","tag-recenzje"],"yoast_head":"<!-- This site is optimized with the Yoast SEO plugin v27.4 - https:\/\/yoast.com\/product\/yoast-seo-wordpress\/ -->\n<title>Tydzie\u0144 w Legimi. Rozdajemy ksi\u0105\u017cki \/ Co czytamy? \/ Recenzujemy \/ Topowe premiery - Legimi - blog<\/title>\n<meta name=\"robots\" content=\"index, follow, max-snippet:-1, max-image-preview:large, max-video-preview:-1\" \/>\n<link rel=\"canonical\" href=\"https:\/\/www.legimi.pl\/blog\/2020\/03\/tydzien-w-legimi-rozdajemy-ksiazki-co-czytamy-recenzujemy-topowe-premiery\/\" \/>\n<meta property=\"og:locale\" content=\"pl_PL\" \/>\n<meta property=\"og:type\" content=\"article\" \/>\n<meta property=\"og:title\" content=\"Tydzie\u0144 w Legimi. Rozdajemy ksi\u0105\u017cki \/ Co czytamy? \/ Recenzujemy \/ Topowe premiery - Legimi - blog\" \/>\n<meta property=\"og:description\" content=\"Za nami intensywny tydzie\u0144, stoj\u0105cy pod znakiem wydarze\u0144, kt\u00f3re nikogo nie ciesz\u0105. Mamy jednak gar\u015b\u0107 dobrych informacji, przynajmniej z naszego poletka. Sporo interesuj\u0105cych nowo\u015bci, bezp\u0142atne ebooki i audiobooki dla dzieci i m\u0142odzie\u017cy, aktualizacja aplikacji na czytniki&#8230; Jednym s\u0142owem &#8211; dzia\u0142amy. Bestsellery tygodnia1. Kinga Litkowiec,\u00a0Miasto mafii2. B.A. Paris,\u00a0Dylemat3. Gabriela Garga\u015b,\u00a0Dzie\u0144 Kobiet4. E.\u00a0Ferrante,\u00a0Czas porzucenia5. E. S.\u00a0de Urturi,\u00a0W\u0142adcy [&hellip;]\" \/>\n<meta property=\"og:url\" content=\"https:\/\/www.legimi.pl\/blog\/2020\/03\/tydzien-w-legimi-rozdajemy-ksiazki-co-czytamy-recenzujemy-topowe-premiery\/\" \/>\n<meta property=\"og:site_name\" content=\"Legimi - blog\" \/>\n<meta property=\"article:published_time\" content=\"2020-03-16T10:22:00+00:00\" \/>\n<meta property=\"article:modified_time\" content=\"2020-03-20T11:03:40+00:00\" \/>\n<meta name=\"author\" content=\"Artur Wasilewski\" \/>\n<meta name=\"twitter:card\" content=\"summary_large_image\" \/>\n<meta name=\"twitter:label1\" content=\"Napisane przez\" \/>\n\t<meta name=\"twitter:data1\" content=\"Artur Wasilewski\" \/>\n\t<meta name=\"twitter:label2\" content=\"Szacowany czas czytania\" \/>\n\t<meta name=\"twitter:data2\" content=\"2 minuty\" \/>\n<script type=\"application\/ld+json\" class=\"yoast-schema-graph\">{\"@context\":\"https:\\\/\\\/schema.org\",\"@graph\":[{\"@type\":\"Article\",\"@id\":\"https:\\\/\\\/www.legimi.pl\\\/blog\\\/2020\\\/03\\\/tydzien-w-legimi-rozdajemy-ksiazki-co-czytamy-recenzujemy-topowe-premiery\\\/#article\",\"isPartOf\":{\"@id\":\"https:\\\/\\\/www.legimi.pl\\\/blog\\\/2020\\\/03\\\/tydzien-w-legimi-rozdajemy-ksiazki-co-czytamy-recenzujemy-topowe-premiery\\\/\"},\"author\":{\"name\":\"Artur Wasilewski\",\"@id\":\"https:\\\/\\\/www.legimi.pl\\\/blog\\\/#\\\/schema\\\/person\\\/013f97035ae1fdf973b8fd3776d7de1a\"},\"headline\":\"Tydzie\u0144 w Legimi. Rozdajemy ksi\u0105\u017cki \\\/ Co czytamy? \\\/ Recenzujemy \\\/ Topowe premiery\",\"datePublished\":\"2020-03-16T10:22:00+00:00\",\"dateModified\":\"2020-03-20T11:03:40+00:00\",\"mainEntityOfPage\":{\"@id\":\"https:\\\/\\\/www.legimi.pl\\\/blog\\\/2020\\\/03\\\/tydzien-w-legimi-rozdajemy-ksiazki-co-czytamy-recenzujemy-topowe-premiery\\\/\"},\"wordCount\":367,\"keywords\":[\"bestsellery\",\"co nowego w Legimi\",\"premiery\",\"recenzje\"],\"articleSection\":[\"Tydzie\u0144 w Legimi\"],\"inLanguage\":\"pl-PL\"},{\"@type\":\"WebPage\",\"@id\":\"https:\\\/\\\/www.legimi.pl\\\/blog\\\/2020\\\/03\\\/tydzien-w-legimi-rozdajemy-ksiazki-co-czytamy-recenzujemy-topowe-premiery\\\/\",\"url\":\"https:\\\/\\\/www.legimi.pl\\\/blog\\\/2020\\\/03\\\/tydzien-w-legimi-rozdajemy-ksiazki-co-czytamy-recenzujemy-topowe-premiery\\\/\",\"name\":\"Tydzie\u0144 w Legimi. Rozdajemy ksi\u0105\u017cki \\\/ Co czytamy? \\\/ Recenzujemy \\\/ Topowe premiery - Legimi - blog\",\"isPartOf\":{\"@id\":\"https:\\\/\\\/www.legimi.pl\\\/blog\\\/#website\"},\"datePublished\":\"2020-03-16T10:22:00+00:00\",\"dateModified\":\"2020-03-20T11:03:40+00:00\",\"author\":{\"@id\":\"https:\\\/\\\/www.legimi.pl\\\/blog\\\/#\\\/schema\\\/person\\\/013f97035ae1fdf973b8fd3776d7de1a\"},\"breadcrumb\":{\"@id\":\"https:\\\/\\\/www.legimi.pl\\\/blog\\\/2020\\\/03\\\/tydzien-w-legimi-rozdajemy-ksiazki-co-czytamy-recenzujemy-topowe-premiery\\\/#breadcrumb\"},\"inLanguage\":\"pl-PL\",\"potentialAction\":[{\"@type\":\"ReadAction\",\"target\":[\"https:\\\/\\\/www.legimi.pl\\\/blog\\\/2020\\\/03\\\/tydzien-w-legimi-rozdajemy-ksiazki-co-czytamy-recenzujemy-topowe-premiery\\\/\"]}]},{\"@type\":\"BreadcrumbList\",\"@id\":\"https:\\\/\\\/www.legimi.pl\\\/blog\\\/2020\\\/03\\\/tydzien-w-legimi-rozdajemy-ksiazki-co-czytamy-recenzujemy-topowe-premiery\\\/#breadcrumb\",\"itemListElement\":[{\"@type\":\"ListItem\",\"position\":1,\"name\":\"Home\",\"item\":\"https:\\\/\\\/www.legimi.pl\\\/blog\\\/\"},{\"@type\":\"ListItem\",\"position\":2,\"name\":\"Tydzie\u0144 w Legimi. Rozdajemy ksi\u0105\u017cki \\\/ Co czytamy? \\\/ Recenzujemy \\\/ Topowe premiery\"}]},{\"@type\":\"WebSite\",\"@id\":\"https:\\\/\\\/www.legimi.pl\\\/blog\\\/#website\",\"url\":\"https:\\\/\\\/www.legimi.pl\\\/blog\\\/\",\"name\":\"Legimi - blog\",\"description\":\"\",\"potentialAction\":[{\"@type\":\"SearchAction\",\"target\":{\"@type\":\"EntryPoint\",\"urlTemplate\":\"https:\\\/\\\/www.legimi.pl\\\/blog\\\/?s={search_term_string}\"},\"query-input\":{\"@type\":\"PropertyValueSpecification\",\"valueRequired\":true,\"valueName\":\"search_term_string\"}}],\"inLanguage\":\"pl-PL\"},{\"@type\":\"Person\",\"@id\":\"https:\\\/\\\/www.legimi.pl\\\/blog\\\/#\\\/schema\\\/person\\\/013f97035ae1fdf973b8fd3776d7de1a\",\"name\":\"Artur Wasilewski\",\"image\":{\"@type\":\"ImageObject\",\"inLanguage\":\"pl-PL\",\"@id\":\"https:\\\/\\\/secure.gravatar.com\\\/avatar\\\/a2c5bd071e11cadcae62220148c518d2cf06b85487581b29f3ac49739c9b78e5?s=96&d=mm&r=g\",\"url\":\"https:\\\/\\\/secure.gravatar.com\\\/avatar\\\/a2c5bd071e11cadcae62220148c518d2cf06b85487581b29f3ac49739c9b78e5?s=96&d=mm&r=g\",\"contentUrl\":\"https:\\\/\\\/secure.gravatar.com\\\/avatar\\\/a2c5bd071e11cadcae62220148c518d2cf06b85487581b29f3ac49739c9b78e5?s=96&d=mm&r=g\",\"caption\":\"Artur Wasilewski\"},\"url\":\"https:\\\/\\\/www.legimi.pl\\\/blog\\\/author\\\/artur-wasilewski\\\/\"}]}<\/script>\n<!-- \/ Yoast SEO plugin. -->","yoast_head_json":{"title":"Tydzie\u0144 w Legimi. Rozdajemy ksi\u0105\u017cki \/ Co czytamy? \/ Recenzujemy \/ Topowe premiery - Legimi - blog","robots":{"index":"index","follow":"follow","max-snippet":"max-snippet:-1","max-image-preview":"max-image-preview:large","max-video-preview":"max-video-preview:-1"},"canonical":"https:\/\/www.legimi.pl\/blog\/2020\/03\/tydzien-w-legimi-rozdajemy-ksiazki-co-czytamy-recenzujemy-topowe-premiery\/","og_locale":"pl_PL","og_type":"article","og_title":"Tydzie\u0144 w Legimi. Rozdajemy ksi\u0105\u017cki \/ Co czytamy? \/ Recenzujemy \/ Topowe premiery - Legimi - blog","og_description":"Za nami intensywny tydzie\u0144, stoj\u0105cy pod znakiem wydarze\u0144, kt\u00f3re nikogo nie ciesz\u0105. Mamy jednak gar\u015b\u0107 dobrych informacji, przynajmniej z naszego poletka. Sporo interesuj\u0105cych nowo\u015bci, bezp\u0142atne ebooki i audiobooki dla dzieci i m\u0142odzie\u017cy, aktualizacja aplikacji na czytniki&#8230; Jednym s\u0142owem &#8211; dzia\u0142amy. Bestsellery tygodnia1. Kinga Litkowiec,\u00a0Miasto mafii2. B.A. Paris,\u00a0Dylemat3. Gabriela Garga\u015b,\u00a0Dzie\u0144 Kobiet4. E.\u00a0Ferrante,\u00a0Czas porzucenia5. E. S.\u00a0de Urturi,\u00a0W\u0142adcy [&hellip;]","og_url":"https:\/\/www.legimi.pl\/blog\/2020\/03\/tydzien-w-legimi-rozdajemy-ksiazki-co-czytamy-recenzujemy-topowe-premiery\/","og_site_name":"Legimi - blog","article_published_time":"2020-03-16T10:22:00+00:00","article_modified_time":"2020-03-20T11:03:40+00:00","author":"Artur Wasilewski","twitter_card":"summary_large_image","twitter_misc":{"Napisane przez":"Artur Wasilewski","Szacowany czas czytania":"2 minuty"},"schema":{"@context":"https:\/\/schema.org","@graph":[{"@type":"Article","@id":"https:\/\/www.legimi.pl\/blog\/2020\/03\/tydzien-w-legimi-rozdajemy-ksiazki-co-czytamy-recenzujemy-topowe-premiery\/#article","isPartOf":{"@id":"https:\/\/www.legimi.pl\/blog\/2020\/03\/tydzien-w-legimi-rozdajemy-ksiazki-co-czytamy-recenzujemy-topowe-premiery\/"},"author":{"name":"Artur Wasilewski","@id":"https:\/\/www.legimi.pl\/blog\/#\/schema\/person\/013f97035ae1fdf973b8fd3776d7de1a"},"headline":"Tydzie\u0144 w Legimi. Rozdajemy ksi\u0105\u017cki \/ Co czytamy? \/ Recenzujemy \/ Topowe premiery","datePublished":"2020-03-16T10:22:00+00:00","dateModified":"2020-03-20T11:03:40+00:00","mainEntityOfPage":{"@id":"https:\/\/www.legimi.pl\/blog\/2020\/03\/tydzien-w-legimi-rozdajemy-ksiazki-co-czytamy-recenzujemy-topowe-premiery\/"},"wordCount":367,"keywords":["bestsellery","co nowego w Legimi","premiery","recenzje"],"articleSection":["Tydzie\u0144 w Legimi"],"inLanguage":"pl-PL"},{"@type":"WebPage","@id":"https:\/\/www.legimi.pl\/blog\/2020\/03\/tydzien-w-legimi-rozdajemy-ksiazki-co-czytamy-recenzujemy-topowe-premiery\/","url":"https:\/\/www.legimi.pl\/blog\/2020\/03\/tydzien-w-legimi-rozdajemy-ksiazki-co-czytamy-recenzujemy-topowe-premiery\/","name":"Tydzie\u0144 w Legimi. Rozdajemy ksi\u0105\u017cki \/ Co czytamy? \/ Recenzujemy \/ Topowe premiery - Legimi - blog","isPartOf":{"@id":"https:\/\/www.legimi.pl\/blog\/#website"},"datePublished":"2020-03-16T10:22:00+00:00","dateModified":"2020-03-20T11:03:40+00:00","author":{"@id":"https:\/\/www.legimi.pl\/blog\/#\/schema\/person\/013f97035ae1fdf973b8fd3776d7de1a"},"breadcrumb":{"@id":"https:\/\/www.legimi.pl\/blog\/2020\/03\/tydzien-w-legimi-rozdajemy-ksiazki-co-czytamy-recenzujemy-topowe-premiery\/#breadcrumb"},"inLanguage":"pl-PL","potentialAction":[{"@type":"ReadAction","target":["https:\/\/www.legimi.pl\/blog\/2020\/03\/tydzien-w-legimi-rozdajemy-ksiazki-co-czytamy-recenzujemy-topowe-premiery\/"]}]},{"@type":"BreadcrumbList","@id":"https:\/\/www.legimi.pl\/blog\/2020\/03\/tydzien-w-legimi-rozdajemy-ksiazki-co-czytamy-recenzujemy-topowe-premiery\/#breadcrumb","itemListElement":[{"@type":"ListItem","position":1,"name":"Home","item":"https:\/\/www.legimi.pl\/blog\/"},{"@type":"ListItem","position":2,"name":"Tydzie\u0144 w Legimi. Rozdajemy ksi\u0105\u017cki \/ Co czytamy? \/ Recenzujemy \/ Topowe premiery"}]},{"@type":"WebSite","@id":"https:\/\/www.legimi.pl\/blog\/#website","url":"https:\/\/www.legimi.pl\/blog\/","name":"Legimi - blog","description":"","potentialAction":[{"@type":"SearchAction","target":{"@type":"EntryPoint","urlTemplate":"https:\/\/www.legimi.pl\/blog\/?s={search_term_string}"},"query-input":{"@type":"PropertyValueSpecification","valueRequired":true,"valueName":"search_term_string"}}],"inLanguage":"pl-PL"},{"@type":"Person","@id":"https:\/\/www.legimi.pl\/blog\/#\/schema\/person\/013f97035ae1fdf973b8fd3776d7de1a","name":"Artur Wasilewski","image":{"@type":"ImageObject","inLanguage":"pl-PL","@id":"https:\/\/secure.gravatar.com\/avatar\/a2c5bd071e11cadcae62220148c518d2cf06b85487581b29f3ac49739c9b78e5?s=96&d=mm&r=g","url":"https:\/\/secure.gravatar.com\/avatar\/a2c5bd071e11cadcae62220148c518d2cf06b85487581b29f3ac49739c9b78e5?s=96&d=mm&r=g","contentUrl":"https:\/\/secure.gravatar.com\/avatar\/a2c5bd071e11cadcae62220148c518d2cf06b85487581b29f3ac49739c9b78e5?s=96&d=mm&r=g","caption":"Artur Wasilewski"},"url":"https:\/\/www.legimi.pl\/blog\/author\/artur-wasilewski\/"}]}},"_links":{"self":[{"href":"https:\/\/www.legimi.pl\/blog\/wp-json\/wp\/v2\/posts\/3991","targetHints":{"allow":["GET"]}}],"collection":[{"href":"https:\/\/www.legimi.pl\/blog\/wp-json\/wp\/v2\/posts"}],"about":[{"href":"https:\/\/www.legimi.pl\/blog\/wp-json\/wp\/v2\/types\/post"}],"author":[{"embeddable":true,"href":"https:\/\/www.legimi.pl\/blog\/wp-json\/wp\/v2\/users\/21"}],"replies":[{"embeddable":true,"href":"https:\/\/www.legimi.pl\/blog\/wp-json\/wp\/v2\/comments?post=3991"}],"version-history":[{"count":1,"href":"https:\/\/www.legimi.pl\/blog\/wp-json\/wp\/v2\/posts\/3991\/revisions"}],"predecessor-version":[{"id":3992,"href":"https:\/\/www.legimi.pl\/blog\/wp-json\/wp\/v2\/posts\/3991\/revisions\/3992"}],"wp:attachment":[{"href":"https:\/\/www.legimi.pl\/blog\/wp-json\/wp\/v2\/media?parent=3991"}],"wp:term":[{"taxonomy":"category","embeddable":true,"href":"https:\/\/www.legimi.pl\/blog\/wp-json\/wp\/v2\/categories?post=3991"},{"taxonomy":"post_tag","embeddable":true,"href":"https:\/\/www.legimi.pl\/blog\/wp-json\/wp\/v2\/tags?post=3991"}],"curies":[{"name":"wp","href":"https:\/\/api.w.org\/{rel}","templated":true}]}}