{"id":3955,"date":"2020-03-04T15:48:23","date_gmt":"2020-03-04T14:48:23","guid":{"rendered":"https:\/\/blog.legimi.pl\/?p=3955"},"modified":"2020-03-04T09:43:07","modified_gmt":"2020-03-04T08:43:07","slug":"bezpieczna-przystan-recenzja-miejsca-dla-nas-fatimy-mirzy","status":"publish","type":"post","link":"https:\/\/www.legimi.pl\/blog\/2020\/03\/bezpieczna-przystan-recenzja-miejsca-dla-nas-fatimy-mirzy\/","title":{"rendered":"Bezpieczna przysta\u0144? Recenzja &#8222;Miejsca dla nas&#8221; Fatimy Mirzy."},"content":{"rendered":"\n<p>Do\u015bwiadczenie inno\u015bci i wykluczenia to temat ch\u0119tnie\neksplorowany w literaturze. W ci\u0105gle zmniejszaj\u0105cym si\u0119 \u015bwiecie istnieje wci\u0105\u017c\nwiele barier, kt\u00f3re nas dziel\u0105. Najgorzej, gdy te bariery spotykamy wewn\u0105trz\nw\u0142asnej rodziny. <\/p>\n\n\n\n<p>Fatima Farheen Mirza zaprasza nas do \u015bwiata indyjskiej\nrodziny muzu\u0142man\u00f3w \u017cyj\u0105cych w Kalifornii. Najstarsza c\u00f3rka Rafika i Layli\nwychodzi za m\u0105\u017c. W przeciwie\u0144stwie do swoich rodzic\u00f3w \u2013 ma\u0142\u017ce\u0144stwo Hadii nie\njest aran\u017cowane. Jednak to nie pierwszy wy\u0142om w tradycyjnym podej\u015bciu. <\/p>\n\n\n\n<p>Mirza opowiada o rodzinie, w kt\u00f3rej mi\u0142o\u015b\u0107, poczucie\nobowi\u0105zku, to\u017csamo\u015b\u0107 mieszaj\u0105 si\u0119, przenikaj\u0105, a czasami wykluczaj\u0105. Ka\u017cdy z\nbohater\u00f3w pr\u00f3buje znale\u017a\u0107 swoje miejsce w \u015bwiecie i ustali\u0107, gdzie jest\n\u201emiejsce dla nas\u201d. S\u0105 migrantami, Hindusami, muzu\u0142manami, Amerykanami. Chodz\u0105\ndo meczetu, pracuj\u0105, ucz\u0105 si\u0119, \u017cyj\u0105 w spo\u0142eczno\u015bci.<\/p>\n\n\n\n<p>Rodzina zawieszona jest mi\u0119dzy dwoma kulturami \u2013 muzu\u0142ma\u0144skiej\ni ameryka\u0144skiej. Sztywne nakazy religijne spotykaj\u0105 si\u0119 z liberalnym\notoczeniem. Dla Rafika i Layli \u015bwiat wydaje si\u0119 prostszy, nie kwestionuj\u0105\nswojej wiary czy przekona\u0144. Je\u015bli co\u015b jest haram, to jest zakazane. Je\u015bli co\u015b\njest halal, to nale\u017cy to czyni\u0107. \u017byj\u0105 w podobnej spo\u0142eczno\u015bci kalifornijskich\nmuzu\u0142man\u00f3w i licz\u0105 na to, \u017ce ich dzieci r\u00f3wnie\u017c b\u0119d\u0105 podporz\u0105dkowywa\u0107 si\u0119 tym\nnakazom. <\/p>\n\n\n\n<p>Ka\u017cde z dzieci \u2013 Hadia, Huda i Amar, inaczej podchodzi\nzar\u00f3wno do religii jak i jej znaczenia w \u017cyciu codziennym. Ka\u017cde na sw\u00f3j spos\u00f3b\nbuntuje si\u0119. Hadia mimo, \u017ce jest c\u00f3rk\u0105, wybiera drog\u0119 edukacji i samodzielnego\n\u017cycia. Podobnie Huda, kt\u00f3ra r\u00f3wnie\u017c kszta\u0142ci si\u0119, ale pozwala rodzicom na\nzaaran\u017cowanie swojego ma\u0142\u017ce\u0144stwa. Na ca\u0142kowity bunt decyduje si\u0119 Amar. <\/p>\n\n\n\n<p>Przez d\u0142ugi czas niemym bohaterem ksi\u0105\u017cki jest Rafik,\nojciec. Srogi i surowy, ale kochaj\u0105cy swoje dzieci. Staraj\u0105cy si\u0119 obdarzy\u0107 je\nmi\u0142o\u015bci\u0105 nie tylko swoj\u0105, ale r\u00f3wnie\u017c zaszczepi\u0107 im mi\u0142o\u015b\u0107 do religii.\nNajtrudniej jego relacje uk\u0142adaj\u0105 si\u0119 z Amarem. Ojciec nie mo\u017ce zrozumie\u0107\ndlaczego jego syn tak oddala si\u0119 od rodziny i boga. Mirza z nieukrywan\u0105\nczu\u0142o\u015bci\u0105 portretuje ojca, ale nie umniejsza jego wad. Trudny charakter, kt\u00f3ry\ndopiero po pojawieniu si\u0119 wnuk\u00f3w \u0142agodnieje, nie pozawala na zrozumienie syna.\nA Amarowi zale\u017cy tylko na akceptacji ojca. <\/p>\n\n\n\n<p>Bycie rozdartym mi\u0119dzy tradycj\u0105, obowi\u0105zkiem, religi\u0105, a\npragnieniami, mi\u0142o\u015bci\u0105 i samospe\u0142nieniem. Amar nie rozumie, co to znaczy by\u0107\nmuzu\u0142maninem, skoro nie pozwala mu to na realizacj\u0119 marze\u0144. Dla Rafika to\nwyst\u0105pienie przeciwko rodzinie i tradycji, mimo mi\u0142o\u015bci do syna, nie potrafi\nznale\u017a\u0107 z nim p\u0142aszczyzny porozumienia. <\/p>\n\n\n\n<p>Uda\u0142o si\u0119 Mirzie w konwencji powie\u015bci obyczajowej\nopowiedzie\u0107 trudn\u0105 i z\u0142o\u017con\u0105 histori\u0119 o przenikaj\u0105cych si\u0119 kulturach i &nbsp;to\u017csamo\u015bciach. Mirza stawia uniwersalne\npytania o rodzin\u0119 \u2013 gdzie ko\u0144czy si\u0119 ambicja rodzic\u00f3w, a zaczyna dzieci. Czy\nrodzice mog\u0105 wymaga\u0107 pod\u0105\u017cania t\u0105 sam\u0105 drog\u0105? Czy mog\u0105 pozwoli\u0107 na rozpocz\u0119cie\nswoje \u017cycia i znalezienie swojego miejsca? <\/p>\n\n\n\n<p>Na pewne pytania odpowiedzi przychodz\u0105 za p\u00f3\u017ano, nie ka\u017cd\u0105 decyzj\u0119 mo\u017cna cofn\u0105\u0107, a czas nie zawsze leczy rany. <\/p>\n\n\n\n<pre class=\"wp-block-preformatted\">Fatima Farheen Mirza\n\"Miejsce dla nas\" \nt\u0142um.  Mateusz Grzywa  <\/pre>\n\n\n\n<p><a href=\"https:\/\/www.legimi.pl\/ebook-miejsce-dla-nas-fatima-farheen-mirza,b492561.html\">Ksi\u0105\u017ck\u0119 mo\u017cna przeczyta\u0107 w ramach subskrypcji Legimi. <\/a><\/p>\n","protected":false},"excerpt":{"rendered":"<p>Mirza opowiada o rodzinie, w kt\u00f3rej mi\u0142o\u015b\u0107, poczucie obowi\u0105zku, to\u017csamo\u015b\u0107 mieszaj\u0105 si\u0119, przenikaj\u0105, a czasami wykluczaj\u0105. Ka\u017cdy z bohater\u00f3w pr\u00f3buje znale\u017a\u0107 swoje miejsce w \u015bwiecie i ustali\u0107, gdzie jest \u201emiejsce dla nas\u201d. S\u0105 migrantami, Hindusami, muzu\u0142manami, Amerykanami. Chodz\u0105 do meczetu, pracuj\u0105, ucz\u0105 si\u0119, \u017cyj\u0105 w spo\u0142eczno\u015bci.<\/p>\n","protected":false},"author":55,"featured_media":0,"comment_status":"closed","ping_status":"closed","sticky":false,"template":"","format":"standard","meta":{"footnotes":""},"categories":[4659],"tags":[5013,5016,5015],"class_list":["post-3955","post","type-post","status-publish","format-standard","hentry","category-recenzje","tag-fatima-mirza","tag-literatura-obyczajowa","tag-wydawnictwo-niezwykle"],"yoast_head":"<!-- This site is optimized with the Yoast SEO plugin v27.4 - https:\/\/yoast.com\/product\/yoast-seo-wordpress\/ -->\n<title>Bezpieczna przysta\u0144? Recenzja &quot;Miejsca dla nas&quot; Fatimy Mirzy. - Legimi - blog<\/title>\n<meta name=\"description\" content=\"Mirza opowiada o rodzinie, w kt\u00f3rej mi\u0142o\u015b\u0107, poczucie obowi\u0105zku, to\u017csamo\u015b\u0107 mieszaj\u0105 si\u0119, przenikaj\u0105, a czasami wykluczaj\u0105. Ka\u017cdy z bohater\u00f3w pr\u00f3buje znale\u017a\u0107 swoje miejsce w \u015bwiecie i ustali\u0107, gdzie jest \u201emiejsce dla nas\u201d.\" \/>\n<meta name=\"robots\" content=\"index, follow, max-snippet:-1, max-image-preview:large, max-video-preview:-1\" \/>\n<link rel=\"canonical\" href=\"https:\/\/www.legimi.pl\/blog\/2020\/03\/bezpieczna-przystan-recenzja-miejsca-dla-nas-fatimy-mirzy\/\" \/>\n<meta property=\"og:locale\" content=\"pl_PL\" \/>\n<meta property=\"og:type\" content=\"article\" \/>\n<meta property=\"og:title\" content=\"Bezpieczna przysta\u0144? Recenzja &quot;Miejsca dla nas&quot; Fatimy Mirzy. - Legimi - blog\" \/>\n<meta property=\"og:description\" content=\"Mirza opowiada o rodzinie, w kt\u00f3rej mi\u0142o\u015b\u0107, poczucie obowi\u0105zku, to\u017csamo\u015b\u0107 mieszaj\u0105 si\u0119, przenikaj\u0105, a czasami wykluczaj\u0105. Ka\u017cdy z bohater\u00f3w pr\u00f3buje znale\u017a\u0107 swoje miejsce w \u015bwiecie i ustali\u0107, gdzie jest \u201emiejsce dla nas\u201d.\" \/>\n<meta property=\"og:url\" content=\"https:\/\/www.legimi.pl\/blog\/2020\/03\/bezpieczna-przystan-recenzja-miejsca-dla-nas-fatimy-mirzy\/\" \/>\n<meta property=\"og:site_name\" content=\"Legimi - blog\" \/>\n<meta property=\"article:published_time\" content=\"2020-03-04T14:48:23+00:00\" \/>\n<meta name=\"author\" content=\"Mateusz Woli\u0144ski\" \/>\n<meta name=\"twitter:card\" content=\"summary_large_image\" \/>\n<meta name=\"twitter:label1\" content=\"Napisane przez\" \/>\n\t<meta name=\"twitter:data1\" content=\"Mateusz Woli\u0144ski\" \/>\n\t<meta name=\"twitter:label2\" content=\"Szacowany czas czytania\" \/>\n\t<meta name=\"twitter:data2\" content=\"3 minuty\" \/>\n<script type=\"application\/ld+json\" class=\"yoast-schema-graph\">{\"@context\":\"https:\\\/\\\/schema.org\",\"@graph\":[{\"@type\":\"Article\",\"@id\":\"https:\\\/\\\/www.legimi.pl\\\/blog\\\/2020\\\/03\\\/bezpieczna-przystan-recenzja-miejsca-dla-nas-fatimy-mirzy\\\/#article\",\"isPartOf\":{\"@id\":\"https:\\\/\\\/www.legimi.pl\\\/blog\\\/2020\\\/03\\\/bezpieczna-przystan-recenzja-miejsca-dla-nas-fatimy-mirzy\\\/\"},\"author\":{\"name\":\"Mateusz Woli\u0144ski\",\"@id\":\"https:\\\/\\\/www.legimi.pl\\\/blog\\\/#\\\/schema\\\/person\\\/b7877a9335d644fbc71fae9a5db4db22\"},\"headline\":\"Bezpieczna przysta\u0144? Recenzja &#8222;Miejsca dla nas&#8221; Fatimy Mirzy.\",\"datePublished\":\"2020-03-04T14:48:23+00:00\",\"mainEntityOfPage\":{\"@id\":\"https:\\\/\\\/www.legimi.pl\\\/blog\\\/2020\\\/03\\\/bezpieczna-przystan-recenzja-miejsca-dla-nas-fatimy-mirzy\\\/\"},\"wordCount\":547,\"keywords\":[\"fatima mirza\",\"literatura obyczajowa\",\"wydawnictwo niezwyk\u0142e\"],\"articleSection\":[\"Recenzje\"],\"inLanguage\":\"pl-PL\"},{\"@type\":\"WebPage\",\"@id\":\"https:\\\/\\\/www.legimi.pl\\\/blog\\\/2020\\\/03\\\/bezpieczna-przystan-recenzja-miejsca-dla-nas-fatimy-mirzy\\\/\",\"url\":\"https:\\\/\\\/www.legimi.pl\\\/blog\\\/2020\\\/03\\\/bezpieczna-przystan-recenzja-miejsca-dla-nas-fatimy-mirzy\\\/\",\"name\":\"Bezpieczna przysta\u0144? Recenzja \\\"Miejsca dla nas\\\" Fatimy Mirzy. - Legimi - blog\",\"isPartOf\":{\"@id\":\"https:\\\/\\\/www.legimi.pl\\\/blog\\\/#website\"},\"datePublished\":\"2020-03-04T14:48:23+00:00\",\"author\":{\"@id\":\"https:\\\/\\\/www.legimi.pl\\\/blog\\\/#\\\/schema\\\/person\\\/b7877a9335d644fbc71fae9a5db4db22\"},\"description\":\"Mirza opowiada o rodzinie, w kt\u00f3rej mi\u0142o\u015b\u0107, poczucie obowi\u0105zku, to\u017csamo\u015b\u0107 mieszaj\u0105 si\u0119, przenikaj\u0105, a czasami wykluczaj\u0105. Ka\u017cdy z bohater\u00f3w pr\u00f3buje znale\u017a\u0107 swoje miejsce w \u015bwiecie i ustali\u0107, gdzie jest \u201emiejsce dla nas\u201d.\",\"breadcrumb\":{\"@id\":\"https:\\\/\\\/www.legimi.pl\\\/blog\\\/2020\\\/03\\\/bezpieczna-przystan-recenzja-miejsca-dla-nas-fatimy-mirzy\\\/#breadcrumb\"},\"inLanguage\":\"pl-PL\",\"potentialAction\":[{\"@type\":\"ReadAction\",\"target\":[\"https:\\\/\\\/www.legimi.pl\\\/blog\\\/2020\\\/03\\\/bezpieczna-przystan-recenzja-miejsca-dla-nas-fatimy-mirzy\\\/\"]}]},{\"@type\":\"BreadcrumbList\",\"@id\":\"https:\\\/\\\/www.legimi.pl\\\/blog\\\/2020\\\/03\\\/bezpieczna-przystan-recenzja-miejsca-dla-nas-fatimy-mirzy\\\/#breadcrumb\",\"itemListElement\":[{\"@type\":\"ListItem\",\"position\":1,\"name\":\"Home\",\"item\":\"https:\\\/\\\/www.legimi.pl\\\/blog\\\/\"},{\"@type\":\"ListItem\",\"position\":2,\"name\":\"Bezpieczna przysta\u0144? Recenzja &#8222;Miejsca dla nas&#8221; Fatimy Mirzy.\"}]},{\"@type\":\"WebSite\",\"@id\":\"https:\\\/\\\/www.legimi.pl\\\/blog\\\/#website\",\"url\":\"https:\\\/\\\/www.legimi.pl\\\/blog\\\/\",\"name\":\"Legimi - blog\",\"description\":\"\",\"potentialAction\":[{\"@type\":\"SearchAction\",\"target\":{\"@type\":\"EntryPoint\",\"urlTemplate\":\"https:\\\/\\\/www.legimi.pl\\\/blog\\\/?s={search_term_string}\"},\"query-input\":{\"@type\":\"PropertyValueSpecification\",\"valueRequired\":true,\"valueName\":\"search_term_string\"}}],\"inLanguage\":\"pl-PL\"},{\"@type\":\"Person\",\"@id\":\"https:\\\/\\\/www.legimi.pl\\\/blog\\\/#\\\/schema\\\/person\\\/b7877a9335d644fbc71fae9a5db4db22\",\"name\":\"Mateusz Woli\u0144ski\",\"image\":{\"@type\":\"ImageObject\",\"inLanguage\":\"pl-PL\",\"@id\":\"https:\\\/\\\/secure.gravatar.com\\\/avatar\\\/3c4430a086986b8e1982571aff8c10c3dbf1bf5089262ccc250327bad61e05f7?s=96&d=mm&r=g\",\"url\":\"https:\\\/\\\/secure.gravatar.com\\\/avatar\\\/3c4430a086986b8e1982571aff8c10c3dbf1bf5089262ccc250327bad61e05f7?s=96&d=mm&r=g\",\"contentUrl\":\"https:\\\/\\\/secure.gravatar.com\\\/avatar\\\/3c4430a086986b8e1982571aff8c10c3dbf1bf5089262ccc250327bad61e05f7?s=96&d=mm&r=g\",\"caption\":\"Mateusz Woli\u0144ski\"},\"url\":\"https:\\\/\\\/www.legimi.pl\\\/blog\\\/author\\\/mateusz-wolinski\\\/\"}]}<\/script>\n<!-- \/ Yoast SEO plugin. -->","yoast_head_json":{"title":"Bezpieczna przysta\u0144? Recenzja \"Miejsca dla nas\" Fatimy Mirzy. - Legimi - blog","description":"Mirza opowiada o rodzinie, w kt\u00f3rej mi\u0142o\u015b\u0107, poczucie obowi\u0105zku, to\u017csamo\u015b\u0107 mieszaj\u0105 si\u0119, przenikaj\u0105, a czasami wykluczaj\u0105. Ka\u017cdy z bohater\u00f3w pr\u00f3buje znale\u017a\u0107 swoje miejsce w \u015bwiecie i ustali\u0107, gdzie jest \u201emiejsce dla nas\u201d.","robots":{"index":"index","follow":"follow","max-snippet":"max-snippet:-1","max-image-preview":"max-image-preview:large","max-video-preview":"max-video-preview:-1"},"canonical":"https:\/\/www.legimi.pl\/blog\/2020\/03\/bezpieczna-przystan-recenzja-miejsca-dla-nas-fatimy-mirzy\/","og_locale":"pl_PL","og_type":"article","og_title":"Bezpieczna przysta\u0144? Recenzja \"Miejsca dla nas\" Fatimy Mirzy. - Legimi - blog","og_description":"Mirza opowiada o rodzinie, w kt\u00f3rej mi\u0142o\u015b\u0107, poczucie obowi\u0105zku, to\u017csamo\u015b\u0107 mieszaj\u0105 si\u0119, przenikaj\u0105, a czasami wykluczaj\u0105. Ka\u017cdy z bohater\u00f3w pr\u00f3buje znale\u017a\u0107 swoje miejsce w \u015bwiecie i ustali\u0107, gdzie jest \u201emiejsce dla nas\u201d.","og_url":"https:\/\/www.legimi.pl\/blog\/2020\/03\/bezpieczna-przystan-recenzja-miejsca-dla-nas-fatimy-mirzy\/","og_site_name":"Legimi - blog","article_published_time":"2020-03-04T14:48:23+00:00","author":"Mateusz Woli\u0144ski","twitter_card":"summary_large_image","twitter_misc":{"Napisane przez":"Mateusz Woli\u0144ski","Szacowany czas czytania":"3 minuty"},"schema":{"@context":"https:\/\/schema.org","@graph":[{"@type":"Article","@id":"https:\/\/www.legimi.pl\/blog\/2020\/03\/bezpieczna-przystan-recenzja-miejsca-dla-nas-fatimy-mirzy\/#article","isPartOf":{"@id":"https:\/\/www.legimi.pl\/blog\/2020\/03\/bezpieczna-przystan-recenzja-miejsca-dla-nas-fatimy-mirzy\/"},"author":{"name":"Mateusz Woli\u0144ski","@id":"https:\/\/www.legimi.pl\/blog\/#\/schema\/person\/b7877a9335d644fbc71fae9a5db4db22"},"headline":"Bezpieczna przysta\u0144? Recenzja &#8222;Miejsca dla nas&#8221; Fatimy Mirzy.","datePublished":"2020-03-04T14:48:23+00:00","mainEntityOfPage":{"@id":"https:\/\/www.legimi.pl\/blog\/2020\/03\/bezpieczna-przystan-recenzja-miejsca-dla-nas-fatimy-mirzy\/"},"wordCount":547,"keywords":["fatima mirza","literatura obyczajowa","wydawnictwo niezwyk\u0142e"],"articleSection":["Recenzje"],"inLanguage":"pl-PL"},{"@type":"WebPage","@id":"https:\/\/www.legimi.pl\/blog\/2020\/03\/bezpieczna-przystan-recenzja-miejsca-dla-nas-fatimy-mirzy\/","url":"https:\/\/www.legimi.pl\/blog\/2020\/03\/bezpieczna-przystan-recenzja-miejsca-dla-nas-fatimy-mirzy\/","name":"Bezpieczna przysta\u0144? Recenzja \"Miejsca dla nas\" Fatimy Mirzy. - Legimi - blog","isPartOf":{"@id":"https:\/\/www.legimi.pl\/blog\/#website"},"datePublished":"2020-03-04T14:48:23+00:00","author":{"@id":"https:\/\/www.legimi.pl\/blog\/#\/schema\/person\/b7877a9335d644fbc71fae9a5db4db22"},"description":"Mirza opowiada o rodzinie, w kt\u00f3rej mi\u0142o\u015b\u0107, poczucie obowi\u0105zku, to\u017csamo\u015b\u0107 mieszaj\u0105 si\u0119, przenikaj\u0105, a czasami wykluczaj\u0105. Ka\u017cdy z bohater\u00f3w pr\u00f3buje znale\u017a\u0107 swoje miejsce w \u015bwiecie i ustali\u0107, gdzie jest \u201emiejsce dla nas\u201d.","breadcrumb":{"@id":"https:\/\/www.legimi.pl\/blog\/2020\/03\/bezpieczna-przystan-recenzja-miejsca-dla-nas-fatimy-mirzy\/#breadcrumb"},"inLanguage":"pl-PL","potentialAction":[{"@type":"ReadAction","target":["https:\/\/www.legimi.pl\/blog\/2020\/03\/bezpieczna-przystan-recenzja-miejsca-dla-nas-fatimy-mirzy\/"]}]},{"@type":"BreadcrumbList","@id":"https:\/\/www.legimi.pl\/blog\/2020\/03\/bezpieczna-przystan-recenzja-miejsca-dla-nas-fatimy-mirzy\/#breadcrumb","itemListElement":[{"@type":"ListItem","position":1,"name":"Home","item":"https:\/\/www.legimi.pl\/blog\/"},{"@type":"ListItem","position":2,"name":"Bezpieczna przysta\u0144? Recenzja &#8222;Miejsca dla nas&#8221; Fatimy Mirzy."}]},{"@type":"WebSite","@id":"https:\/\/www.legimi.pl\/blog\/#website","url":"https:\/\/www.legimi.pl\/blog\/","name":"Legimi - blog","description":"","potentialAction":[{"@type":"SearchAction","target":{"@type":"EntryPoint","urlTemplate":"https:\/\/www.legimi.pl\/blog\/?s={search_term_string}"},"query-input":{"@type":"PropertyValueSpecification","valueRequired":true,"valueName":"search_term_string"}}],"inLanguage":"pl-PL"},{"@type":"Person","@id":"https:\/\/www.legimi.pl\/blog\/#\/schema\/person\/b7877a9335d644fbc71fae9a5db4db22","name":"Mateusz Woli\u0144ski","image":{"@type":"ImageObject","inLanguage":"pl-PL","@id":"https:\/\/secure.gravatar.com\/avatar\/3c4430a086986b8e1982571aff8c10c3dbf1bf5089262ccc250327bad61e05f7?s=96&d=mm&r=g","url":"https:\/\/secure.gravatar.com\/avatar\/3c4430a086986b8e1982571aff8c10c3dbf1bf5089262ccc250327bad61e05f7?s=96&d=mm&r=g","contentUrl":"https:\/\/secure.gravatar.com\/avatar\/3c4430a086986b8e1982571aff8c10c3dbf1bf5089262ccc250327bad61e05f7?s=96&d=mm&r=g","caption":"Mateusz Woli\u0144ski"},"url":"https:\/\/www.legimi.pl\/blog\/author\/mateusz-wolinski\/"}]}},"_links":{"self":[{"href":"https:\/\/www.legimi.pl\/blog\/wp-json\/wp\/v2\/posts\/3955","targetHints":{"allow":["GET"]}}],"collection":[{"href":"https:\/\/www.legimi.pl\/blog\/wp-json\/wp\/v2\/posts"}],"about":[{"href":"https:\/\/www.legimi.pl\/blog\/wp-json\/wp\/v2\/types\/post"}],"author":[{"embeddable":true,"href":"https:\/\/www.legimi.pl\/blog\/wp-json\/wp\/v2\/users\/55"}],"replies":[{"embeddable":true,"href":"https:\/\/www.legimi.pl\/blog\/wp-json\/wp\/v2\/comments?post=3955"}],"version-history":[{"count":2,"href":"https:\/\/www.legimi.pl\/blog\/wp-json\/wp\/v2\/posts\/3955\/revisions"}],"predecessor-version":[{"id":3957,"href":"https:\/\/www.legimi.pl\/blog\/wp-json\/wp\/v2\/posts\/3955\/revisions\/3957"}],"wp:attachment":[{"href":"https:\/\/www.legimi.pl\/blog\/wp-json\/wp\/v2\/media?parent=3955"}],"wp:term":[{"taxonomy":"category","embeddable":true,"href":"https:\/\/www.legimi.pl\/blog\/wp-json\/wp\/v2\/categories?post=3955"},{"taxonomy":"post_tag","embeddable":true,"href":"https:\/\/www.legimi.pl\/blog\/wp-json\/wp\/v2\/tags?post=3955"}],"curies":[{"name":"wp","href":"https:\/\/api.w.org\/{rel}","templated":true}]}}