{"id":3916,"date":"2020-02-07T11:30:00","date_gmt":"2020-02-07T10:30:00","guid":{"rendered":"https:\/\/blog.legimi.pl\/?p=3916"},"modified":"2020-02-19T11:31:46","modified_gmt":"2020-02-19T10:31:46","slug":"o-albanii-rumunii-i-nie-tylko-czyli-malgorzata-rejmer-w-magazynie-prolog-79","status":"publish","type":"post","link":"https:\/\/www.legimi.pl\/blog\/2020\/02\/o-albanii-rumunii-i-nie-tylko-czyli-malgorzata-rejmer-w-magazynie-prolog-79\/","title":{"rendered":"O Albanii, Rumunii i nie tylko, czyli Ma\u0142gorzata Rejmer w Magazynie Prolog #79"},"content":{"rendered":"\n<p>W najnowszym odcinku spotkali\u015bmy si\u0119 jedn\u0105 z najciekawszych przedstawicielek polskiej szko\u0142y reporta\u017cu,\u00a0<a rel=\"noreferrer noopener\" href=\"https:\/\/www.legimi.pl\/autor\/malgorzata-rejmer,ad3166\/?utm_source=mail&amp;utm_medium=nwsl&amp;utm_campaign=nwsl_20200210&amp;goal=0_b49fd54a9d-007b0e7e68-&amp;mc_cid=007b0e7e68&amp;mc_eid=[UNIQID]\" target=\"_blank\">Ma\u0142gorzat\u0105 Rejmer<\/a>, autork\u0105 wy\u015bmienitych ksi\u0105\u017cek o Rumunii (<a href=\"https:\/\/www.legimi.pl\/ebook-bukareszt-kurz-i-krew-malgorzata-rejmer,b126878.html\">Bukareszt. Kurz i krew<\/a>) i Albanii (<a href=\"https:\/\/www.legimi.pl\/ebook-bloto-slodsze-niz-miod-glosy-komunistycznej-albanii-malgorzata-rejmer,b240165.html\">B\u0142oto s\u0142odsze ni\u017c mi\u00f3d. G\u0142osy komunistycznej Albanii<\/a>). Warto pos\u0142ucha\u0107, gdy kto\u015b tak ciekawie opowiada o krajach, kt\u00f3re ci\u0105gle, wiele lat po upadku re\u017cim\u00f3w Ceau\u0219escu i Hoxhy, naznaczone s\u0105 pi\u0119tnem tyranii.<\/p>\n\n\n\n<figure class=\"wp-block-embed-youtube wp-block-embed is-type-video is-provider-youtube wp-embed-aspect-16-9 wp-has-aspect-ratio\"><div class=\"wp-block-embed__wrapper\">\n<iframe loading=\"lazy\" title=\"Ma\u0142gorzata Rejmer | Ksi\u0105\u017cki z serii Sulina | #magazynProlog\" width=\"500\" height=\"281\" src=\"https:\/\/www.youtube.com\/embed\/-UEOmGjdMGk?feature=oembed\" frameborder=\"0\" allow=\"accelerometer; autoplay; clipboard-write; encrypted-media; gyroscope; picture-in-picture; web-share\" referrerpolicy=\"strict-origin-when-cross-origin\" allowfullscreen><\/iframe>\n<\/div><\/figure>\n","protected":false},"excerpt":{"rendered":"<p>W najnowszym odcinku spotkali\u015bmy si\u0119 jedn\u0105 z najciekawszych przedstawicielek polskiej szko\u0142y reporta\u017cu,\u00a0Ma\u0142gorzat\u0105 Rejmer, autork\u0105 wy\u015bmienitych ksi\u0105\u017cek o Rumunii (Bukareszt. Kurz i krew) i Albanii (B\u0142oto s\u0142odsze ni\u017c mi\u00f3d. G\u0142osy komunistycznej Albanii). Warto pos\u0142ucha\u0107, gdy kto\u015b tak ciekawie opowiada o krajach, kt\u00f3re ci\u0105gle, wiele lat po upadku re\u017cim\u00f3w Ceau\u0219escu i Hoxhy, naznaczone s\u0105 pi\u0119tnem tyranii.<\/p>\n","protected":false},"author":21,"featured_media":0,"comment_status":"closed","ping_status":"closed","sticky":false,"template":"","format":"standard","meta":{"footnotes":""},"categories":[4639],"tags":[4953,4952,4642,4951],"class_list":["post-3916","post","type-post","status-publish","format-standard","hentry","category-magazyn-prolog","tag-bloto-slodsze-niz-miod-glosy-komunistycznej-albanii","tag-bukareszt-kurz-i-krew","tag-magazyn-prolog","tag-malgorzata-rejmer"],"yoast_head":"<!-- This site is optimized with the Yoast SEO plugin v27.4 - https:\/\/yoast.com\/product\/yoast-seo-wordpress\/ -->\n<title>O Albanii, Rumunii i nie tylko, czyli Ma\u0142gorzata Rejmer w Magazynie Prolog #79 - Legimi - blog<\/title>\n<meta name=\"robots\" content=\"index, follow, max-snippet:-1, max-image-preview:large, max-video-preview:-1\" \/>\n<link rel=\"canonical\" href=\"https:\/\/www.legimi.pl\/blog\/2020\/02\/o-albanii-rumunii-i-nie-tylko-czyli-malgorzata-rejmer-w-magazynie-prolog-79\/\" \/>\n<meta property=\"og:locale\" content=\"pl_PL\" \/>\n<meta property=\"og:type\" content=\"article\" \/>\n<meta property=\"og:title\" content=\"O Albanii, Rumunii i nie tylko, czyli Ma\u0142gorzata Rejmer w Magazynie Prolog #79 - Legimi - blog\" \/>\n<meta property=\"og:description\" content=\"W najnowszym odcinku spotkali\u015bmy si\u0119 jedn\u0105 z najciekawszych przedstawicielek polskiej szko\u0142y reporta\u017cu,\u00a0Ma\u0142gorzat\u0105 Rejmer, autork\u0105 wy\u015bmienitych ksi\u0105\u017cek o Rumunii (Bukareszt. Kurz i krew) i Albanii (B\u0142oto s\u0142odsze ni\u017c mi\u00f3d. G\u0142osy komunistycznej Albanii). Warto pos\u0142ucha\u0107, gdy kto\u015b tak ciekawie opowiada o krajach, kt\u00f3re ci\u0105gle, wiele lat po upadku re\u017cim\u00f3w Ceau\u0219escu i Hoxhy, naznaczone s\u0105 pi\u0119tnem tyranii.\" \/>\n<meta property=\"og:url\" content=\"https:\/\/www.legimi.pl\/blog\/2020\/02\/o-albanii-rumunii-i-nie-tylko-czyli-malgorzata-rejmer-w-magazynie-prolog-79\/\" \/>\n<meta property=\"og:site_name\" content=\"Legimi - blog\" \/>\n<meta property=\"article:published_time\" content=\"2020-02-07T10:30:00+00:00\" \/>\n<meta property=\"article:modified_time\" content=\"2020-02-19T10:31:46+00:00\" \/>\n<meta name=\"author\" content=\"Artur Wasilewski\" \/>\n<meta name=\"twitter:card\" content=\"summary_large_image\" \/>\n<meta name=\"twitter:label1\" content=\"Napisane przez\" \/>\n\t<meta name=\"twitter:data1\" content=\"Artur Wasilewski\" \/>\n<script type=\"application\/ld+json\" class=\"yoast-schema-graph\">{\"@context\":\"https:\\\/\\\/schema.org\",\"@graph\":[{\"@type\":\"Article\",\"@id\":\"https:\\\/\\\/www.legimi.pl\\\/blog\\\/2020\\\/02\\\/o-albanii-rumunii-i-nie-tylko-czyli-malgorzata-rejmer-w-magazynie-prolog-79\\\/#article\",\"isPartOf\":{\"@id\":\"https:\\\/\\\/www.legimi.pl\\\/blog\\\/2020\\\/02\\\/o-albanii-rumunii-i-nie-tylko-czyli-malgorzata-rejmer-w-magazynie-prolog-79\\\/\"},\"author\":{\"name\":\"Artur Wasilewski\",\"@id\":\"https:\\\/\\\/www.legimi.pl\\\/blog\\\/#\\\/schema\\\/person\\\/013f97035ae1fdf973b8fd3776d7de1a\"},\"headline\":\"O Albanii, Rumunii i nie tylko, czyli Ma\u0142gorzata Rejmer w Magazynie Prolog #79\",\"datePublished\":\"2020-02-07T10:30:00+00:00\",\"dateModified\":\"2020-02-19T10:31:46+00:00\",\"mainEntityOfPage\":{\"@id\":\"https:\\\/\\\/www.legimi.pl\\\/blog\\\/2020\\\/02\\\/o-albanii-rumunii-i-nie-tylko-czyli-malgorzata-rejmer-w-magazynie-prolog-79\\\/\"},\"wordCount\":92,\"keywords\":[\"B\u0142oto s\u0142odsze ni\u017c mi\u00f3d. G\u0142osy komunistycznej Albanii\",\"Bukareszt. Kurz i krew\",\"magazyn Prolog\",\"Ma\u0142gorzata Rejmer\"],\"articleSection\":[\"Magazyn Prolog\"],\"inLanguage\":\"pl-PL\"},{\"@type\":\"WebPage\",\"@id\":\"https:\\\/\\\/www.legimi.pl\\\/blog\\\/2020\\\/02\\\/o-albanii-rumunii-i-nie-tylko-czyli-malgorzata-rejmer-w-magazynie-prolog-79\\\/\",\"url\":\"https:\\\/\\\/www.legimi.pl\\\/blog\\\/2020\\\/02\\\/o-albanii-rumunii-i-nie-tylko-czyli-malgorzata-rejmer-w-magazynie-prolog-79\\\/\",\"name\":\"O Albanii, Rumunii i nie tylko, czyli Ma\u0142gorzata Rejmer w Magazynie Prolog #79 - Legimi - blog\",\"isPartOf\":{\"@id\":\"https:\\\/\\\/www.legimi.pl\\\/blog\\\/#website\"},\"datePublished\":\"2020-02-07T10:30:00+00:00\",\"dateModified\":\"2020-02-19T10:31:46+00:00\",\"author\":{\"@id\":\"https:\\\/\\\/www.legimi.pl\\\/blog\\\/#\\\/schema\\\/person\\\/013f97035ae1fdf973b8fd3776d7de1a\"},\"breadcrumb\":{\"@id\":\"https:\\\/\\\/www.legimi.pl\\\/blog\\\/2020\\\/02\\\/o-albanii-rumunii-i-nie-tylko-czyli-malgorzata-rejmer-w-magazynie-prolog-79\\\/#breadcrumb\"},\"inLanguage\":\"pl-PL\",\"potentialAction\":[{\"@type\":\"ReadAction\",\"target\":[\"https:\\\/\\\/www.legimi.pl\\\/blog\\\/2020\\\/02\\\/o-albanii-rumunii-i-nie-tylko-czyli-malgorzata-rejmer-w-magazynie-prolog-79\\\/\"]}]},{\"@type\":\"BreadcrumbList\",\"@id\":\"https:\\\/\\\/www.legimi.pl\\\/blog\\\/2020\\\/02\\\/o-albanii-rumunii-i-nie-tylko-czyli-malgorzata-rejmer-w-magazynie-prolog-79\\\/#breadcrumb\",\"itemListElement\":[{\"@type\":\"ListItem\",\"position\":1,\"name\":\"Home\",\"item\":\"https:\\\/\\\/www.legimi.pl\\\/blog\\\/\"},{\"@type\":\"ListItem\",\"position\":2,\"name\":\"O Albanii, Rumunii i nie tylko, czyli Ma\u0142gorzata Rejmer w Magazynie Prolog #79\"}]},{\"@type\":\"WebSite\",\"@id\":\"https:\\\/\\\/www.legimi.pl\\\/blog\\\/#website\",\"url\":\"https:\\\/\\\/www.legimi.pl\\\/blog\\\/\",\"name\":\"Legimi - blog\",\"description\":\"\",\"potentialAction\":[{\"@type\":\"SearchAction\",\"target\":{\"@type\":\"EntryPoint\",\"urlTemplate\":\"https:\\\/\\\/www.legimi.pl\\\/blog\\\/?s={search_term_string}\"},\"query-input\":{\"@type\":\"PropertyValueSpecification\",\"valueRequired\":true,\"valueName\":\"search_term_string\"}}],\"inLanguage\":\"pl-PL\"},{\"@type\":\"Person\",\"@id\":\"https:\\\/\\\/www.legimi.pl\\\/blog\\\/#\\\/schema\\\/person\\\/013f97035ae1fdf973b8fd3776d7de1a\",\"name\":\"Artur Wasilewski\",\"image\":{\"@type\":\"ImageObject\",\"inLanguage\":\"pl-PL\",\"@id\":\"https:\\\/\\\/secure.gravatar.com\\\/avatar\\\/a2c5bd071e11cadcae62220148c518d2cf06b85487581b29f3ac49739c9b78e5?s=96&d=mm&r=g\",\"url\":\"https:\\\/\\\/secure.gravatar.com\\\/avatar\\\/a2c5bd071e11cadcae62220148c518d2cf06b85487581b29f3ac49739c9b78e5?s=96&d=mm&r=g\",\"contentUrl\":\"https:\\\/\\\/secure.gravatar.com\\\/avatar\\\/a2c5bd071e11cadcae62220148c518d2cf06b85487581b29f3ac49739c9b78e5?s=96&d=mm&r=g\",\"caption\":\"Artur Wasilewski\"},\"url\":\"https:\\\/\\\/www.legimi.pl\\\/blog\\\/author\\\/artur-wasilewski\\\/\"}]}<\/script>\n<!-- \/ Yoast SEO plugin. -->","yoast_head_json":{"title":"O Albanii, Rumunii i nie tylko, czyli Ma\u0142gorzata Rejmer w Magazynie Prolog #79 - Legimi - blog","robots":{"index":"index","follow":"follow","max-snippet":"max-snippet:-1","max-image-preview":"max-image-preview:large","max-video-preview":"max-video-preview:-1"},"canonical":"https:\/\/www.legimi.pl\/blog\/2020\/02\/o-albanii-rumunii-i-nie-tylko-czyli-malgorzata-rejmer-w-magazynie-prolog-79\/","og_locale":"pl_PL","og_type":"article","og_title":"O Albanii, Rumunii i nie tylko, czyli Ma\u0142gorzata Rejmer w Magazynie Prolog #79 - Legimi - blog","og_description":"W najnowszym odcinku spotkali\u015bmy si\u0119 jedn\u0105 z najciekawszych przedstawicielek polskiej szko\u0142y reporta\u017cu,\u00a0Ma\u0142gorzat\u0105 Rejmer, autork\u0105 wy\u015bmienitych ksi\u0105\u017cek o Rumunii (Bukareszt. Kurz i krew) i Albanii (B\u0142oto s\u0142odsze ni\u017c mi\u00f3d. G\u0142osy komunistycznej Albanii). Warto pos\u0142ucha\u0107, gdy kto\u015b tak ciekawie opowiada o krajach, kt\u00f3re ci\u0105gle, wiele lat po upadku re\u017cim\u00f3w Ceau\u0219escu i Hoxhy, naznaczone s\u0105 pi\u0119tnem tyranii.","og_url":"https:\/\/www.legimi.pl\/blog\/2020\/02\/o-albanii-rumunii-i-nie-tylko-czyli-malgorzata-rejmer-w-magazynie-prolog-79\/","og_site_name":"Legimi - blog","article_published_time":"2020-02-07T10:30:00+00:00","article_modified_time":"2020-02-19T10:31:46+00:00","author":"Artur Wasilewski","twitter_card":"summary_large_image","twitter_misc":{"Napisane przez":"Artur Wasilewski"},"schema":{"@context":"https:\/\/schema.org","@graph":[{"@type":"Article","@id":"https:\/\/www.legimi.pl\/blog\/2020\/02\/o-albanii-rumunii-i-nie-tylko-czyli-malgorzata-rejmer-w-magazynie-prolog-79\/#article","isPartOf":{"@id":"https:\/\/www.legimi.pl\/blog\/2020\/02\/o-albanii-rumunii-i-nie-tylko-czyli-malgorzata-rejmer-w-magazynie-prolog-79\/"},"author":{"name":"Artur Wasilewski","@id":"https:\/\/www.legimi.pl\/blog\/#\/schema\/person\/013f97035ae1fdf973b8fd3776d7de1a"},"headline":"O Albanii, Rumunii i nie tylko, czyli Ma\u0142gorzata Rejmer w Magazynie Prolog #79","datePublished":"2020-02-07T10:30:00+00:00","dateModified":"2020-02-19T10:31:46+00:00","mainEntityOfPage":{"@id":"https:\/\/www.legimi.pl\/blog\/2020\/02\/o-albanii-rumunii-i-nie-tylko-czyli-malgorzata-rejmer-w-magazynie-prolog-79\/"},"wordCount":92,"keywords":["B\u0142oto s\u0142odsze ni\u017c mi\u00f3d. G\u0142osy komunistycznej Albanii","Bukareszt. Kurz i krew","magazyn Prolog","Ma\u0142gorzata Rejmer"],"articleSection":["Magazyn Prolog"],"inLanguage":"pl-PL"},{"@type":"WebPage","@id":"https:\/\/www.legimi.pl\/blog\/2020\/02\/o-albanii-rumunii-i-nie-tylko-czyli-malgorzata-rejmer-w-magazynie-prolog-79\/","url":"https:\/\/www.legimi.pl\/blog\/2020\/02\/o-albanii-rumunii-i-nie-tylko-czyli-malgorzata-rejmer-w-magazynie-prolog-79\/","name":"O Albanii, Rumunii i nie tylko, czyli Ma\u0142gorzata Rejmer w Magazynie Prolog #79 - Legimi - blog","isPartOf":{"@id":"https:\/\/www.legimi.pl\/blog\/#website"},"datePublished":"2020-02-07T10:30:00+00:00","dateModified":"2020-02-19T10:31:46+00:00","author":{"@id":"https:\/\/www.legimi.pl\/blog\/#\/schema\/person\/013f97035ae1fdf973b8fd3776d7de1a"},"breadcrumb":{"@id":"https:\/\/www.legimi.pl\/blog\/2020\/02\/o-albanii-rumunii-i-nie-tylko-czyli-malgorzata-rejmer-w-magazynie-prolog-79\/#breadcrumb"},"inLanguage":"pl-PL","potentialAction":[{"@type":"ReadAction","target":["https:\/\/www.legimi.pl\/blog\/2020\/02\/o-albanii-rumunii-i-nie-tylko-czyli-malgorzata-rejmer-w-magazynie-prolog-79\/"]}]},{"@type":"BreadcrumbList","@id":"https:\/\/www.legimi.pl\/blog\/2020\/02\/o-albanii-rumunii-i-nie-tylko-czyli-malgorzata-rejmer-w-magazynie-prolog-79\/#breadcrumb","itemListElement":[{"@type":"ListItem","position":1,"name":"Home","item":"https:\/\/www.legimi.pl\/blog\/"},{"@type":"ListItem","position":2,"name":"O Albanii, Rumunii i nie tylko, czyli Ma\u0142gorzata Rejmer w Magazynie Prolog #79"}]},{"@type":"WebSite","@id":"https:\/\/www.legimi.pl\/blog\/#website","url":"https:\/\/www.legimi.pl\/blog\/","name":"Legimi - blog","description":"","potentialAction":[{"@type":"SearchAction","target":{"@type":"EntryPoint","urlTemplate":"https:\/\/www.legimi.pl\/blog\/?s={search_term_string}"},"query-input":{"@type":"PropertyValueSpecification","valueRequired":true,"valueName":"search_term_string"}}],"inLanguage":"pl-PL"},{"@type":"Person","@id":"https:\/\/www.legimi.pl\/blog\/#\/schema\/person\/013f97035ae1fdf973b8fd3776d7de1a","name":"Artur Wasilewski","image":{"@type":"ImageObject","inLanguage":"pl-PL","@id":"https:\/\/secure.gravatar.com\/avatar\/a2c5bd071e11cadcae62220148c518d2cf06b85487581b29f3ac49739c9b78e5?s=96&d=mm&r=g","url":"https:\/\/secure.gravatar.com\/avatar\/a2c5bd071e11cadcae62220148c518d2cf06b85487581b29f3ac49739c9b78e5?s=96&d=mm&r=g","contentUrl":"https:\/\/secure.gravatar.com\/avatar\/a2c5bd071e11cadcae62220148c518d2cf06b85487581b29f3ac49739c9b78e5?s=96&d=mm&r=g","caption":"Artur Wasilewski"},"url":"https:\/\/www.legimi.pl\/blog\/author\/artur-wasilewski\/"}]}},"_links":{"self":[{"href":"https:\/\/www.legimi.pl\/blog\/wp-json\/wp\/v2\/posts\/3916","targetHints":{"allow":["GET"]}}],"collection":[{"href":"https:\/\/www.legimi.pl\/blog\/wp-json\/wp\/v2\/posts"}],"about":[{"href":"https:\/\/www.legimi.pl\/blog\/wp-json\/wp\/v2\/types\/post"}],"author":[{"embeddable":true,"href":"https:\/\/www.legimi.pl\/blog\/wp-json\/wp\/v2\/users\/21"}],"replies":[{"embeddable":true,"href":"https:\/\/www.legimi.pl\/blog\/wp-json\/wp\/v2\/comments?post=3916"}],"version-history":[{"count":1,"href":"https:\/\/www.legimi.pl\/blog\/wp-json\/wp\/v2\/posts\/3916\/revisions"}],"predecessor-version":[{"id":3917,"href":"https:\/\/www.legimi.pl\/blog\/wp-json\/wp\/v2\/posts\/3916\/revisions\/3917"}],"wp:attachment":[{"href":"https:\/\/www.legimi.pl\/blog\/wp-json\/wp\/v2\/media?parent=3916"}],"wp:term":[{"taxonomy":"category","embeddable":true,"href":"https:\/\/www.legimi.pl\/blog\/wp-json\/wp\/v2\/categories?post=3916"},{"taxonomy":"post_tag","embeddable":true,"href":"https:\/\/www.legimi.pl\/blog\/wp-json\/wp\/v2\/tags?post=3916"}],"curies":[{"name":"wp","href":"https:\/\/api.w.org\/{rel}","templated":true}]}}