{"id":3785,"date":"2019-11-26T15:23:33","date_gmt":"2019-11-26T14:23:33","guid":{"rendered":"https:\/\/blog.legimi.pl\/?p=3785"},"modified":"2019-11-26T15:23:33","modified_gmt":"2019-11-26T14:23:33","slug":"cezary-lazarewicz-gosciem-magazynu-prolog-68","status":"publish","type":"post","link":"https:\/\/www.legimi.pl\/blog\/2019\/11\/cezary-lazarewicz-gosciem-magazynu-prolog-68\/","title":{"rendered":"Cezary \u0141azarewicz go\u015bciem magazynu Prolog #68"},"content":{"rendered":"<p>Cezary \u0141azarewicz trudnych temat\u00f3w si\u0119 nie boi. Udowodni\u0142 to\u00a0cho\u0107by nagrodzon\u0105 NIKE ksi\u0105\u017ck\u0105\u00a0<a href=\"https:\/\/www.legimi.pl\/ebook-zeby-nie-bylo-sladow-sprawa-grzegorza-przemyka-cezary-lazarewicz,b133213.html\">\u017beby nie by\u0142o \u015blad\u00f3w. Sprawa Grzegorza Przemyka<\/a>. Tym razem przybli\u017ca posta\u0107\u00a0w\u00a0zasadzie do niedawna ma\u0142o\u00a0znan\u0105, a mianowicie Janusza Walusia.\u00a0Cz\u0142owieka, kt\u00f3ry w 1993 r. zamordowa\u0142 Chrisa Haniego, jednego\u00a0z lider\u00f3w Po\u0142udniowoafryka\u0144skiej Partii Komunistycznej. Walu\u015b do dzi\u015b odsiaduje wyrok w afryka\u0144skim wi\u0119zieniu, a\u00a0<a href=\"https:\/\/www.legimi.pl\/ebook-nic-osobistego-sprawa-janusza-walusia-cezary-lazarewicz,b377833.html\">Nic osobistego. Sprawa Janusza Walusia<\/a> to pierwsza tak dog\u0142\u0119bna analiza samego\u00a0zab\u00f3jstwa, jak i jego sprawcy.<\/p>\n<p>W najnowszym Prologu porozmawiali\u015bmy\u00a0z autorem, a tak\u017ce om\u00f3wili\u015bmy jego najnowsz\u0105 i najciekawsze wcze\u015bniejsze publikacje.<\/p>\n<p><iframe loading=\"lazy\" title=\"Cezary \u0141azarewicz | #magazynProlog\" width=\"500\" height=\"281\" src=\"https:\/\/www.youtube.com\/embed\/RI678w6QiSA?feature=oembed\" frameborder=\"0\" allow=\"accelerometer; autoplay; clipboard-write; encrypted-media; gyroscope; picture-in-picture; web-share\" referrerpolicy=\"strict-origin-when-cross-origin\" allowfullscreen><\/iframe><\/p>\n<p>Przygotowali\u015bmy r\u00f3wnie\u017c\u00a0materia\u0142\u00a0z pe\u0142nym\u00a0zapisem rozmowy i&#8230;\u00a0zdecydowanie\u00a0zach\u0119camy do obejrzenia\u00a0ca\u0142o\u015bci. Warto!<\/p>\n<p><iframe loading=\"lazy\" title=\"Jecha\u0142em spotka\u0107 morderc\u0119, pozna\u0142em cz\u0142owieka | Sprawa Janusza Walusia | Cezary \u0141azarewicz\" width=\"500\" height=\"281\" src=\"https:\/\/www.youtube.com\/embed\/zL4XhICx59Y?feature=oembed\" frameborder=\"0\" allow=\"accelerometer; autoplay; clipboard-write; encrypted-media; gyroscope; picture-in-picture; web-share\" referrerpolicy=\"strict-origin-when-cross-origin\" allowfullscreen><\/iframe><\/p>\n","protected":false},"excerpt":{"rendered":"<p>Cezary \u0141azarewicz trudnych temat\u00f3w si\u0119 nie boi. Udowodni\u0142 to\u00a0cho\u0107by nagrodzon\u0105 NIKE ksi\u0105\u017ck\u0105\u00a0\u017beby nie by\u0142o \u015blad\u00f3w. Sprawa Grzegorza Przemyka. Tym razem przybli\u017ca posta\u0107\u00a0w\u00a0zasadzie do niedawna ma\u0142o\u00a0znan\u0105, a mianowicie Janusza Walusia.\u00a0Cz\u0142owieka, kt\u00f3ry w 1993 r. zamordowa\u0142 Chrisa Haniego, jednego\u00a0z lider\u00f3w Po\u0142udniowoafryka\u0144skiej Partii Komunistycznej. Walu\u015b do dzi\u015b odsiaduje wyrok w afryka\u0144skim wi\u0119zieniu, a\u00a0Nic osobistego. Sprawa Janusza Walusia to [&hellip;]<\/p>\n","protected":false},"author":21,"featured_media":0,"comment_status":"closed","ping_status":"closed","sticky":false,"template":"","format":"standard","meta":{"footnotes":""},"categories":[31,4639],"tags":[4752,4828],"class_list":["post-3785","post","type-post","status-publish","format-standard","hentry","category-autorzy","category-magazyn-prolog","tag-cezary-lazarewicz","tag-nic-osobistego-sprawa-janusza-walusia"],"yoast_head":"<!-- This site is optimized with the Yoast SEO plugin v27.4 - https:\/\/yoast.com\/product\/yoast-seo-wordpress\/ -->\n<title>Cezary \u0141azarewicz go\u015bciem magazynu Prolog #68 - Legimi - blog<\/title>\n<meta name=\"robots\" content=\"index, follow, max-snippet:-1, max-image-preview:large, max-video-preview:-1\" \/>\n<link rel=\"canonical\" href=\"https:\/\/www.legimi.pl\/blog\/2019\/11\/cezary-lazarewicz-gosciem-magazynu-prolog-68\/\" \/>\n<meta property=\"og:locale\" content=\"pl_PL\" \/>\n<meta property=\"og:type\" content=\"article\" \/>\n<meta property=\"og:title\" content=\"Cezary \u0141azarewicz go\u015bciem magazynu Prolog #68 - Legimi - blog\" \/>\n<meta property=\"og:description\" content=\"Cezary \u0141azarewicz trudnych temat\u00f3w si\u0119 nie boi. Udowodni\u0142 to\u00a0cho\u0107by nagrodzon\u0105 NIKE ksi\u0105\u017ck\u0105\u00a0\u017beby nie by\u0142o \u015blad\u00f3w. Sprawa Grzegorza Przemyka. Tym razem przybli\u017ca posta\u0107\u00a0w\u00a0zasadzie do niedawna ma\u0142o\u00a0znan\u0105, a mianowicie Janusza Walusia.\u00a0Cz\u0142owieka, kt\u00f3ry w 1993 r. zamordowa\u0142 Chrisa Haniego, jednego\u00a0z lider\u00f3w Po\u0142udniowoafryka\u0144skiej Partii Komunistycznej. Walu\u015b do dzi\u015b odsiaduje wyrok w afryka\u0144skim wi\u0119zieniu, a\u00a0Nic osobistego. Sprawa Janusza Walusia to [&hellip;]\" \/>\n<meta property=\"og:url\" content=\"https:\/\/www.legimi.pl\/blog\/2019\/11\/cezary-lazarewicz-gosciem-magazynu-prolog-68\/\" \/>\n<meta property=\"og:site_name\" content=\"Legimi - blog\" \/>\n<meta property=\"article:published_time\" content=\"2019-11-26T14:23:33+00:00\" \/>\n<meta name=\"author\" content=\"Artur Wasilewski\" \/>\n<meta name=\"twitter:card\" content=\"summary_large_image\" \/>\n<meta name=\"twitter:label1\" content=\"Napisane przez\" \/>\n\t<meta name=\"twitter:data1\" content=\"Artur Wasilewski\" \/>\n\t<meta name=\"twitter:label2\" content=\"Szacowany czas czytania\" \/>\n\t<meta name=\"twitter:data2\" content=\"1 minuta\" \/>\n<script type=\"application\/ld+json\" class=\"yoast-schema-graph\">{\"@context\":\"https:\\\/\\\/schema.org\",\"@graph\":[{\"@type\":\"Article\",\"@id\":\"https:\\\/\\\/www.legimi.pl\\\/blog\\\/2019\\\/11\\\/cezary-lazarewicz-gosciem-magazynu-prolog-68\\\/#article\",\"isPartOf\":{\"@id\":\"https:\\\/\\\/www.legimi.pl\\\/blog\\\/2019\\\/11\\\/cezary-lazarewicz-gosciem-magazynu-prolog-68\\\/\"},\"author\":{\"name\":\"Artur Wasilewski\",\"@id\":\"https:\\\/\\\/www.legimi.pl\\\/blog\\\/#\\\/schema\\\/person\\\/013f97035ae1fdf973b8fd3776d7de1a\"},\"headline\":\"Cezary \u0141azarewicz go\u015bciem magazynu Prolog #68\",\"datePublished\":\"2019-11-26T14:23:33+00:00\",\"mainEntityOfPage\":{\"@id\":\"https:\\\/\\\/www.legimi.pl\\\/blog\\\/2019\\\/11\\\/cezary-lazarewicz-gosciem-magazynu-prolog-68\\\/\"},\"wordCount\":152,\"keywords\":[\"Cezary \u0141azarewicz\",\"Nic osobistego. Sprawa Janusza Walusia\"],\"articleSection\":[\"Autorzy\",\"Magazyn Prolog\"],\"inLanguage\":\"pl-PL\"},{\"@type\":\"WebPage\",\"@id\":\"https:\\\/\\\/www.legimi.pl\\\/blog\\\/2019\\\/11\\\/cezary-lazarewicz-gosciem-magazynu-prolog-68\\\/\",\"url\":\"https:\\\/\\\/www.legimi.pl\\\/blog\\\/2019\\\/11\\\/cezary-lazarewicz-gosciem-magazynu-prolog-68\\\/\",\"name\":\"Cezary \u0141azarewicz go\u015bciem magazynu Prolog #68 - Legimi - blog\",\"isPartOf\":{\"@id\":\"https:\\\/\\\/www.legimi.pl\\\/blog\\\/#website\"},\"datePublished\":\"2019-11-26T14:23:33+00:00\",\"author\":{\"@id\":\"https:\\\/\\\/www.legimi.pl\\\/blog\\\/#\\\/schema\\\/person\\\/013f97035ae1fdf973b8fd3776d7de1a\"},\"breadcrumb\":{\"@id\":\"https:\\\/\\\/www.legimi.pl\\\/blog\\\/2019\\\/11\\\/cezary-lazarewicz-gosciem-magazynu-prolog-68\\\/#breadcrumb\"},\"inLanguage\":\"pl-PL\",\"potentialAction\":[{\"@type\":\"ReadAction\",\"target\":[\"https:\\\/\\\/www.legimi.pl\\\/blog\\\/2019\\\/11\\\/cezary-lazarewicz-gosciem-magazynu-prolog-68\\\/\"]}]},{\"@type\":\"BreadcrumbList\",\"@id\":\"https:\\\/\\\/www.legimi.pl\\\/blog\\\/2019\\\/11\\\/cezary-lazarewicz-gosciem-magazynu-prolog-68\\\/#breadcrumb\",\"itemListElement\":[{\"@type\":\"ListItem\",\"position\":1,\"name\":\"Home\",\"item\":\"https:\\\/\\\/www.legimi.pl\\\/blog\\\/\"},{\"@type\":\"ListItem\",\"position\":2,\"name\":\"Cezary \u0141azarewicz go\u015bciem magazynu Prolog #68\"}]},{\"@type\":\"WebSite\",\"@id\":\"https:\\\/\\\/www.legimi.pl\\\/blog\\\/#website\",\"url\":\"https:\\\/\\\/www.legimi.pl\\\/blog\\\/\",\"name\":\"Legimi - blog\",\"description\":\"\",\"potentialAction\":[{\"@type\":\"SearchAction\",\"target\":{\"@type\":\"EntryPoint\",\"urlTemplate\":\"https:\\\/\\\/www.legimi.pl\\\/blog\\\/?s={search_term_string}\"},\"query-input\":{\"@type\":\"PropertyValueSpecification\",\"valueRequired\":true,\"valueName\":\"search_term_string\"}}],\"inLanguage\":\"pl-PL\"},{\"@type\":\"Person\",\"@id\":\"https:\\\/\\\/www.legimi.pl\\\/blog\\\/#\\\/schema\\\/person\\\/013f97035ae1fdf973b8fd3776d7de1a\",\"name\":\"Artur Wasilewski\",\"image\":{\"@type\":\"ImageObject\",\"inLanguage\":\"pl-PL\",\"@id\":\"https:\\\/\\\/secure.gravatar.com\\\/avatar\\\/a2c5bd071e11cadcae62220148c518d2cf06b85487581b29f3ac49739c9b78e5?s=96&d=mm&r=g\",\"url\":\"https:\\\/\\\/secure.gravatar.com\\\/avatar\\\/a2c5bd071e11cadcae62220148c518d2cf06b85487581b29f3ac49739c9b78e5?s=96&d=mm&r=g\",\"contentUrl\":\"https:\\\/\\\/secure.gravatar.com\\\/avatar\\\/a2c5bd071e11cadcae62220148c518d2cf06b85487581b29f3ac49739c9b78e5?s=96&d=mm&r=g\",\"caption\":\"Artur Wasilewski\"},\"url\":\"https:\\\/\\\/www.legimi.pl\\\/blog\\\/author\\\/artur-wasilewski\\\/\"}]}<\/script>\n<!-- \/ Yoast SEO plugin. -->","yoast_head_json":{"title":"Cezary \u0141azarewicz go\u015bciem magazynu Prolog #68 - Legimi - blog","robots":{"index":"index","follow":"follow","max-snippet":"max-snippet:-1","max-image-preview":"max-image-preview:large","max-video-preview":"max-video-preview:-1"},"canonical":"https:\/\/www.legimi.pl\/blog\/2019\/11\/cezary-lazarewicz-gosciem-magazynu-prolog-68\/","og_locale":"pl_PL","og_type":"article","og_title":"Cezary \u0141azarewicz go\u015bciem magazynu Prolog #68 - Legimi - blog","og_description":"Cezary \u0141azarewicz trudnych temat\u00f3w si\u0119 nie boi. Udowodni\u0142 to\u00a0cho\u0107by nagrodzon\u0105 NIKE ksi\u0105\u017ck\u0105\u00a0\u017beby nie by\u0142o \u015blad\u00f3w. Sprawa Grzegorza Przemyka. Tym razem przybli\u017ca posta\u0107\u00a0w\u00a0zasadzie do niedawna ma\u0142o\u00a0znan\u0105, a mianowicie Janusza Walusia.\u00a0Cz\u0142owieka, kt\u00f3ry w 1993 r. zamordowa\u0142 Chrisa Haniego, jednego\u00a0z lider\u00f3w Po\u0142udniowoafryka\u0144skiej Partii Komunistycznej. Walu\u015b do dzi\u015b odsiaduje wyrok w afryka\u0144skim wi\u0119zieniu, a\u00a0Nic osobistego. Sprawa Janusza Walusia to [&hellip;]","og_url":"https:\/\/www.legimi.pl\/blog\/2019\/11\/cezary-lazarewicz-gosciem-magazynu-prolog-68\/","og_site_name":"Legimi - blog","article_published_time":"2019-11-26T14:23:33+00:00","author":"Artur Wasilewski","twitter_card":"summary_large_image","twitter_misc":{"Napisane przez":"Artur Wasilewski","Szacowany czas czytania":"1 minuta"},"schema":{"@context":"https:\/\/schema.org","@graph":[{"@type":"Article","@id":"https:\/\/www.legimi.pl\/blog\/2019\/11\/cezary-lazarewicz-gosciem-magazynu-prolog-68\/#article","isPartOf":{"@id":"https:\/\/www.legimi.pl\/blog\/2019\/11\/cezary-lazarewicz-gosciem-magazynu-prolog-68\/"},"author":{"name":"Artur Wasilewski","@id":"https:\/\/www.legimi.pl\/blog\/#\/schema\/person\/013f97035ae1fdf973b8fd3776d7de1a"},"headline":"Cezary \u0141azarewicz go\u015bciem magazynu Prolog #68","datePublished":"2019-11-26T14:23:33+00:00","mainEntityOfPage":{"@id":"https:\/\/www.legimi.pl\/blog\/2019\/11\/cezary-lazarewicz-gosciem-magazynu-prolog-68\/"},"wordCount":152,"keywords":["Cezary \u0141azarewicz","Nic osobistego. Sprawa Janusza Walusia"],"articleSection":["Autorzy","Magazyn Prolog"],"inLanguage":"pl-PL"},{"@type":"WebPage","@id":"https:\/\/www.legimi.pl\/blog\/2019\/11\/cezary-lazarewicz-gosciem-magazynu-prolog-68\/","url":"https:\/\/www.legimi.pl\/blog\/2019\/11\/cezary-lazarewicz-gosciem-magazynu-prolog-68\/","name":"Cezary \u0141azarewicz go\u015bciem magazynu Prolog #68 - Legimi - blog","isPartOf":{"@id":"https:\/\/www.legimi.pl\/blog\/#website"},"datePublished":"2019-11-26T14:23:33+00:00","author":{"@id":"https:\/\/www.legimi.pl\/blog\/#\/schema\/person\/013f97035ae1fdf973b8fd3776d7de1a"},"breadcrumb":{"@id":"https:\/\/www.legimi.pl\/blog\/2019\/11\/cezary-lazarewicz-gosciem-magazynu-prolog-68\/#breadcrumb"},"inLanguage":"pl-PL","potentialAction":[{"@type":"ReadAction","target":["https:\/\/www.legimi.pl\/blog\/2019\/11\/cezary-lazarewicz-gosciem-magazynu-prolog-68\/"]}]},{"@type":"BreadcrumbList","@id":"https:\/\/www.legimi.pl\/blog\/2019\/11\/cezary-lazarewicz-gosciem-magazynu-prolog-68\/#breadcrumb","itemListElement":[{"@type":"ListItem","position":1,"name":"Home","item":"https:\/\/www.legimi.pl\/blog\/"},{"@type":"ListItem","position":2,"name":"Cezary \u0141azarewicz go\u015bciem magazynu Prolog #68"}]},{"@type":"WebSite","@id":"https:\/\/www.legimi.pl\/blog\/#website","url":"https:\/\/www.legimi.pl\/blog\/","name":"Legimi - blog","description":"","potentialAction":[{"@type":"SearchAction","target":{"@type":"EntryPoint","urlTemplate":"https:\/\/www.legimi.pl\/blog\/?s={search_term_string}"},"query-input":{"@type":"PropertyValueSpecification","valueRequired":true,"valueName":"search_term_string"}}],"inLanguage":"pl-PL"},{"@type":"Person","@id":"https:\/\/www.legimi.pl\/blog\/#\/schema\/person\/013f97035ae1fdf973b8fd3776d7de1a","name":"Artur Wasilewski","image":{"@type":"ImageObject","inLanguage":"pl-PL","@id":"https:\/\/secure.gravatar.com\/avatar\/a2c5bd071e11cadcae62220148c518d2cf06b85487581b29f3ac49739c9b78e5?s=96&d=mm&r=g","url":"https:\/\/secure.gravatar.com\/avatar\/a2c5bd071e11cadcae62220148c518d2cf06b85487581b29f3ac49739c9b78e5?s=96&d=mm&r=g","contentUrl":"https:\/\/secure.gravatar.com\/avatar\/a2c5bd071e11cadcae62220148c518d2cf06b85487581b29f3ac49739c9b78e5?s=96&d=mm&r=g","caption":"Artur Wasilewski"},"url":"https:\/\/www.legimi.pl\/blog\/author\/artur-wasilewski\/"}]}},"_links":{"self":[{"href":"https:\/\/www.legimi.pl\/blog\/wp-json\/wp\/v2\/posts\/3785","targetHints":{"allow":["GET"]}}],"collection":[{"href":"https:\/\/www.legimi.pl\/blog\/wp-json\/wp\/v2\/posts"}],"about":[{"href":"https:\/\/www.legimi.pl\/blog\/wp-json\/wp\/v2\/types\/post"}],"author":[{"embeddable":true,"href":"https:\/\/www.legimi.pl\/blog\/wp-json\/wp\/v2\/users\/21"}],"replies":[{"embeddable":true,"href":"https:\/\/www.legimi.pl\/blog\/wp-json\/wp\/v2\/comments?post=3785"}],"version-history":[{"count":1,"href":"https:\/\/www.legimi.pl\/blog\/wp-json\/wp\/v2\/posts\/3785\/revisions"}],"predecessor-version":[{"id":3786,"href":"https:\/\/www.legimi.pl\/blog\/wp-json\/wp\/v2\/posts\/3785\/revisions\/3786"}],"wp:attachment":[{"href":"https:\/\/www.legimi.pl\/blog\/wp-json\/wp\/v2\/media?parent=3785"}],"wp:term":[{"taxonomy":"category","embeddable":true,"href":"https:\/\/www.legimi.pl\/blog\/wp-json\/wp\/v2\/categories?post=3785"},{"taxonomy":"post_tag","embeddable":true,"href":"https:\/\/www.legimi.pl\/blog\/wp-json\/wp\/v2\/tags?post=3785"}],"curies":[{"name":"wp","href":"https:\/\/api.w.org\/{rel}","templated":true}]}}