{"id":294,"date":"2011-03-07T08:02:02","date_gmt":"2011-03-07T07:02:02","guid":{"rendered":"http:\/\/blog.legimi.com\/2011\/03\/tydzien-e-ksiazki-20-taniej\/"},"modified":"2011-03-07T08:02:02","modified_gmt":"2011-03-07T07:02:02","slug":"tydzien-e-ksiazki-20-taniej","status":"publish","type":"post","link":"https:\/\/www.legimi.pl\/blog\/2011\/03\/tydzien-e-ksiazki-20-taniej\/","title":{"rendered":"Tydzie\u0144 e-ksi\u0105\u017cki &#8211; 20% taniej"},"content":{"rendered":"<p>Ksi\u0105\u017cka elektroniczna obchodzi okr\u0105g\u0142e, 40. urodziny! Z okazji tygodnia e-ksi\u0105\u017cki <em>wszystkie ebooki<\/em> w ksi\u0119garni Legimi.com w dniach 6-12 marca <em>20% taniej<\/em>! Szukaj kodu promocyjnego na stronie <a title=\"ebooki epub ebook week tydzie\u0144 ebooka\" href=\"http:\/\/www.legimi.com\">www.legimi.com<\/a> <\/p>\n<p><a href=\"http:\/\/blog.legimi.com\/wp-content\/uploads\/2011\/03\/image.png\"><img loading=\"lazy\" decoding=\"async\" style=\"background-image: none; border-bottom: 0px; border-left: 0px; padding-left: 0px; padding-right: 0px; display: block; float: none; margin-left: auto; border-top: 0px; margin-right: auto; border-right: 0px; padding-top: 0px\" title=\"image\" border=\"0\" alt=\"image\" src=\"http:\/\/blog.legimi.com\/wp-content\/uploads\/2011\/03\/image_thumb.png\" width=\"237\" height=\"200\" \/><\/a><\/p>\n","protected":false},"excerpt":{"rendered":"<p>Ksi\u0105\u017cka elektroniczna obchodzi okr\u0105g\u0142e, 40. urodziny! Z okazji tygodnia e-ksi\u0105\u017cki wszystkie ebooki w ksi\u0119garni Legimi.com w dniach 6-12 marca 20% taniej! Szukaj kodu promocyjnego na stronie www.legimi.com<\/p>\n","protected":false},"author":21,"featured_media":0,"comment_status":"open","ping_status":"open","sticky":false,"template":"","format":"standard","meta":{"footnotes":""},"categories":[151,201],"tags":[1071,3071,3081,3091,3511],"class_list":["post-294","post","type-post","status-publish","format-standard","hentry","category-promocje","category-wydarzenia","tag-ebook-week","tag-tydzien-e-ksiazki","tag-tydzien-ebooka","tag-tydzien-ksiazki-elektronicznej","tag-znizki-na-ebooki"],"yoast_head":"<!-- This site is optimized with the Yoast SEO plugin v27.5 - https:\/\/yoast.com\/product\/yoast-seo-wordpress\/ -->\n<title>Tydzie\u0144 e-ksi\u0105\u017cki - 20% taniej - Legimi - blog<\/title>\n<meta name=\"robots\" content=\"index, follow, max-snippet:-1, max-image-preview:large, max-video-preview:-1\" \/>\n<link rel=\"canonical\" href=\"https:\/\/www.legimi.pl\/blog\/2011\/03\/tydzien-e-ksiazki-20-taniej\/\" \/>\n<meta property=\"og:locale\" content=\"pl_PL\" \/>\n<meta property=\"og:type\" content=\"article\" \/>\n<meta property=\"og:title\" content=\"Tydzie\u0144 e-ksi\u0105\u017cki - 20% taniej - Legimi - blog\" \/>\n<meta property=\"og:description\" content=\"Ksi\u0105\u017cka elektroniczna obchodzi okr\u0105g\u0142e, 40. urodziny! Z okazji tygodnia e-ksi\u0105\u017cki wszystkie ebooki w ksi\u0119garni Legimi.com w dniach 6-12 marca 20% taniej! Szukaj kodu promocyjnego na stronie www.legimi.com\" \/>\n<meta property=\"og:url\" content=\"https:\/\/www.legimi.pl\/blog\/2011\/03\/tydzien-e-ksiazki-20-taniej\/\" \/>\n<meta property=\"og:site_name\" content=\"Legimi - blog\" \/>\n<meta property=\"article:published_time\" content=\"2011-03-07T07:02:02+00:00\" \/>\n<meta property=\"og:image\" content=\"http:\/\/blog.legimi.com\/wp-content\/uploads\/2011\/03\/image_thumb.png\" \/>\n<meta name=\"author\" content=\"Artur Wasilewski\" \/>\n<meta name=\"twitter:card\" content=\"summary_large_image\" \/>\n<meta name=\"twitter:label1\" content=\"Napisane przez\" \/>\n\t<meta name=\"twitter:data1\" content=\"Artur Wasilewski\" \/>\n<script type=\"application\/ld+json\" class=\"yoast-schema-graph\">{\"@context\":\"https:\\\/\\\/schema.org\",\"@graph\":[{\"@type\":\"Article\",\"@id\":\"https:\\\/\\\/www.legimi.pl\\\/blog\\\/2011\\\/03\\\/tydzien-e-ksiazki-20-taniej\\\/#article\",\"isPartOf\":{\"@id\":\"https:\\\/\\\/www.legimi.pl\\\/blog\\\/2011\\\/03\\\/tydzien-e-ksiazki-20-taniej\\\/\"},\"author\":{\"name\":\"Artur Wasilewski\",\"@id\":\"https:\\\/\\\/www.legimi.pl\\\/blog\\\/#\\\/schema\\\/person\\\/013f97035ae1fdf973b8fd3776d7de1a\"},\"headline\":\"Tydzie\u0144 e-ksi\u0105\u017cki &#8211; 20% taniej\",\"datePublished\":\"2011-03-07T07:02:02+00:00\",\"mainEntityOfPage\":{\"@id\":\"https:\\\/\\\/www.legimi.pl\\\/blog\\\/2011\\\/03\\\/tydzien-e-ksiazki-20-taniej\\\/\"},\"wordCount\":38,\"commentCount\":0,\"image\":{\"@id\":\"https:\\\/\\\/www.legimi.pl\\\/blog\\\/2011\\\/03\\\/tydzien-e-ksiazki-20-taniej\\\/#primaryimage\"},\"thumbnailUrl\":\"http:\\\/\\\/blog.legimi.com\\\/wp-content\\\/uploads\\\/2011\\\/03\\\/image_thumb.png\",\"keywords\":[\"ebook week\",\"tydzie\u0144 e-ksi\u0105\u017cki\",\"tydzie\u0144 ebooka\",\"tydzie\u0144 ksi\u0105\u017cki elektronicznej\",\"zni\u017cki na ebooki\"],\"articleSection\":[\"Promocje\",\"Wydarzenia\"],\"inLanguage\":\"pl-PL\",\"potentialAction\":[{\"@type\":\"CommentAction\",\"name\":\"Comment\",\"target\":[\"https:\\\/\\\/www.legimi.pl\\\/blog\\\/2011\\\/03\\\/tydzien-e-ksiazki-20-taniej\\\/#respond\"]}]},{\"@type\":\"WebPage\",\"@id\":\"https:\\\/\\\/www.legimi.pl\\\/blog\\\/2011\\\/03\\\/tydzien-e-ksiazki-20-taniej\\\/\",\"url\":\"https:\\\/\\\/www.legimi.pl\\\/blog\\\/2011\\\/03\\\/tydzien-e-ksiazki-20-taniej\\\/\",\"name\":\"Tydzie\u0144 e-ksi\u0105\u017cki - 20% taniej - Legimi - blog\",\"isPartOf\":{\"@id\":\"https:\\\/\\\/www.legimi.pl\\\/blog\\\/#website\"},\"primaryImageOfPage\":{\"@id\":\"https:\\\/\\\/www.legimi.pl\\\/blog\\\/2011\\\/03\\\/tydzien-e-ksiazki-20-taniej\\\/#primaryimage\"},\"image\":{\"@id\":\"https:\\\/\\\/www.legimi.pl\\\/blog\\\/2011\\\/03\\\/tydzien-e-ksiazki-20-taniej\\\/#primaryimage\"},\"thumbnailUrl\":\"http:\\\/\\\/blog.legimi.com\\\/wp-content\\\/uploads\\\/2011\\\/03\\\/image_thumb.png\",\"datePublished\":\"2011-03-07T07:02:02+00:00\",\"author\":{\"@id\":\"https:\\\/\\\/www.legimi.pl\\\/blog\\\/#\\\/schema\\\/person\\\/013f97035ae1fdf973b8fd3776d7de1a\"},\"breadcrumb\":{\"@id\":\"https:\\\/\\\/www.legimi.pl\\\/blog\\\/2011\\\/03\\\/tydzien-e-ksiazki-20-taniej\\\/#breadcrumb\"},\"inLanguage\":\"pl-PL\",\"potentialAction\":[{\"@type\":\"ReadAction\",\"target\":[\"https:\\\/\\\/www.legimi.pl\\\/blog\\\/2011\\\/03\\\/tydzien-e-ksiazki-20-taniej\\\/\"]}]},{\"@type\":\"ImageObject\",\"inLanguage\":\"pl-PL\",\"@id\":\"https:\\\/\\\/www.legimi.pl\\\/blog\\\/2011\\\/03\\\/tydzien-e-ksiazki-20-taniej\\\/#primaryimage\",\"url\":\"http:\\\/\\\/blog.legimi.com\\\/wp-content\\\/uploads\\\/2011\\\/03\\\/image_thumb.png\",\"contentUrl\":\"http:\\\/\\\/blog.legimi.com\\\/wp-content\\\/uploads\\\/2011\\\/03\\\/image_thumb.png\"},{\"@type\":\"BreadcrumbList\",\"@id\":\"https:\\\/\\\/www.legimi.pl\\\/blog\\\/2011\\\/03\\\/tydzien-e-ksiazki-20-taniej\\\/#breadcrumb\",\"itemListElement\":[{\"@type\":\"ListItem\",\"position\":1,\"name\":\"Home\",\"item\":\"https:\\\/\\\/www.legimi.pl\\\/blog\\\/\"},{\"@type\":\"ListItem\",\"position\":2,\"name\":\"Tydzie\u0144 e-ksi\u0105\u017cki &#8211; 20% taniej\"}]},{\"@type\":\"WebSite\",\"@id\":\"https:\\\/\\\/www.legimi.pl\\\/blog\\\/#website\",\"url\":\"https:\\\/\\\/www.legimi.pl\\\/blog\\\/\",\"name\":\"Legimi - blog\",\"description\":\"\",\"potentialAction\":[{\"@type\":\"SearchAction\",\"target\":{\"@type\":\"EntryPoint\",\"urlTemplate\":\"https:\\\/\\\/www.legimi.pl\\\/blog\\\/?s={search_term_string}\"},\"query-input\":{\"@type\":\"PropertyValueSpecification\",\"valueRequired\":true,\"valueName\":\"search_term_string\"}}],\"inLanguage\":\"pl-PL\"},{\"@type\":\"Person\",\"@id\":\"https:\\\/\\\/www.legimi.pl\\\/blog\\\/#\\\/schema\\\/person\\\/013f97035ae1fdf973b8fd3776d7de1a\",\"name\":\"Artur Wasilewski\",\"image\":{\"@type\":\"ImageObject\",\"inLanguage\":\"pl-PL\",\"@id\":\"https:\\\/\\\/secure.gravatar.com\\\/avatar\\\/a2c5bd071e11cadcae62220148c518d2cf06b85487581b29f3ac49739c9b78e5?s=96&d=mm&r=g\",\"url\":\"https:\\\/\\\/secure.gravatar.com\\\/avatar\\\/a2c5bd071e11cadcae62220148c518d2cf06b85487581b29f3ac49739c9b78e5?s=96&d=mm&r=g\",\"contentUrl\":\"https:\\\/\\\/secure.gravatar.com\\\/avatar\\\/a2c5bd071e11cadcae62220148c518d2cf06b85487581b29f3ac49739c9b78e5?s=96&d=mm&r=g\",\"caption\":\"Artur Wasilewski\"},\"url\":\"https:\\\/\\\/www.legimi.pl\\\/blog\\\/author\\\/artur-wasilewski\\\/\"}]}<\/script>\n<!-- \/ Yoast SEO plugin. -->","yoast_head_json":{"title":"Tydzie\u0144 e-ksi\u0105\u017cki - 20% taniej - Legimi - blog","robots":{"index":"index","follow":"follow","max-snippet":"max-snippet:-1","max-image-preview":"max-image-preview:large","max-video-preview":"max-video-preview:-1"},"canonical":"https:\/\/www.legimi.pl\/blog\/2011\/03\/tydzien-e-ksiazki-20-taniej\/","og_locale":"pl_PL","og_type":"article","og_title":"Tydzie\u0144 e-ksi\u0105\u017cki - 20% taniej - Legimi - blog","og_description":"Ksi\u0105\u017cka elektroniczna obchodzi okr\u0105g\u0142e, 40. urodziny! Z okazji tygodnia e-ksi\u0105\u017cki wszystkie ebooki w ksi\u0119garni Legimi.com w dniach 6-12 marca 20% taniej! Szukaj kodu promocyjnego na stronie www.legimi.com","og_url":"https:\/\/www.legimi.pl\/blog\/2011\/03\/tydzien-e-ksiazki-20-taniej\/","og_site_name":"Legimi - blog","article_published_time":"2011-03-07T07:02:02+00:00","og_image":[{"url":"http:\/\/blog.legimi.com\/wp-content\/uploads\/2011\/03\/image_thumb.png","type":"","width":"","height":""}],"author":"Artur Wasilewski","twitter_card":"summary_large_image","twitter_misc":{"Napisane przez":"Artur Wasilewski"},"schema":{"@context":"https:\/\/schema.org","@graph":[{"@type":"Article","@id":"https:\/\/www.legimi.pl\/blog\/2011\/03\/tydzien-e-ksiazki-20-taniej\/#article","isPartOf":{"@id":"https:\/\/www.legimi.pl\/blog\/2011\/03\/tydzien-e-ksiazki-20-taniej\/"},"author":{"name":"Artur Wasilewski","@id":"https:\/\/www.legimi.pl\/blog\/#\/schema\/person\/013f97035ae1fdf973b8fd3776d7de1a"},"headline":"Tydzie\u0144 e-ksi\u0105\u017cki &#8211; 20% taniej","datePublished":"2011-03-07T07:02:02+00:00","mainEntityOfPage":{"@id":"https:\/\/www.legimi.pl\/blog\/2011\/03\/tydzien-e-ksiazki-20-taniej\/"},"wordCount":38,"commentCount":0,"image":{"@id":"https:\/\/www.legimi.pl\/blog\/2011\/03\/tydzien-e-ksiazki-20-taniej\/#primaryimage"},"thumbnailUrl":"http:\/\/blog.legimi.com\/wp-content\/uploads\/2011\/03\/image_thumb.png","keywords":["ebook week","tydzie\u0144 e-ksi\u0105\u017cki","tydzie\u0144 ebooka","tydzie\u0144 ksi\u0105\u017cki elektronicznej","zni\u017cki na ebooki"],"articleSection":["Promocje","Wydarzenia"],"inLanguage":"pl-PL","potentialAction":[{"@type":"CommentAction","name":"Comment","target":["https:\/\/www.legimi.pl\/blog\/2011\/03\/tydzien-e-ksiazki-20-taniej\/#respond"]}]},{"@type":"WebPage","@id":"https:\/\/www.legimi.pl\/blog\/2011\/03\/tydzien-e-ksiazki-20-taniej\/","url":"https:\/\/www.legimi.pl\/blog\/2011\/03\/tydzien-e-ksiazki-20-taniej\/","name":"Tydzie\u0144 e-ksi\u0105\u017cki - 20% taniej - Legimi - blog","isPartOf":{"@id":"https:\/\/www.legimi.pl\/blog\/#website"},"primaryImageOfPage":{"@id":"https:\/\/www.legimi.pl\/blog\/2011\/03\/tydzien-e-ksiazki-20-taniej\/#primaryimage"},"image":{"@id":"https:\/\/www.legimi.pl\/blog\/2011\/03\/tydzien-e-ksiazki-20-taniej\/#primaryimage"},"thumbnailUrl":"http:\/\/blog.legimi.com\/wp-content\/uploads\/2011\/03\/image_thumb.png","datePublished":"2011-03-07T07:02:02+00:00","author":{"@id":"https:\/\/www.legimi.pl\/blog\/#\/schema\/person\/013f97035ae1fdf973b8fd3776d7de1a"},"breadcrumb":{"@id":"https:\/\/www.legimi.pl\/blog\/2011\/03\/tydzien-e-ksiazki-20-taniej\/#breadcrumb"},"inLanguage":"pl-PL","potentialAction":[{"@type":"ReadAction","target":["https:\/\/www.legimi.pl\/blog\/2011\/03\/tydzien-e-ksiazki-20-taniej\/"]}]},{"@type":"ImageObject","inLanguage":"pl-PL","@id":"https:\/\/www.legimi.pl\/blog\/2011\/03\/tydzien-e-ksiazki-20-taniej\/#primaryimage","url":"http:\/\/blog.legimi.com\/wp-content\/uploads\/2011\/03\/image_thumb.png","contentUrl":"http:\/\/blog.legimi.com\/wp-content\/uploads\/2011\/03\/image_thumb.png"},{"@type":"BreadcrumbList","@id":"https:\/\/www.legimi.pl\/blog\/2011\/03\/tydzien-e-ksiazki-20-taniej\/#breadcrumb","itemListElement":[{"@type":"ListItem","position":1,"name":"Home","item":"https:\/\/www.legimi.pl\/blog\/"},{"@type":"ListItem","position":2,"name":"Tydzie\u0144 e-ksi\u0105\u017cki &#8211; 20% taniej"}]},{"@type":"WebSite","@id":"https:\/\/www.legimi.pl\/blog\/#website","url":"https:\/\/www.legimi.pl\/blog\/","name":"Legimi - blog","description":"","potentialAction":[{"@type":"SearchAction","target":{"@type":"EntryPoint","urlTemplate":"https:\/\/www.legimi.pl\/blog\/?s={search_term_string}"},"query-input":{"@type":"PropertyValueSpecification","valueRequired":true,"valueName":"search_term_string"}}],"inLanguage":"pl-PL"},{"@type":"Person","@id":"https:\/\/www.legimi.pl\/blog\/#\/schema\/person\/013f97035ae1fdf973b8fd3776d7de1a","name":"Artur Wasilewski","image":{"@type":"ImageObject","inLanguage":"pl-PL","@id":"https:\/\/secure.gravatar.com\/avatar\/a2c5bd071e11cadcae62220148c518d2cf06b85487581b29f3ac49739c9b78e5?s=96&d=mm&r=g","url":"https:\/\/secure.gravatar.com\/avatar\/a2c5bd071e11cadcae62220148c518d2cf06b85487581b29f3ac49739c9b78e5?s=96&d=mm&r=g","contentUrl":"https:\/\/secure.gravatar.com\/avatar\/a2c5bd071e11cadcae62220148c518d2cf06b85487581b29f3ac49739c9b78e5?s=96&d=mm&r=g","caption":"Artur Wasilewski"},"url":"https:\/\/www.legimi.pl\/blog\/author\/artur-wasilewski\/"}]}},"_links":{"self":[{"href":"https:\/\/www.legimi.pl\/blog\/wp-json\/wp\/v2\/posts\/294","targetHints":{"allow":["GET"]}}],"collection":[{"href":"https:\/\/www.legimi.pl\/blog\/wp-json\/wp\/v2\/posts"}],"about":[{"href":"https:\/\/www.legimi.pl\/blog\/wp-json\/wp\/v2\/types\/post"}],"author":[{"embeddable":true,"href":"https:\/\/www.legimi.pl\/blog\/wp-json\/wp\/v2\/users\/21"}],"replies":[{"embeddable":true,"href":"https:\/\/www.legimi.pl\/blog\/wp-json\/wp\/v2\/comments?post=294"}],"version-history":[{"count":0,"href":"https:\/\/www.legimi.pl\/blog\/wp-json\/wp\/v2\/posts\/294\/revisions"}],"wp:attachment":[{"href":"https:\/\/www.legimi.pl\/blog\/wp-json\/wp\/v2\/media?parent=294"}],"wp:term":[{"taxonomy":"category","embeddable":true,"href":"https:\/\/www.legimi.pl\/blog\/wp-json\/wp\/v2\/categories?post=294"},{"taxonomy":"post_tag","embeddable":true,"href":"https:\/\/www.legimi.pl\/blog\/wp-json\/wp\/v2\/tags?post=294"}],"curies":[{"name":"wp","href":"https:\/\/api.w.org\/{rel}","templated":true}]}}