{"id":1431,"date":"2014-09-19T15:04:16","date_gmt":"2014-09-19T13:04:16","guid":{"rendered":"http:\/\/blog.legimi.com\/?p=1431"},"modified":"2014-09-19T15:04:16","modified_gmt":"2014-09-19T13:04:16","slug":"przeczytane-w-poznaniu","status":"publish","type":"post","link":"https:\/\/www.legimi.pl\/blog\/2014\/09\/przeczytane-w-poznaniu\/","title":{"rendered":"W Poznaniu lubimy czyta\u0107. I wygrywa\u0107!"},"content":{"rendered":"<p>Bez dw\u00f3ch zda\u0144 na czytelniczej mapie Polski Pozna\u0144 zajmuje eksponowane miejsce. Powsta\u0142o tu (i wci\u0105\u017c powstaje) mn\u00f3stwo podmiot\u00f3w, kt\u00f3re w ten czy inny spos\u00f3b przyczyniaj\u0105 si\u0119 do podtrzymywania ksi\u0105\u017ckowych tradycji. My r\u00f3wnie\u017c, cho\u0107 specjalizujemy si\u0119 w ebookach, doceniamy warto\u015b\u0107 czytania jako takiego, bez wzgl\u0119du na form\u0119 (co do tre\u015bci, to zdecydowanie preferujemy te spe\u0142niaj\u0105ce kryteria jako\u015bciowe). OK, do rzeczy jednak, czy te\u017c jak wol\u0105 niekt\u00f3rzy &#8211; do adremu :).<\/p>\n<p>W POZNANIU LUBIMY CZYTA\u0106<\/p>\n<p>Pod tym has\u0142em mi\u0119dzy 29 wrze\u015bnia a 5 pa\u017adziernika odbywa\u0107 si\u0119 b\u0119dzie multum akcji potwierdzaj\u0105cych ten jak\u017ce pozytywny przekaz. Legimi do\u0142\u0105cza si\u0119 do projektu, organizuj\u0105c dla poznaniak\u00f3w i poznanianek (ale i wszystkich, kt\u00f3rzy mieli ju\u017c okazj\u0119 odwiedzi\u0107 nadwarcia\u0144ski gr\u00f3d) konkurs.<\/p>\n<p>NAJLEPSZA KSI\u0104\u017bKA PRZECZYTANA W POZNANIU<\/p>\n<p>Z pewno\u015bci\u0105 w tych pi\u0119knych, wielkopolskich okoliczno\u015bciach przyrody przeczyta\u0142e\u015b\/a\u015b niejedn\u0105 wyj\u0105tkow\u0105 ksi\u0105\u017ck\u0119. Opisz t\u0119 najciekawsz\u0105 i wygraj ebooki od ksi\u0119garni Legimi.com.<\/p>\n<p>Zg\u0142oszenia mo\u017cna wysy\u0142a\u0107 na adres konkurs@legimi.com\u00a0od 29 wrze\u015bnia do 5 pa\u017adziernika.<br \/>\nTeraz najwa\u017cniejsze, czyli co mo\u017cna wygra\u0107.<\/p>\n<ul>\n<li>3 miejsca na podium nagrodzone zostan\u0105 do\u0142adowaniami konta Legimi o warto\u015bci 100 z\u0142 lub kwartalnym abonamentem na ebooki (do wyboru)<\/li>\n<li>Wszyscy uczestnicy otrzymaj\u0105 kod rabatowy 50% lub 2 tygodnie darmowego czytania w abonamencie (do wyboru)<\/li>\n<\/ul>\n<p>Powodzenia!<\/p>\n","protected":false},"excerpt":{"rendered":"<p>Bez dw\u00f3ch zda\u0144 na czytelniczej mapie Polski Pozna\u0144 zajmuje eksponowane miejsce. Powsta\u0142o tu (i wci\u0105\u017c powstaje) mn\u00f3stwo podmiot\u00f3w, kt\u00f3re w ten czy inny spos\u00f3b przyczyniaj\u0105 si\u0119 do podtrzymywania ksi\u0105\u017ckowych tradycji. My r\u00f3wnie\u017c, cho\u0107 specjalizujemy si\u0119 w ebookach, doceniamy warto\u015b\u0107 czytania jako takiego, bez wzgl\u0119du na form\u0119 (co do tre\u015bci, to zdecydowanie preferujemy te spe\u0142niaj\u0105ce kryteria [&hellip;]<\/p>\n","protected":false},"author":21,"featured_media":0,"comment_status":"open","ping_status":"open","sticky":false,"template":"","format":"standard","meta":{"footnotes":""},"categories":[11,71,111,201],"tags":[1821,3791,2611,3801],"class_list":["post-1431","post","type-post","status-publish","format-standard","hentry","category-abonament-2","category-e-booki","category-konkursy","category-wydarzenia","tag-konkurs","tag-poznan","tag-promocja-czytelnictwa","tag-w-poznaniu-lubimy-czytac"],"yoast_head":"<!-- This site is optimized with the Yoast SEO plugin v27.4 - https:\/\/yoast.com\/product\/yoast-seo-wordpress\/ -->\n<title>W Poznaniu lubimy czyta\u0107. I wygrywa\u0107! - Legimi - blog<\/title>\n<meta name=\"robots\" content=\"index, follow, max-snippet:-1, max-image-preview:large, max-video-preview:-1\" \/>\n<link rel=\"canonical\" href=\"https:\/\/www.legimi.pl\/blog\/2014\/09\/przeczytane-w-poznaniu\/\" \/>\n<meta property=\"og:locale\" content=\"pl_PL\" \/>\n<meta property=\"og:type\" content=\"article\" \/>\n<meta property=\"og:title\" content=\"W Poznaniu lubimy czyta\u0107. I wygrywa\u0107! - Legimi - blog\" \/>\n<meta property=\"og:description\" content=\"Bez dw\u00f3ch zda\u0144 na czytelniczej mapie Polski Pozna\u0144 zajmuje eksponowane miejsce. Powsta\u0142o tu (i wci\u0105\u017c powstaje) mn\u00f3stwo podmiot\u00f3w, kt\u00f3re w ten czy inny spos\u00f3b przyczyniaj\u0105 si\u0119 do podtrzymywania ksi\u0105\u017ckowych tradycji. My r\u00f3wnie\u017c, cho\u0107 specjalizujemy si\u0119 w ebookach, doceniamy warto\u015b\u0107 czytania jako takiego, bez wzgl\u0119du na form\u0119 (co do tre\u015bci, to zdecydowanie preferujemy te spe\u0142niaj\u0105ce kryteria [&hellip;]\" \/>\n<meta property=\"og:url\" content=\"https:\/\/www.legimi.pl\/blog\/2014\/09\/przeczytane-w-poznaniu\/\" \/>\n<meta property=\"og:site_name\" content=\"Legimi - blog\" \/>\n<meta property=\"article:published_time\" content=\"2014-09-19T13:04:16+00:00\" \/>\n<meta name=\"author\" content=\"Artur Wasilewski\" \/>\n<meta name=\"twitter:card\" content=\"summary_large_image\" \/>\n<meta name=\"twitter:label1\" content=\"Napisane przez\" \/>\n\t<meta name=\"twitter:data1\" content=\"Artur Wasilewski\" \/>\n\t<meta name=\"twitter:label2\" content=\"Szacowany czas czytania\" \/>\n\t<meta name=\"twitter:data2\" content=\"1 minuta\" \/>\n<script type=\"application\/ld+json\" class=\"yoast-schema-graph\">{\"@context\":\"https:\\\/\\\/schema.org\",\"@graph\":[{\"@type\":\"Article\",\"@id\":\"https:\\\/\\\/www.legimi.pl\\\/blog\\\/2014\\\/09\\\/przeczytane-w-poznaniu\\\/#article\",\"isPartOf\":{\"@id\":\"https:\\\/\\\/www.legimi.pl\\\/blog\\\/2014\\\/09\\\/przeczytane-w-poznaniu\\\/\"},\"author\":{\"name\":\"Artur Wasilewski\",\"@id\":\"https:\\\/\\\/www.legimi.pl\\\/blog\\\/#\\\/schema\\\/person\\\/013f97035ae1fdf973b8fd3776d7de1a\"},\"headline\":\"W Poznaniu lubimy czyta\u0107. I wygrywa\u0107!\",\"datePublished\":\"2014-09-19T13:04:16+00:00\",\"mainEntityOfPage\":{\"@id\":\"https:\\\/\\\/www.legimi.pl\\\/blog\\\/2014\\\/09\\\/przeczytane-w-poznaniu\\\/\"},\"wordCount\":238,\"commentCount\":0,\"keywords\":[\"konkurs\",\"Pozna\u0144\",\"promocja czytelnictwa\",\"w Poznaniu lubimy czyta\u0107\"],\"articleSection\":[\"Abonament\",\"E-booki\",\"Konkursy\",\"Wydarzenia\"],\"inLanguage\":\"pl-PL\",\"potentialAction\":[{\"@type\":\"CommentAction\",\"name\":\"Comment\",\"target\":[\"https:\\\/\\\/www.legimi.pl\\\/blog\\\/2014\\\/09\\\/przeczytane-w-poznaniu\\\/#respond\"]}]},{\"@type\":\"WebPage\",\"@id\":\"https:\\\/\\\/www.legimi.pl\\\/blog\\\/2014\\\/09\\\/przeczytane-w-poznaniu\\\/\",\"url\":\"https:\\\/\\\/www.legimi.pl\\\/blog\\\/2014\\\/09\\\/przeczytane-w-poznaniu\\\/\",\"name\":\"W Poznaniu lubimy czyta\u0107. I wygrywa\u0107! - Legimi - blog\",\"isPartOf\":{\"@id\":\"https:\\\/\\\/www.legimi.pl\\\/blog\\\/#website\"},\"datePublished\":\"2014-09-19T13:04:16+00:00\",\"author\":{\"@id\":\"https:\\\/\\\/www.legimi.pl\\\/blog\\\/#\\\/schema\\\/person\\\/013f97035ae1fdf973b8fd3776d7de1a\"},\"breadcrumb\":{\"@id\":\"https:\\\/\\\/www.legimi.pl\\\/blog\\\/2014\\\/09\\\/przeczytane-w-poznaniu\\\/#breadcrumb\"},\"inLanguage\":\"pl-PL\",\"potentialAction\":[{\"@type\":\"ReadAction\",\"target\":[\"https:\\\/\\\/www.legimi.pl\\\/blog\\\/2014\\\/09\\\/przeczytane-w-poznaniu\\\/\"]}]},{\"@type\":\"BreadcrumbList\",\"@id\":\"https:\\\/\\\/www.legimi.pl\\\/blog\\\/2014\\\/09\\\/przeczytane-w-poznaniu\\\/#breadcrumb\",\"itemListElement\":[{\"@type\":\"ListItem\",\"position\":1,\"name\":\"Home\",\"item\":\"https:\\\/\\\/www.legimi.pl\\\/blog\\\/\"},{\"@type\":\"ListItem\",\"position\":2,\"name\":\"W Poznaniu lubimy czyta\u0107. I wygrywa\u0107!\"}]},{\"@type\":\"WebSite\",\"@id\":\"https:\\\/\\\/www.legimi.pl\\\/blog\\\/#website\",\"url\":\"https:\\\/\\\/www.legimi.pl\\\/blog\\\/\",\"name\":\"Legimi - blog\",\"description\":\"\",\"potentialAction\":[{\"@type\":\"SearchAction\",\"target\":{\"@type\":\"EntryPoint\",\"urlTemplate\":\"https:\\\/\\\/www.legimi.pl\\\/blog\\\/?s={search_term_string}\"},\"query-input\":{\"@type\":\"PropertyValueSpecification\",\"valueRequired\":true,\"valueName\":\"search_term_string\"}}],\"inLanguage\":\"pl-PL\"},{\"@type\":\"Person\",\"@id\":\"https:\\\/\\\/www.legimi.pl\\\/blog\\\/#\\\/schema\\\/person\\\/013f97035ae1fdf973b8fd3776d7de1a\",\"name\":\"Artur Wasilewski\",\"image\":{\"@type\":\"ImageObject\",\"inLanguage\":\"pl-PL\",\"@id\":\"https:\\\/\\\/secure.gravatar.com\\\/avatar\\\/a2c5bd071e11cadcae62220148c518d2cf06b85487581b29f3ac49739c9b78e5?s=96&d=mm&r=g\",\"url\":\"https:\\\/\\\/secure.gravatar.com\\\/avatar\\\/a2c5bd071e11cadcae62220148c518d2cf06b85487581b29f3ac49739c9b78e5?s=96&d=mm&r=g\",\"contentUrl\":\"https:\\\/\\\/secure.gravatar.com\\\/avatar\\\/a2c5bd071e11cadcae62220148c518d2cf06b85487581b29f3ac49739c9b78e5?s=96&d=mm&r=g\",\"caption\":\"Artur Wasilewski\"},\"url\":\"https:\\\/\\\/www.legimi.pl\\\/blog\\\/author\\\/artur-wasilewski\\\/\"}]}<\/script>\n<!-- \/ Yoast SEO plugin. -->","yoast_head_json":{"title":"W Poznaniu lubimy czyta\u0107. I wygrywa\u0107! - Legimi - blog","robots":{"index":"index","follow":"follow","max-snippet":"max-snippet:-1","max-image-preview":"max-image-preview:large","max-video-preview":"max-video-preview:-1"},"canonical":"https:\/\/www.legimi.pl\/blog\/2014\/09\/przeczytane-w-poznaniu\/","og_locale":"pl_PL","og_type":"article","og_title":"W Poznaniu lubimy czyta\u0107. I wygrywa\u0107! - Legimi - blog","og_description":"Bez dw\u00f3ch zda\u0144 na czytelniczej mapie Polski Pozna\u0144 zajmuje eksponowane miejsce. Powsta\u0142o tu (i wci\u0105\u017c powstaje) mn\u00f3stwo podmiot\u00f3w, kt\u00f3re w ten czy inny spos\u00f3b przyczyniaj\u0105 si\u0119 do podtrzymywania ksi\u0105\u017ckowych tradycji. My r\u00f3wnie\u017c, cho\u0107 specjalizujemy si\u0119 w ebookach, doceniamy warto\u015b\u0107 czytania jako takiego, bez wzgl\u0119du na form\u0119 (co do tre\u015bci, to zdecydowanie preferujemy te spe\u0142niaj\u0105ce kryteria [&hellip;]","og_url":"https:\/\/www.legimi.pl\/blog\/2014\/09\/przeczytane-w-poznaniu\/","og_site_name":"Legimi - blog","article_published_time":"2014-09-19T13:04:16+00:00","author":"Artur Wasilewski","twitter_card":"summary_large_image","twitter_misc":{"Napisane przez":"Artur Wasilewski","Szacowany czas czytania":"1 minuta"},"schema":{"@context":"https:\/\/schema.org","@graph":[{"@type":"Article","@id":"https:\/\/www.legimi.pl\/blog\/2014\/09\/przeczytane-w-poznaniu\/#article","isPartOf":{"@id":"https:\/\/www.legimi.pl\/blog\/2014\/09\/przeczytane-w-poznaniu\/"},"author":{"name":"Artur Wasilewski","@id":"https:\/\/www.legimi.pl\/blog\/#\/schema\/person\/013f97035ae1fdf973b8fd3776d7de1a"},"headline":"W Poznaniu lubimy czyta\u0107. I wygrywa\u0107!","datePublished":"2014-09-19T13:04:16+00:00","mainEntityOfPage":{"@id":"https:\/\/www.legimi.pl\/blog\/2014\/09\/przeczytane-w-poznaniu\/"},"wordCount":238,"commentCount":0,"keywords":["konkurs","Pozna\u0144","promocja czytelnictwa","w Poznaniu lubimy czyta\u0107"],"articleSection":["Abonament","E-booki","Konkursy","Wydarzenia"],"inLanguage":"pl-PL","potentialAction":[{"@type":"CommentAction","name":"Comment","target":["https:\/\/www.legimi.pl\/blog\/2014\/09\/przeczytane-w-poznaniu\/#respond"]}]},{"@type":"WebPage","@id":"https:\/\/www.legimi.pl\/blog\/2014\/09\/przeczytane-w-poznaniu\/","url":"https:\/\/www.legimi.pl\/blog\/2014\/09\/przeczytane-w-poznaniu\/","name":"W Poznaniu lubimy czyta\u0107. I wygrywa\u0107! - Legimi - blog","isPartOf":{"@id":"https:\/\/www.legimi.pl\/blog\/#website"},"datePublished":"2014-09-19T13:04:16+00:00","author":{"@id":"https:\/\/www.legimi.pl\/blog\/#\/schema\/person\/013f97035ae1fdf973b8fd3776d7de1a"},"breadcrumb":{"@id":"https:\/\/www.legimi.pl\/blog\/2014\/09\/przeczytane-w-poznaniu\/#breadcrumb"},"inLanguage":"pl-PL","potentialAction":[{"@type":"ReadAction","target":["https:\/\/www.legimi.pl\/blog\/2014\/09\/przeczytane-w-poznaniu\/"]}]},{"@type":"BreadcrumbList","@id":"https:\/\/www.legimi.pl\/blog\/2014\/09\/przeczytane-w-poznaniu\/#breadcrumb","itemListElement":[{"@type":"ListItem","position":1,"name":"Home","item":"https:\/\/www.legimi.pl\/blog\/"},{"@type":"ListItem","position":2,"name":"W Poznaniu lubimy czyta\u0107. I wygrywa\u0107!"}]},{"@type":"WebSite","@id":"https:\/\/www.legimi.pl\/blog\/#website","url":"https:\/\/www.legimi.pl\/blog\/","name":"Legimi - blog","description":"","potentialAction":[{"@type":"SearchAction","target":{"@type":"EntryPoint","urlTemplate":"https:\/\/www.legimi.pl\/blog\/?s={search_term_string}"},"query-input":{"@type":"PropertyValueSpecification","valueRequired":true,"valueName":"search_term_string"}}],"inLanguage":"pl-PL"},{"@type":"Person","@id":"https:\/\/www.legimi.pl\/blog\/#\/schema\/person\/013f97035ae1fdf973b8fd3776d7de1a","name":"Artur Wasilewski","image":{"@type":"ImageObject","inLanguage":"pl-PL","@id":"https:\/\/secure.gravatar.com\/avatar\/a2c5bd071e11cadcae62220148c518d2cf06b85487581b29f3ac49739c9b78e5?s=96&d=mm&r=g","url":"https:\/\/secure.gravatar.com\/avatar\/a2c5bd071e11cadcae62220148c518d2cf06b85487581b29f3ac49739c9b78e5?s=96&d=mm&r=g","contentUrl":"https:\/\/secure.gravatar.com\/avatar\/a2c5bd071e11cadcae62220148c518d2cf06b85487581b29f3ac49739c9b78e5?s=96&d=mm&r=g","caption":"Artur Wasilewski"},"url":"https:\/\/www.legimi.pl\/blog\/author\/artur-wasilewski\/"}]}},"_links":{"self":[{"href":"https:\/\/www.legimi.pl\/blog\/wp-json\/wp\/v2\/posts\/1431","targetHints":{"allow":["GET"]}}],"collection":[{"href":"https:\/\/www.legimi.pl\/blog\/wp-json\/wp\/v2\/posts"}],"about":[{"href":"https:\/\/www.legimi.pl\/blog\/wp-json\/wp\/v2\/types\/post"}],"author":[{"embeddable":true,"href":"https:\/\/www.legimi.pl\/blog\/wp-json\/wp\/v2\/users\/21"}],"replies":[{"embeddable":true,"href":"https:\/\/www.legimi.pl\/blog\/wp-json\/wp\/v2\/comments?post=1431"}],"version-history":[{"count":2,"href":"https:\/\/www.legimi.pl\/blog\/wp-json\/wp\/v2\/posts\/1431\/revisions"}],"predecessor-version":[{"id":1451,"href":"https:\/\/www.legimi.pl\/blog\/wp-json\/wp\/v2\/posts\/1431\/revisions\/1451"}],"wp:attachment":[{"href":"https:\/\/www.legimi.pl\/blog\/wp-json\/wp\/v2\/media?parent=1431"}],"wp:term":[{"taxonomy":"category","embeddable":true,"href":"https:\/\/www.legimi.pl\/blog\/wp-json\/wp\/v2\/categories?post=1431"},{"taxonomy":"post_tag","embeddable":true,"href":"https:\/\/www.legimi.pl\/blog\/wp-json\/wp\/v2\/tags?post=1431"}],"curies":[{"name":"wp","href":"https:\/\/api.w.org\/{rel}","templated":true}]}}