{"id":1301,"date":"2014-08-21T15:19:58","date_gmt":"2014-08-21T13:19:58","guid":{"rendered":"http:\/\/blog.legimi.com\/?p=1301"},"modified":"2014-08-21T15:19:58","modified_gmt":"2014-08-21T13:19:58","slug":"cabre-ostatni-dzien-lata-bakula-na-kredyt","status":"publish","type":"post","link":"https:\/\/www.legimi.pl\/blog\/2014\/08\/cabre-ostatni-dzien-lata-bakula-na-kredyt\/","title":{"rendered":"Cabr\u00e9, Ostatni dzie\u0144 lata, Baku\u0142a na kredyt"},"content":{"rendered":"<p>Nowo\u015bci, nowo\u015bci, nowo\u015bci, a w\u015br\u00f3d nich prawdziwa pere\u0142ka. Prosto z Katalonii.<\/p>\n<p style=\"text-align: center;\"><a href=\"http:\/\/blog.legimi.com\/wp-content\/uploads\/2014\/08\/okladki_blog_21_08.jpg\"><img loading=\"lazy\" decoding=\"async\" class=\"aligncenter size-full wp-image-1311\" src=\"http:\/\/blog.legimi.com\/wp-content\/uploads\/2014\/08\/okladki_blog_21_08.jpg\" alt=\"\" width=\"607\" height=\"300\" srcset=\"https:\/\/blog.legimi.pl\/wp-content\/uploads\/2014\/08\/okladki_blog_21_08.jpg 607w, https:\/\/blog.legimi.pl\/wp-content\/uploads\/2014\/08\/okladki_blog_21_08-300x148.jpg 300w\" sizes=\"auto, (max-width: 607px) 100vw, 607px\" \/><\/a><\/p>\n<p><em>S\u0142awa i chwa\u0142a.<\/em><br \/>\nKomu? Temu samemu, kt\u00f3ry rok temu tak bardzo zafascynowa\u0142 czytelnik\u00f3w i czytelniczki w Polsce ksi\u0105\u017ck\u0105 Wyznaj\u0119. Tym razem ukazuje si\u0119 powie\u015b\u0107, dzi\u0119ki kt\u00f3rej \u015bwiat pozna\u0142 si\u0119 na talencie Jaume Cabr\u00e9. Katalo\u0144czyk si\u0119ga po temat do dzi\u015b budz\u0105cy spory i kontrowersje w ca\u0142ej Hiszpanii, a mianowicie wojn\u0119 domow\u0105 i lata rz\u0105d\u00f3w gen. Franco. To przejmuj\u0105ca opowie\u015b\u0107 o ludziach. Tych z\u0142ych i dobrych, odwa\u017cnych i tch\u00f3rzliwych. Poruszaj\u0105ca lektura.<br \/>\n<a href=\"www.legimi.com\/pl\/ebook-glosy-pamano-jaume-cabre,b84703.html\">Jaume Cabr\u00e9 &#8211; G\u0142osy Pamano (wyd. Marginesy)<\/a><\/p>\n<p><em>Niezwykle powa\u017cne lato.<\/em><br \/>\nKsi\u0105\u017cek o dojrzewaniu, wkraczaniu w \u015bwiat doros\u0142ych napisano ju\u017c wiele. Ta jest bez w\u0105tpienia jedn\u0105 z lepszych, jakie przysz\u0142o mi czyta\u0107. Doceniam prac\u0119 autorki tym bardziej, \u017ce wiarygodne przedstawienie stanu ducha nastolatka to sztuka nie lada. Kilkudniowy, ekspresowy i niezwykle trudny kurs doros\u0142o\u015bci mo\u017ce odcisn\u0105\u0107 pi\u0119tno na ca\u0142e \u017cycie. Szczeg\u00f3lnie, gdy cz\u0142owiek uczestniczy w nim nie do ko\u0144ca z w\u0142asnej woli&#8230;<br \/>\n<a href=\"http:\/\/www.legimi.com\/pl\/ebook-ostatni-dzien-lata-joyce-maynard,b84718.html\">Joyce Maynard &#8211; Ostatni dzie\u0144 lata (wyd. MUZA)<\/a><\/p>\n<p><em>Uwaga &#8211; bez cenzury.<\/em><br \/>\nFan\u00f3w literackich wyczyn\u00f3w Hanny Baku\u0142y ci u nas dostatek, wi\u0119c czym pr\u0119dzej donosz\u0119 o nowej ksi\u0105\u017cce malarki. To zbi\u00f3r felieton\u00f3w, w kt\u00f3rych jak zawsze dowcipnie, ale i k\u0105\u015bliwie obna\u017ca nasze polskie wady. Tym razem zajmuje si\u0119 tytu\u0142owym aspektem \u017cycia i mi\u0119dzyludzkich&#8230; stosunk\u00f3w. Dostaje si\u0119 g\u0142\u00f3wnie facetom, jak to u Baku\u0142y. Cho\u0107 w trakcie lektury jest przede wszystkim \u015bmiesznie, to jednak po jej zako\u0144czeniu z ty\u0142u g\u0142owy zostaje refleksja. Nie zawsze weso\u0142a.<br \/>\n<a href=\"www.legimi.com\/pl\/ebook-seks-na-kredyt-czyli-jak-dostac-gratis-hanna-bakula,b84646.html\">Hanna Baku\u0142a &#8211; Seks na kredyt, czyli jak dosta\u0107 gratis (wyd. Burda Ksi\u0105\u017cki)<\/a><\/p>\n","protected":false},"excerpt":{"rendered":"<p>Nowo\u015bci, nowo\u015bci, nowo\u015bci, a w\u015br\u00f3d nich prawdziwa pere\u0142ka. Prosto z Katalonii. S\u0142awa i chwa\u0142a. Komu? Temu samemu, kt\u00f3ry rok temu tak bardzo zafascynowa\u0142 czytelnik\u00f3w i czytelniczki w Polsce ksi\u0105\u017ck\u0105 Wyznaj\u0119. Tym razem ukazuje si\u0119 powie\u015b\u0107, dzi\u0119ki kt\u00f3rej \u015bwiat pozna\u0142 si\u0119 na talencie Jaume Cabr\u00e9. Katalo\u0144czyk si\u0119ga po temat do dzi\u015b budz\u0105cy spory i kontrowersje w [&hellip;]<\/p>\n","protected":false},"author":21,"featured_media":0,"comment_status":"open","ping_status":"open","sticky":false,"template":"","format":"standard","meta":{"footnotes":""},"categories":[11,61,121],"tags":[3581,3561,3551,3571,3601,3591],"class_list":["post-1301","post","type-post","status-publish","format-standard","hentry","category-abonament-2","category-czytaj-bez-limitu","category-nowosci","tag-glosy-pamano","tag-hanna-bakula","tag-jaume-cabre","tag-joyce-maynard","tag-ostatni-dzien-lata","tag-seks-na-kredyt"],"yoast_head":"<!-- This site is optimized with the Yoast SEO plugin v27.5 - https:\/\/yoast.com\/product\/yoast-seo-wordpress\/ -->\n<title>Cabr\u00e9, Ostatni dzie\u0144 lata, Baku\u0142a na kredyt - Legimi - blog<\/title>\n<meta name=\"robots\" content=\"index, follow, max-snippet:-1, max-image-preview:large, max-video-preview:-1\" \/>\n<link rel=\"canonical\" href=\"https:\/\/www.legimi.pl\/blog\/2014\/08\/cabre-ostatni-dzien-lata-bakula-na-kredyt\/\" \/>\n<meta property=\"og:locale\" content=\"pl_PL\" \/>\n<meta property=\"og:type\" content=\"article\" \/>\n<meta property=\"og:title\" content=\"Cabr\u00e9, Ostatni dzie\u0144 lata, Baku\u0142a na kredyt - Legimi - blog\" \/>\n<meta property=\"og:description\" content=\"Nowo\u015bci, nowo\u015bci, nowo\u015bci, a w\u015br\u00f3d nich prawdziwa pere\u0142ka. Prosto z Katalonii. S\u0142awa i chwa\u0142a. Komu? Temu samemu, kt\u00f3ry rok temu tak bardzo zafascynowa\u0142 czytelnik\u00f3w i czytelniczki w Polsce ksi\u0105\u017ck\u0105 Wyznaj\u0119. Tym razem ukazuje si\u0119 powie\u015b\u0107, dzi\u0119ki kt\u00f3rej \u015bwiat pozna\u0142 si\u0119 na talencie Jaume Cabr\u00e9. Katalo\u0144czyk si\u0119ga po temat do dzi\u015b budz\u0105cy spory i kontrowersje w [&hellip;]\" \/>\n<meta property=\"og:url\" content=\"https:\/\/www.legimi.pl\/blog\/2014\/08\/cabre-ostatni-dzien-lata-bakula-na-kredyt\/\" \/>\n<meta property=\"og:site_name\" content=\"Legimi - blog\" \/>\n<meta property=\"article:published_time\" content=\"2014-08-21T13:19:58+00:00\" \/>\n<meta property=\"og:image\" content=\"http:\/\/blog.legimi.com\/wp-content\/uploads\/2014\/08\/okladki_blog_21_08.jpg\" \/>\n<meta name=\"author\" content=\"Artur Wasilewski\" \/>\n<meta name=\"twitter:card\" content=\"summary_large_image\" \/>\n<meta name=\"twitter:label1\" content=\"Napisane przez\" \/>\n\t<meta name=\"twitter:data1\" content=\"Artur Wasilewski\" \/>\n\t<meta name=\"twitter:label2\" content=\"Szacowany czas czytania\" \/>\n\t<meta name=\"twitter:data2\" content=\"2 minuty\" \/>\n<script type=\"application\/ld+json\" class=\"yoast-schema-graph\">{\"@context\":\"https:\\\/\\\/schema.org\",\"@graph\":[{\"@type\":\"Article\",\"@id\":\"https:\\\/\\\/www.legimi.pl\\\/blog\\\/2014\\\/08\\\/cabre-ostatni-dzien-lata-bakula-na-kredyt\\\/#article\",\"isPartOf\":{\"@id\":\"https:\\\/\\\/www.legimi.pl\\\/blog\\\/2014\\\/08\\\/cabre-ostatni-dzien-lata-bakula-na-kredyt\\\/\"},\"author\":{\"name\":\"Artur Wasilewski\",\"@id\":\"https:\\\/\\\/www.legimi.pl\\\/blog\\\/#\\\/schema\\\/person\\\/013f97035ae1fdf973b8fd3776d7de1a\"},\"headline\":\"Cabr\u00e9, Ostatni dzie\u0144 lata, Baku\u0142a na kredyt\",\"datePublished\":\"2014-08-21T13:19:58+00:00\",\"mainEntityOfPage\":{\"@id\":\"https:\\\/\\\/www.legimi.pl\\\/blog\\\/2014\\\/08\\\/cabre-ostatni-dzien-lata-bakula-na-kredyt\\\/\"},\"wordCount\":316,\"commentCount\":0,\"image\":{\"@id\":\"https:\\\/\\\/www.legimi.pl\\\/blog\\\/2014\\\/08\\\/cabre-ostatni-dzien-lata-bakula-na-kredyt\\\/#primaryimage\"},\"thumbnailUrl\":\"http:\\\/\\\/blog.legimi.com\\\/wp-content\\\/uploads\\\/2014\\\/08\\\/okladki_blog_21_08.jpg\",\"keywords\":[\"G\u0142osy Pamano\",\"Hanna Baku\u0142a\",\"Jaume Cabre\",\"Joyce Maynard\",\"Ostatni dzie\u0144 lata\",\"Seks na kredyt\"],\"articleSection\":[\"Abonament\",\"Czytaj bez limitu\",\"Nowo\u015bci\"],\"inLanguage\":\"pl-PL\",\"potentialAction\":[{\"@type\":\"CommentAction\",\"name\":\"Comment\",\"target\":[\"https:\\\/\\\/www.legimi.pl\\\/blog\\\/2014\\\/08\\\/cabre-ostatni-dzien-lata-bakula-na-kredyt\\\/#respond\"]}]},{\"@type\":\"WebPage\",\"@id\":\"https:\\\/\\\/www.legimi.pl\\\/blog\\\/2014\\\/08\\\/cabre-ostatni-dzien-lata-bakula-na-kredyt\\\/\",\"url\":\"https:\\\/\\\/www.legimi.pl\\\/blog\\\/2014\\\/08\\\/cabre-ostatni-dzien-lata-bakula-na-kredyt\\\/\",\"name\":\"Cabr\u00e9, Ostatni dzie\u0144 lata, Baku\u0142a na kredyt - Legimi - blog\",\"isPartOf\":{\"@id\":\"https:\\\/\\\/www.legimi.pl\\\/blog\\\/#website\"},\"primaryImageOfPage\":{\"@id\":\"https:\\\/\\\/www.legimi.pl\\\/blog\\\/2014\\\/08\\\/cabre-ostatni-dzien-lata-bakula-na-kredyt\\\/#primaryimage\"},\"image\":{\"@id\":\"https:\\\/\\\/www.legimi.pl\\\/blog\\\/2014\\\/08\\\/cabre-ostatni-dzien-lata-bakula-na-kredyt\\\/#primaryimage\"},\"thumbnailUrl\":\"http:\\\/\\\/blog.legimi.com\\\/wp-content\\\/uploads\\\/2014\\\/08\\\/okladki_blog_21_08.jpg\",\"datePublished\":\"2014-08-21T13:19:58+00:00\",\"author\":{\"@id\":\"https:\\\/\\\/www.legimi.pl\\\/blog\\\/#\\\/schema\\\/person\\\/013f97035ae1fdf973b8fd3776d7de1a\"},\"breadcrumb\":{\"@id\":\"https:\\\/\\\/www.legimi.pl\\\/blog\\\/2014\\\/08\\\/cabre-ostatni-dzien-lata-bakula-na-kredyt\\\/#breadcrumb\"},\"inLanguage\":\"pl-PL\",\"potentialAction\":[{\"@type\":\"ReadAction\",\"target\":[\"https:\\\/\\\/www.legimi.pl\\\/blog\\\/2014\\\/08\\\/cabre-ostatni-dzien-lata-bakula-na-kredyt\\\/\"]}]},{\"@type\":\"ImageObject\",\"inLanguage\":\"pl-PL\",\"@id\":\"https:\\\/\\\/www.legimi.pl\\\/blog\\\/2014\\\/08\\\/cabre-ostatni-dzien-lata-bakula-na-kredyt\\\/#primaryimage\",\"url\":\"http:\\\/\\\/blog.legimi.com\\\/wp-content\\\/uploads\\\/2014\\\/08\\\/okladki_blog_21_08.jpg\",\"contentUrl\":\"http:\\\/\\\/blog.legimi.com\\\/wp-content\\\/uploads\\\/2014\\\/08\\\/okladki_blog_21_08.jpg\"},{\"@type\":\"BreadcrumbList\",\"@id\":\"https:\\\/\\\/www.legimi.pl\\\/blog\\\/2014\\\/08\\\/cabre-ostatni-dzien-lata-bakula-na-kredyt\\\/#breadcrumb\",\"itemListElement\":[{\"@type\":\"ListItem\",\"position\":1,\"name\":\"Home\",\"item\":\"https:\\\/\\\/www.legimi.pl\\\/blog\\\/\"},{\"@type\":\"ListItem\",\"position\":2,\"name\":\"Cabr\u00e9, Ostatni dzie\u0144 lata, Baku\u0142a na kredyt\"}]},{\"@type\":\"WebSite\",\"@id\":\"https:\\\/\\\/www.legimi.pl\\\/blog\\\/#website\",\"url\":\"https:\\\/\\\/www.legimi.pl\\\/blog\\\/\",\"name\":\"Legimi - blog\",\"description\":\"\",\"potentialAction\":[{\"@type\":\"SearchAction\",\"target\":{\"@type\":\"EntryPoint\",\"urlTemplate\":\"https:\\\/\\\/www.legimi.pl\\\/blog\\\/?s={search_term_string}\"},\"query-input\":{\"@type\":\"PropertyValueSpecification\",\"valueRequired\":true,\"valueName\":\"search_term_string\"}}],\"inLanguage\":\"pl-PL\"},{\"@type\":\"Person\",\"@id\":\"https:\\\/\\\/www.legimi.pl\\\/blog\\\/#\\\/schema\\\/person\\\/013f97035ae1fdf973b8fd3776d7de1a\",\"name\":\"Artur Wasilewski\",\"image\":{\"@type\":\"ImageObject\",\"inLanguage\":\"pl-PL\",\"@id\":\"https:\\\/\\\/secure.gravatar.com\\\/avatar\\\/a2c5bd071e11cadcae62220148c518d2cf06b85487581b29f3ac49739c9b78e5?s=96&d=mm&r=g\",\"url\":\"https:\\\/\\\/secure.gravatar.com\\\/avatar\\\/a2c5bd071e11cadcae62220148c518d2cf06b85487581b29f3ac49739c9b78e5?s=96&d=mm&r=g\",\"contentUrl\":\"https:\\\/\\\/secure.gravatar.com\\\/avatar\\\/a2c5bd071e11cadcae62220148c518d2cf06b85487581b29f3ac49739c9b78e5?s=96&d=mm&r=g\",\"caption\":\"Artur Wasilewski\"},\"url\":\"https:\\\/\\\/www.legimi.pl\\\/blog\\\/author\\\/artur-wasilewski\\\/\"}]}<\/script>\n<!-- \/ Yoast SEO plugin. -->","yoast_head_json":{"title":"Cabr\u00e9, Ostatni dzie\u0144 lata, Baku\u0142a na kredyt - Legimi - blog","robots":{"index":"index","follow":"follow","max-snippet":"max-snippet:-1","max-image-preview":"max-image-preview:large","max-video-preview":"max-video-preview:-1"},"canonical":"https:\/\/www.legimi.pl\/blog\/2014\/08\/cabre-ostatni-dzien-lata-bakula-na-kredyt\/","og_locale":"pl_PL","og_type":"article","og_title":"Cabr\u00e9, Ostatni dzie\u0144 lata, Baku\u0142a na kredyt - Legimi - blog","og_description":"Nowo\u015bci, nowo\u015bci, nowo\u015bci, a w\u015br\u00f3d nich prawdziwa pere\u0142ka. Prosto z Katalonii. S\u0142awa i chwa\u0142a. Komu? Temu samemu, kt\u00f3ry rok temu tak bardzo zafascynowa\u0142 czytelnik\u00f3w i czytelniczki w Polsce ksi\u0105\u017ck\u0105 Wyznaj\u0119. Tym razem ukazuje si\u0119 powie\u015b\u0107, dzi\u0119ki kt\u00f3rej \u015bwiat pozna\u0142 si\u0119 na talencie Jaume Cabr\u00e9. Katalo\u0144czyk si\u0119ga po temat do dzi\u015b budz\u0105cy spory i kontrowersje w [&hellip;]","og_url":"https:\/\/www.legimi.pl\/blog\/2014\/08\/cabre-ostatni-dzien-lata-bakula-na-kredyt\/","og_site_name":"Legimi - blog","article_published_time":"2014-08-21T13:19:58+00:00","og_image":[{"url":"http:\/\/blog.legimi.com\/wp-content\/uploads\/2014\/08\/okladki_blog_21_08.jpg","type":"","width":"","height":""}],"author":"Artur Wasilewski","twitter_card":"summary_large_image","twitter_misc":{"Napisane przez":"Artur Wasilewski","Szacowany czas czytania":"2 minuty"},"schema":{"@context":"https:\/\/schema.org","@graph":[{"@type":"Article","@id":"https:\/\/www.legimi.pl\/blog\/2014\/08\/cabre-ostatni-dzien-lata-bakula-na-kredyt\/#article","isPartOf":{"@id":"https:\/\/www.legimi.pl\/blog\/2014\/08\/cabre-ostatni-dzien-lata-bakula-na-kredyt\/"},"author":{"name":"Artur Wasilewski","@id":"https:\/\/www.legimi.pl\/blog\/#\/schema\/person\/013f97035ae1fdf973b8fd3776d7de1a"},"headline":"Cabr\u00e9, Ostatni dzie\u0144 lata, Baku\u0142a na kredyt","datePublished":"2014-08-21T13:19:58+00:00","mainEntityOfPage":{"@id":"https:\/\/www.legimi.pl\/blog\/2014\/08\/cabre-ostatni-dzien-lata-bakula-na-kredyt\/"},"wordCount":316,"commentCount":0,"image":{"@id":"https:\/\/www.legimi.pl\/blog\/2014\/08\/cabre-ostatni-dzien-lata-bakula-na-kredyt\/#primaryimage"},"thumbnailUrl":"http:\/\/blog.legimi.com\/wp-content\/uploads\/2014\/08\/okladki_blog_21_08.jpg","keywords":["G\u0142osy Pamano","Hanna Baku\u0142a","Jaume Cabre","Joyce Maynard","Ostatni dzie\u0144 lata","Seks na kredyt"],"articleSection":["Abonament","Czytaj bez limitu","Nowo\u015bci"],"inLanguage":"pl-PL","potentialAction":[{"@type":"CommentAction","name":"Comment","target":["https:\/\/www.legimi.pl\/blog\/2014\/08\/cabre-ostatni-dzien-lata-bakula-na-kredyt\/#respond"]}]},{"@type":"WebPage","@id":"https:\/\/www.legimi.pl\/blog\/2014\/08\/cabre-ostatni-dzien-lata-bakula-na-kredyt\/","url":"https:\/\/www.legimi.pl\/blog\/2014\/08\/cabre-ostatni-dzien-lata-bakula-na-kredyt\/","name":"Cabr\u00e9, Ostatni dzie\u0144 lata, Baku\u0142a na kredyt - Legimi - blog","isPartOf":{"@id":"https:\/\/www.legimi.pl\/blog\/#website"},"primaryImageOfPage":{"@id":"https:\/\/www.legimi.pl\/blog\/2014\/08\/cabre-ostatni-dzien-lata-bakula-na-kredyt\/#primaryimage"},"image":{"@id":"https:\/\/www.legimi.pl\/blog\/2014\/08\/cabre-ostatni-dzien-lata-bakula-na-kredyt\/#primaryimage"},"thumbnailUrl":"http:\/\/blog.legimi.com\/wp-content\/uploads\/2014\/08\/okladki_blog_21_08.jpg","datePublished":"2014-08-21T13:19:58+00:00","author":{"@id":"https:\/\/www.legimi.pl\/blog\/#\/schema\/person\/013f97035ae1fdf973b8fd3776d7de1a"},"breadcrumb":{"@id":"https:\/\/www.legimi.pl\/blog\/2014\/08\/cabre-ostatni-dzien-lata-bakula-na-kredyt\/#breadcrumb"},"inLanguage":"pl-PL","potentialAction":[{"@type":"ReadAction","target":["https:\/\/www.legimi.pl\/blog\/2014\/08\/cabre-ostatni-dzien-lata-bakula-na-kredyt\/"]}]},{"@type":"ImageObject","inLanguage":"pl-PL","@id":"https:\/\/www.legimi.pl\/blog\/2014\/08\/cabre-ostatni-dzien-lata-bakula-na-kredyt\/#primaryimage","url":"http:\/\/blog.legimi.com\/wp-content\/uploads\/2014\/08\/okladki_blog_21_08.jpg","contentUrl":"http:\/\/blog.legimi.com\/wp-content\/uploads\/2014\/08\/okladki_blog_21_08.jpg"},{"@type":"BreadcrumbList","@id":"https:\/\/www.legimi.pl\/blog\/2014\/08\/cabre-ostatni-dzien-lata-bakula-na-kredyt\/#breadcrumb","itemListElement":[{"@type":"ListItem","position":1,"name":"Home","item":"https:\/\/www.legimi.pl\/blog\/"},{"@type":"ListItem","position":2,"name":"Cabr\u00e9, Ostatni dzie\u0144 lata, Baku\u0142a na kredyt"}]},{"@type":"WebSite","@id":"https:\/\/www.legimi.pl\/blog\/#website","url":"https:\/\/www.legimi.pl\/blog\/","name":"Legimi - blog","description":"","potentialAction":[{"@type":"SearchAction","target":{"@type":"EntryPoint","urlTemplate":"https:\/\/www.legimi.pl\/blog\/?s={search_term_string}"},"query-input":{"@type":"PropertyValueSpecification","valueRequired":true,"valueName":"search_term_string"}}],"inLanguage":"pl-PL"},{"@type":"Person","@id":"https:\/\/www.legimi.pl\/blog\/#\/schema\/person\/013f97035ae1fdf973b8fd3776d7de1a","name":"Artur Wasilewski","image":{"@type":"ImageObject","inLanguage":"pl-PL","@id":"https:\/\/secure.gravatar.com\/avatar\/a2c5bd071e11cadcae62220148c518d2cf06b85487581b29f3ac49739c9b78e5?s=96&d=mm&r=g","url":"https:\/\/secure.gravatar.com\/avatar\/a2c5bd071e11cadcae62220148c518d2cf06b85487581b29f3ac49739c9b78e5?s=96&d=mm&r=g","contentUrl":"https:\/\/secure.gravatar.com\/avatar\/a2c5bd071e11cadcae62220148c518d2cf06b85487581b29f3ac49739c9b78e5?s=96&d=mm&r=g","caption":"Artur Wasilewski"},"url":"https:\/\/www.legimi.pl\/blog\/author\/artur-wasilewski\/"}]}},"_links":{"self":[{"href":"https:\/\/www.legimi.pl\/blog\/wp-json\/wp\/v2\/posts\/1301","targetHints":{"allow":["GET"]}}],"collection":[{"href":"https:\/\/www.legimi.pl\/blog\/wp-json\/wp\/v2\/posts"}],"about":[{"href":"https:\/\/www.legimi.pl\/blog\/wp-json\/wp\/v2\/types\/post"}],"author":[{"embeddable":true,"href":"https:\/\/www.legimi.pl\/blog\/wp-json\/wp\/v2\/users\/21"}],"replies":[{"embeddable":true,"href":"https:\/\/www.legimi.pl\/blog\/wp-json\/wp\/v2\/comments?post=1301"}],"version-history":[{"count":1,"href":"https:\/\/www.legimi.pl\/blog\/wp-json\/wp\/v2\/posts\/1301\/revisions"}],"predecessor-version":[{"id":1321,"href":"https:\/\/www.legimi.pl\/blog\/wp-json\/wp\/v2\/posts\/1301\/revisions\/1321"}],"wp:attachment":[{"href":"https:\/\/www.legimi.pl\/blog\/wp-json\/wp\/v2\/media?parent=1301"}],"wp:term":[{"taxonomy":"category","embeddable":true,"href":"https:\/\/www.legimi.pl\/blog\/wp-json\/wp\/v2\/categories?post=1301"},{"taxonomy":"post_tag","embeddable":true,"href":"https:\/\/www.legimi.pl\/blog\/wp-json\/wp\/v2\/tags?post=1301"}],"curies":[{"name":"wp","href":"https:\/\/api.w.org\/{rel}","templated":true}]}}