{"id":1202,"date":"2014-06-23T17:10:29","date_gmt":"2014-06-23T15:10:29","guid":{"rendered":"http:\/\/blog.legimi.com\/?p=1202"},"modified":"2014-06-23T17:10:29","modified_gmt":"2014-06-23T15:10:29","slug":"na-dobry-poczatek-lata-polska-na-urlop-dochodzenie-iii-i-premierowa-katherine-webb","status":"publish","type":"post","link":"https:\/\/www.legimi.pl\/blog\/2014\/06\/na-dobry-poczatek-lata-polska-na-urlop-dochodzenie-iii-i-premierowa-katherine-webb\/","title":{"rendered":"Na dobry pocz\u0105tek lata &#8211; Polska na urlop, Dochodzenie III i&#8230; premierowa Katherine Webb"},"content":{"rendered":"<p style=\"text-align: justify;\">Nadesz\u0142o. Wreszcie. Lato. Niewa\u017cne, czy ksi\u0105\u017cki w czasie wakacyjnych woja\u017cy maj\u0105 Ci uprzyjemni\u0107 pobyt, czy pom\u00f3c w jak najlepszym zaplanowaniu innych aktywno\u015bci &#8211; mam co\u015b dla Ciebie. Dok\u0142adniej ponad 5 000 cosi\u00f3w. Oto najnowsze.<\/p>\n<p style=\"text-align: center;\"><a href=\"http:\/\/legimiblog.azurewebsites.net\/wp-content\/uploads\/2014\/06\/okladki_premiery_20140623.jpg\"><img loading=\"lazy\" decoding=\"async\" class=\"aligncenter size-full wp-image-1203\" alt=\"okladki_premiery_20140623\" src=\"http:\/\/legimiblog.azurewebsites.net\/wp-content\/uploads\/2014\/06\/okladki_premiery_20140623.jpg\" width=\"730\" height=\"326\" srcset=\"https:\/\/blog.legimi.pl\/wp-content\/uploads\/2014\/06\/okladki_premiery_20140623.jpg 730w, https:\/\/blog.legimi.pl\/wp-content\/uploads\/2014\/06\/okladki_premiery_20140623-300x133.jpg 300w\" sizes=\"auto, (max-width: 730px) 100vw, 730px\" \/><\/a><\/p>\n<p style=\"text-align: justify;\">Ju\u017c czas &#8211; dla niekt\u00f3rych na urlop, dla innych dopiero planowanie tego\u017c. Je\u015bli my\u015blisz o wakacjach mi\u0119dzy Odr\u0105 a Bugiem, to koniecznie zerknij do tej ksi\u0105\u017cki. Dla aktywnych i leniuch\u00f3w. Tych, kt\u00f3rzy chc\u0105 do miasta i planuj\u0105cych od zgie\u0142ku odpocz\u0105\u0107. Bo przecie\u017c Polska oferuje niewiarygodn\u0105 r\u00f3\u017cnorodno\u015b\u0107 atrakcji. Nie tylko latem zreszt\u0105.<br \/>\n<a href=\"www.legimi.com\/pl\/ebook-polska-na-urlop-dariusz-jedrzejewski,b81070.html\">Dariusz J\u0119drzejewski &#8211; Polska na urlop (wyd. Burda Ksi\u0105\u017cki)<\/a><\/p>\n<p style=\"text-align: justify;\">A mo\u017ce na Wyspy? Brytyjskie, \u017cadne tam Malediwy itd. Okazja wy\u015bmienita, bo zabiera nas Katherine Webb (autorka niesamowitego Dziedzictwa). Zn\u00f3w tera\u017aniejszo\u015b\u0107 \u0142\u0105czy si\u0119 ze skomplikowan\u0105 przesz\u0142o\u015bci\u0105, towarzyszymy rodz\u0105cym si\u0119 nami\u0119tno\u015bciom i tajemnicom. Ol\u015bniewaj\u0105ca klimatem powie\u015b\u0107, idealnie nadaj\u0105ca si\u0119 na leniwe lato.<br \/>\n<a href=\"http:\/\/www.legimi.com\/pl\/ebook-echa-pamieci-katherine-webb,b80168.html\">Katherine Webb &#8211; Echa pami\u0119ci (wyd. Insignis)<\/a><\/p>\n<p style=\"text-align: justify;\">Sarah Lund powraca. Nie do\u015b\u0107, \u017ce przed ni\u0105 kolejne skomplikowane \u015bledztwo, to jeszcze komplikacje w relacjach z najbli\u017cszymi, szczeg\u00f3lnie dorastaj\u0105cym synem, wydaj\u0105 si\u0119 nie mie\u0107 ko\u0144ca. Powraca r\u00f3wnie\u017c w\u0105tek prominentnych polityk\u00f3w (w tym urz\u0119duj\u0105cego premiera) i ich niejasnych powi\u0105za\u0144. Kopenhaga po raz kolejnych ukazuje swoje mroczne, zupe\u0142nie nieturystyczne oblicze.<br \/>\n<a href=\"http:\/\/www.legimi.com\/pl\/ebook-dochodzenie-iii-david-hewson,b81322.html\">David Hewson &#8211; Dochodzenie III (wyd. Marginesy)<\/a><\/p>\n<p style=\"text-align: justify;\">Niez\u0142y zestaw. Po co by nie si\u0119gn\u0105\u0107 &#8211; emocje gwarantowane. I tak powinno by\u0107 w ka\u017cdym abonamencie ;).<\/p>\n","protected":false},"excerpt":{"rendered":"<p>Nadesz\u0142o. Wreszcie. Lato. Niewa\u017cne, czy ksi\u0105\u017cki w czasie wakacyjnych woja\u017cy maj\u0105 Ci uprzyjemni\u0107 pobyt, czy pom\u00f3c w jak najlepszym zaplanowaniu innych aktywno\u015bci &#8211; mam co\u015b dla Ciebie. Dok\u0142adniej ponad 5 000 cosi\u00f3w. Oto najnowsze. Ju\u017c czas &#8211; dla niekt\u00f3rych na urlop, dla innych dopiero planowanie tego\u017c. Je\u015bli my\u015blisz o wakacjach mi\u0119dzy Odr\u0105 a Bugiem, to [&hellip;]<\/p>\n","protected":false},"author":21,"featured_media":0,"comment_status":"closed","ping_status":"open","sticky":false,"template":"","format":"standard","meta":{"footnotes":""},"categories":[11,61,71,121],"tags":[861,1881,1961,2031,2541,2571,2641,2671,2991,3151,3171],"class_list":["post-1202","post","type-post","status-publish","format-standard","hentry","category-abonament-2","category-czytaj-bez-limitu","category-e-booki","category-nowosci","tag-dochodzenie","tag-kryminal","tag-ktherine-webb","tag-lato","tag-polska","tag-powiesc-obyczajowa","tag-proza","tag-przewodniki","tag-the-killing","tag-urlop","tag-wakacje"],"yoast_head":"<!-- This site is optimized with the Yoast SEO plugin v27.4 - https:\/\/yoast.com\/product\/yoast-seo-wordpress\/ -->\n<title>Na dobry pocz\u0105tek lata - Polska na urlop, Dochodzenie III i... premierowa Katherine Webb - Legimi - blog<\/title>\n<meta name=\"robots\" content=\"index, follow, max-snippet:-1, max-image-preview:large, max-video-preview:-1\" \/>\n<link rel=\"canonical\" href=\"https:\/\/www.legimi.pl\/blog\/2014\/06\/na-dobry-poczatek-lata-polska-na-urlop-dochodzenie-iii-i-premierowa-katherine-webb\/\" \/>\n<meta property=\"og:locale\" content=\"pl_PL\" \/>\n<meta property=\"og:type\" content=\"article\" \/>\n<meta property=\"og:title\" content=\"Na dobry pocz\u0105tek lata - Polska na urlop, Dochodzenie III i... premierowa Katherine Webb - Legimi - blog\" \/>\n<meta property=\"og:description\" content=\"Nadesz\u0142o. Wreszcie. Lato. Niewa\u017cne, czy ksi\u0105\u017cki w czasie wakacyjnych woja\u017cy maj\u0105 Ci uprzyjemni\u0107 pobyt, czy pom\u00f3c w jak najlepszym zaplanowaniu innych aktywno\u015bci &#8211; mam co\u015b dla Ciebie. Dok\u0142adniej ponad 5 000 cosi\u00f3w. Oto najnowsze. Ju\u017c czas &#8211; dla niekt\u00f3rych na urlop, dla innych dopiero planowanie tego\u017c. Je\u015bli my\u015blisz o wakacjach mi\u0119dzy Odr\u0105 a Bugiem, to [&hellip;]\" \/>\n<meta property=\"og:url\" content=\"https:\/\/www.legimi.pl\/blog\/2014\/06\/na-dobry-poczatek-lata-polska-na-urlop-dochodzenie-iii-i-premierowa-katherine-webb\/\" \/>\n<meta property=\"og:site_name\" content=\"Legimi - blog\" \/>\n<meta property=\"article:published_time\" content=\"2014-06-23T15:10:29+00:00\" \/>\n<meta property=\"og:image\" content=\"http:\/\/legimiblog.azurewebsites.net\/wp-content\/uploads\/2014\/06\/okladki_premiery_20140623.jpg\" \/>\n<meta name=\"author\" content=\"Artur Wasilewski\" \/>\n<meta name=\"twitter:card\" content=\"summary_large_image\" \/>\n<meta name=\"twitter:label1\" content=\"Napisane przez\" \/>\n\t<meta name=\"twitter:data1\" content=\"Artur Wasilewski\" \/>\n\t<meta name=\"twitter:label2\" content=\"Szacowany czas czytania\" \/>\n\t<meta name=\"twitter:data2\" content=\"1 minuta\" \/>\n<script type=\"application\/ld+json\" class=\"yoast-schema-graph\">{\"@context\":\"https:\\\/\\\/schema.org\",\"@graph\":[{\"@type\":\"Article\",\"@id\":\"https:\\\/\\\/www.legimi.pl\\\/blog\\\/2014\\\/06\\\/na-dobry-poczatek-lata-polska-na-urlop-dochodzenie-iii-i-premierowa-katherine-webb\\\/#article\",\"isPartOf\":{\"@id\":\"https:\\\/\\\/www.legimi.pl\\\/blog\\\/2014\\\/06\\\/na-dobry-poczatek-lata-polska-na-urlop-dochodzenie-iii-i-premierowa-katherine-webb\\\/\"},\"author\":{\"name\":\"Artur Wasilewski\",\"@id\":\"https:\\\/\\\/www.legimi.pl\\\/blog\\\/#\\\/schema\\\/person\\\/013f97035ae1fdf973b8fd3776d7de1a\"},\"headline\":\"Na dobry pocz\u0105tek lata &#8211; Polska na urlop, Dochodzenie III i&#8230; premierowa Katherine Webb\",\"datePublished\":\"2014-06-23T15:10:29+00:00\",\"mainEntityOfPage\":{\"@id\":\"https:\\\/\\\/www.legimi.pl\\\/blog\\\/2014\\\/06\\\/na-dobry-poczatek-lata-polska-na-urlop-dochodzenie-iii-i-premierowa-katherine-webb\\\/\"},\"wordCount\":275,\"image\":{\"@id\":\"https:\\\/\\\/www.legimi.pl\\\/blog\\\/2014\\\/06\\\/na-dobry-poczatek-lata-polska-na-urlop-dochodzenie-iii-i-premierowa-katherine-webb\\\/#primaryimage\"},\"thumbnailUrl\":\"http:\\\/\\\/legimiblog.azurewebsites.net\\\/wp-content\\\/uploads\\\/2014\\\/06\\\/okladki_premiery_20140623.jpg\",\"keywords\":[\"Dochodzenie\",\"krymina\u0142\",\"Ktherine Webb\",\"lato\",\"Polska\",\"powie\u015b\u0107 obyczajowa\",\"proza\",\"przewodniki\",\"The Killing\",\"urlop\",\"wakacje\"],\"articleSection\":[\"Abonament\",\"Czytaj bez limitu\",\"E-booki\",\"Nowo\u015bci\"],\"inLanguage\":\"pl-PL\"},{\"@type\":\"WebPage\",\"@id\":\"https:\\\/\\\/www.legimi.pl\\\/blog\\\/2014\\\/06\\\/na-dobry-poczatek-lata-polska-na-urlop-dochodzenie-iii-i-premierowa-katherine-webb\\\/\",\"url\":\"https:\\\/\\\/www.legimi.pl\\\/blog\\\/2014\\\/06\\\/na-dobry-poczatek-lata-polska-na-urlop-dochodzenie-iii-i-premierowa-katherine-webb\\\/\",\"name\":\"Na dobry pocz\u0105tek lata - Polska na urlop, Dochodzenie III i... premierowa Katherine Webb - Legimi - blog\",\"isPartOf\":{\"@id\":\"https:\\\/\\\/www.legimi.pl\\\/blog\\\/#website\"},\"primaryImageOfPage\":{\"@id\":\"https:\\\/\\\/www.legimi.pl\\\/blog\\\/2014\\\/06\\\/na-dobry-poczatek-lata-polska-na-urlop-dochodzenie-iii-i-premierowa-katherine-webb\\\/#primaryimage\"},\"image\":{\"@id\":\"https:\\\/\\\/www.legimi.pl\\\/blog\\\/2014\\\/06\\\/na-dobry-poczatek-lata-polska-na-urlop-dochodzenie-iii-i-premierowa-katherine-webb\\\/#primaryimage\"},\"thumbnailUrl\":\"http:\\\/\\\/legimiblog.azurewebsites.net\\\/wp-content\\\/uploads\\\/2014\\\/06\\\/okladki_premiery_20140623.jpg\",\"datePublished\":\"2014-06-23T15:10:29+00:00\",\"author\":{\"@id\":\"https:\\\/\\\/www.legimi.pl\\\/blog\\\/#\\\/schema\\\/person\\\/013f97035ae1fdf973b8fd3776d7de1a\"},\"breadcrumb\":{\"@id\":\"https:\\\/\\\/www.legimi.pl\\\/blog\\\/2014\\\/06\\\/na-dobry-poczatek-lata-polska-na-urlop-dochodzenie-iii-i-premierowa-katherine-webb\\\/#breadcrumb\"},\"inLanguage\":\"pl-PL\",\"potentialAction\":[{\"@type\":\"ReadAction\",\"target\":[\"https:\\\/\\\/www.legimi.pl\\\/blog\\\/2014\\\/06\\\/na-dobry-poczatek-lata-polska-na-urlop-dochodzenie-iii-i-premierowa-katherine-webb\\\/\"]}]},{\"@type\":\"ImageObject\",\"inLanguage\":\"pl-PL\",\"@id\":\"https:\\\/\\\/www.legimi.pl\\\/blog\\\/2014\\\/06\\\/na-dobry-poczatek-lata-polska-na-urlop-dochodzenie-iii-i-premierowa-katherine-webb\\\/#primaryimage\",\"url\":\"http:\\\/\\\/legimiblog.azurewebsites.net\\\/wp-content\\\/uploads\\\/2014\\\/06\\\/okladki_premiery_20140623.jpg\",\"contentUrl\":\"http:\\\/\\\/legimiblog.azurewebsites.net\\\/wp-content\\\/uploads\\\/2014\\\/06\\\/okladki_premiery_20140623.jpg\"},{\"@type\":\"BreadcrumbList\",\"@id\":\"https:\\\/\\\/www.legimi.pl\\\/blog\\\/2014\\\/06\\\/na-dobry-poczatek-lata-polska-na-urlop-dochodzenie-iii-i-premierowa-katherine-webb\\\/#breadcrumb\",\"itemListElement\":[{\"@type\":\"ListItem\",\"position\":1,\"name\":\"Home\",\"item\":\"https:\\\/\\\/www.legimi.pl\\\/blog\\\/\"},{\"@type\":\"ListItem\",\"position\":2,\"name\":\"Na dobry pocz\u0105tek lata &#8211; Polska na urlop, Dochodzenie III i&#8230; premierowa Katherine Webb\"}]},{\"@type\":\"WebSite\",\"@id\":\"https:\\\/\\\/www.legimi.pl\\\/blog\\\/#website\",\"url\":\"https:\\\/\\\/www.legimi.pl\\\/blog\\\/\",\"name\":\"Legimi - blog\",\"description\":\"\",\"potentialAction\":[{\"@type\":\"SearchAction\",\"target\":{\"@type\":\"EntryPoint\",\"urlTemplate\":\"https:\\\/\\\/www.legimi.pl\\\/blog\\\/?s={search_term_string}\"},\"query-input\":{\"@type\":\"PropertyValueSpecification\",\"valueRequired\":true,\"valueName\":\"search_term_string\"}}],\"inLanguage\":\"pl-PL\"},{\"@type\":\"Person\",\"@id\":\"https:\\\/\\\/www.legimi.pl\\\/blog\\\/#\\\/schema\\\/person\\\/013f97035ae1fdf973b8fd3776d7de1a\",\"name\":\"Artur Wasilewski\",\"image\":{\"@type\":\"ImageObject\",\"inLanguage\":\"pl-PL\",\"@id\":\"https:\\\/\\\/secure.gravatar.com\\\/avatar\\\/a2c5bd071e11cadcae62220148c518d2cf06b85487581b29f3ac49739c9b78e5?s=96&d=mm&r=g\",\"url\":\"https:\\\/\\\/secure.gravatar.com\\\/avatar\\\/a2c5bd071e11cadcae62220148c518d2cf06b85487581b29f3ac49739c9b78e5?s=96&d=mm&r=g\",\"contentUrl\":\"https:\\\/\\\/secure.gravatar.com\\\/avatar\\\/a2c5bd071e11cadcae62220148c518d2cf06b85487581b29f3ac49739c9b78e5?s=96&d=mm&r=g\",\"caption\":\"Artur Wasilewski\"},\"url\":\"https:\\\/\\\/www.legimi.pl\\\/blog\\\/author\\\/artur-wasilewski\\\/\"}]}<\/script>\n<!-- \/ Yoast SEO plugin. -->","yoast_head_json":{"title":"Na dobry pocz\u0105tek lata - Polska na urlop, Dochodzenie III i... premierowa Katherine Webb - Legimi - blog","robots":{"index":"index","follow":"follow","max-snippet":"max-snippet:-1","max-image-preview":"max-image-preview:large","max-video-preview":"max-video-preview:-1"},"canonical":"https:\/\/www.legimi.pl\/blog\/2014\/06\/na-dobry-poczatek-lata-polska-na-urlop-dochodzenie-iii-i-premierowa-katherine-webb\/","og_locale":"pl_PL","og_type":"article","og_title":"Na dobry pocz\u0105tek lata - Polska na urlop, Dochodzenie III i... premierowa Katherine Webb - Legimi - blog","og_description":"Nadesz\u0142o. Wreszcie. Lato. Niewa\u017cne, czy ksi\u0105\u017cki w czasie wakacyjnych woja\u017cy maj\u0105 Ci uprzyjemni\u0107 pobyt, czy pom\u00f3c w jak najlepszym zaplanowaniu innych aktywno\u015bci &#8211; mam co\u015b dla Ciebie. Dok\u0142adniej ponad 5 000 cosi\u00f3w. Oto najnowsze. Ju\u017c czas &#8211; dla niekt\u00f3rych na urlop, dla innych dopiero planowanie tego\u017c. Je\u015bli my\u015blisz o wakacjach mi\u0119dzy Odr\u0105 a Bugiem, to [&hellip;]","og_url":"https:\/\/www.legimi.pl\/blog\/2014\/06\/na-dobry-poczatek-lata-polska-na-urlop-dochodzenie-iii-i-premierowa-katherine-webb\/","og_site_name":"Legimi - blog","article_published_time":"2014-06-23T15:10:29+00:00","og_image":[{"url":"http:\/\/legimiblog.azurewebsites.net\/wp-content\/uploads\/2014\/06\/okladki_premiery_20140623.jpg","type":"","width":"","height":""}],"author":"Artur Wasilewski","twitter_card":"summary_large_image","twitter_misc":{"Napisane przez":"Artur Wasilewski","Szacowany czas czytania":"1 minuta"},"schema":{"@context":"https:\/\/schema.org","@graph":[{"@type":"Article","@id":"https:\/\/www.legimi.pl\/blog\/2014\/06\/na-dobry-poczatek-lata-polska-na-urlop-dochodzenie-iii-i-premierowa-katherine-webb\/#article","isPartOf":{"@id":"https:\/\/www.legimi.pl\/blog\/2014\/06\/na-dobry-poczatek-lata-polska-na-urlop-dochodzenie-iii-i-premierowa-katherine-webb\/"},"author":{"name":"Artur Wasilewski","@id":"https:\/\/www.legimi.pl\/blog\/#\/schema\/person\/013f97035ae1fdf973b8fd3776d7de1a"},"headline":"Na dobry pocz\u0105tek lata &#8211; Polska na urlop, Dochodzenie III i&#8230; premierowa Katherine Webb","datePublished":"2014-06-23T15:10:29+00:00","mainEntityOfPage":{"@id":"https:\/\/www.legimi.pl\/blog\/2014\/06\/na-dobry-poczatek-lata-polska-na-urlop-dochodzenie-iii-i-premierowa-katherine-webb\/"},"wordCount":275,"image":{"@id":"https:\/\/www.legimi.pl\/blog\/2014\/06\/na-dobry-poczatek-lata-polska-na-urlop-dochodzenie-iii-i-premierowa-katherine-webb\/#primaryimage"},"thumbnailUrl":"http:\/\/legimiblog.azurewebsites.net\/wp-content\/uploads\/2014\/06\/okladki_premiery_20140623.jpg","keywords":["Dochodzenie","krymina\u0142","Ktherine Webb","lato","Polska","powie\u015b\u0107 obyczajowa","proza","przewodniki","The Killing","urlop","wakacje"],"articleSection":["Abonament","Czytaj bez limitu","E-booki","Nowo\u015bci"],"inLanguage":"pl-PL"},{"@type":"WebPage","@id":"https:\/\/www.legimi.pl\/blog\/2014\/06\/na-dobry-poczatek-lata-polska-na-urlop-dochodzenie-iii-i-premierowa-katherine-webb\/","url":"https:\/\/www.legimi.pl\/blog\/2014\/06\/na-dobry-poczatek-lata-polska-na-urlop-dochodzenie-iii-i-premierowa-katherine-webb\/","name":"Na dobry pocz\u0105tek lata - Polska na urlop, Dochodzenie III i... premierowa Katherine Webb - Legimi - blog","isPartOf":{"@id":"https:\/\/www.legimi.pl\/blog\/#website"},"primaryImageOfPage":{"@id":"https:\/\/www.legimi.pl\/blog\/2014\/06\/na-dobry-poczatek-lata-polska-na-urlop-dochodzenie-iii-i-premierowa-katherine-webb\/#primaryimage"},"image":{"@id":"https:\/\/www.legimi.pl\/blog\/2014\/06\/na-dobry-poczatek-lata-polska-na-urlop-dochodzenie-iii-i-premierowa-katherine-webb\/#primaryimage"},"thumbnailUrl":"http:\/\/legimiblog.azurewebsites.net\/wp-content\/uploads\/2014\/06\/okladki_premiery_20140623.jpg","datePublished":"2014-06-23T15:10:29+00:00","author":{"@id":"https:\/\/www.legimi.pl\/blog\/#\/schema\/person\/013f97035ae1fdf973b8fd3776d7de1a"},"breadcrumb":{"@id":"https:\/\/www.legimi.pl\/blog\/2014\/06\/na-dobry-poczatek-lata-polska-na-urlop-dochodzenie-iii-i-premierowa-katherine-webb\/#breadcrumb"},"inLanguage":"pl-PL","potentialAction":[{"@type":"ReadAction","target":["https:\/\/www.legimi.pl\/blog\/2014\/06\/na-dobry-poczatek-lata-polska-na-urlop-dochodzenie-iii-i-premierowa-katherine-webb\/"]}]},{"@type":"ImageObject","inLanguage":"pl-PL","@id":"https:\/\/www.legimi.pl\/blog\/2014\/06\/na-dobry-poczatek-lata-polska-na-urlop-dochodzenie-iii-i-premierowa-katherine-webb\/#primaryimage","url":"http:\/\/legimiblog.azurewebsites.net\/wp-content\/uploads\/2014\/06\/okladki_premiery_20140623.jpg","contentUrl":"http:\/\/legimiblog.azurewebsites.net\/wp-content\/uploads\/2014\/06\/okladki_premiery_20140623.jpg"},{"@type":"BreadcrumbList","@id":"https:\/\/www.legimi.pl\/blog\/2014\/06\/na-dobry-poczatek-lata-polska-na-urlop-dochodzenie-iii-i-premierowa-katherine-webb\/#breadcrumb","itemListElement":[{"@type":"ListItem","position":1,"name":"Home","item":"https:\/\/www.legimi.pl\/blog\/"},{"@type":"ListItem","position":2,"name":"Na dobry pocz\u0105tek lata &#8211; Polska na urlop, Dochodzenie III i&#8230; premierowa Katherine Webb"}]},{"@type":"WebSite","@id":"https:\/\/www.legimi.pl\/blog\/#website","url":"https:\/\/www.legimi.pl\/blog\/","name":"Legimi - blog","description":"","potentialAction":[{"@type":"SearchAction","target":{"@type":"EntryPoint","urlTemplate":"https:\/\/www.legimi.pl\/blog\/?s={search_term_string}"},"query-input":{"@type":"PropertyValueSpecification","valueRequired":true,"valueName":"search_term_string"}}],"inLanguage":"pl-PL"},{"@type":"Person","@id":"https:\/\/www.legimi.pl\/blog\/#\/schema\/person\/013f97035ae1fdf973b8fd3776d7de1a","name":"Artur Wasilewski","image":{"@type":"ImageObject","inLanguage":"pl-PL","@id":"https:\/\/secure.gravatar.com\/avatar\/a2c5bd071e11cadcae62220148c518d2cf06b85487581b29f3ac49739c9b78e5?s=96&d=mm&r=g","url":"https:\/\/secure.gravatar.com\/avatar\/a2c5bd071e11cadcae62220148c518d2cf06b85487581b29f3ac49739c9b78e5?s=96&d=mm&r=g","contentUrl":"https:\/\/secure.gravatar.com\/avatar\/a2c5bd071e11cadcae62220148c518d2cf06b85487581b29f3ac49739c9b78e5?s=96&d=mm&r=g","caption":"Artur Wasilewski"},"url":"https:\/\/www.legimi.pl\/blog\/author\/artur-wasilewski\/"}]}},"_links":{"self":[{"href":"https:\/\/www.legimi.pl\/blog\/wp-json\/wp\/v2\/posts\/1202","targetHints":{"allow":["GET"]}}],"collection":[{"href":"https:\/\/www.legimi.pl\/blog\/wp-json\/wp\/v2\/posts"}],"about":[{"href":"https:\/\/www.legimi.pl\/blog\/wp-json\/wp\/v2\/types\/post"}],"author":[{"embeddable":true,"href":"https:\/\/www.legimi.pl\/blog\/wp-json\/wp\/v2\/users\/21"}],"replies":[{"embeddable":true,"href":"https:\/\/www.legimi.pl\/blog\/wp-json\/wp\/v2\/comments?post=1202"}],"version-history":[{"count":0,"href":"https:\/\/www.legimi.pl\/blog\/wp-json\/wp\/v2\/posts\/1202\/revisions"}],"wp:attachment":[{"href":"https:\/\/www.legimi.pl\/blog\/wp-json\/wp\/v2\/media?parent=1202"}],"wp:term":[{"taxonomy":"category","embeddable":true,"href":"https:\/\/www.legimi.pl\/blog\/wp-json\/wp\/v2\/categories?post=1202"},{"taxonomy":"post_tag","embeddable":true,"href":"https:\/\/www.legimi.pl\/blog\/wp-json\/wp\/v2\/tags?post=1202"}],"curies":[{"name":"wp","href":"https:\/\/api.w.org\/{rel}","templated":true}]}}