{"id":1111,"date":"2014-03-21T13:47:23","date_gmt":"2014-03-21T12:47:23","guid":{"rendered":"http:\/\/blog.legimi.com\/?p=1111"},"modified":"2014-03-21T13:47:23","modified_gmt":"2014-03-21T12:47:23","slug":"firma-roku","status":"publish","type":"post","link":"https:\/\/www.legimi.pl\/blog\/2014\/03\/firma-roku\/","title":{"rendered":"Legimi Firm\u0105 Roku! \u015awi\u0119tujmy wsp\u00f3lnie!"},"content":{"rendered":"<p style=\"text-align: justify\">Co tu kry\u0107. Dumni jeste\u015bmy jak pawie, bo te\u017c okazja jest nie lada. Legimi zosta\u0142o nagrodzone niezwykle presti\u017cow\u0105 nagrod\u0105 &#8211; Kryszta\u0142ow\u0105 Anten\u0105. Otrzymali\u015bmy tytu\u0142 Firmy Roku w \u015awiecie Medi\u00f3w. Nie by\u0142oby tego sukcesu bez Was &#8211; Czytelnik\u00f3w i Czytelniczek, wi\u0119c pozostaje nam tylko podzi\u0119kowa\u0107 za Wasze wsparcie. Mamy nadziej\u0119, \u017ce czytanie z Legimi w 2014 roku b\u0119dzie jeszcze przyjemniejsze i wygodniejsze ni\u017c w 2013 :).<\/p>\n<p style=\"text-align: justify\"><strong>Zapraszamy Was do wsp\u00f3lnego \u015bwi\u0119towania.<\/strong><\/p>\n<p style=\"text-align: justify\">Na pocz\u0105tek, tylko przez weekend, wszystkie ebooki z naszego katalogu mo\u017cecie mie\u0107 25% taniej. Wystarczy wpisa\u0107 kod &#8222;firmaroku&#8221; na stronie wyboru p\u0142atno\u015bci. Mo\u017cecie wrzuci\u0107 do koszyk\u00f3w ile ksi\u0105\u017cek chcecie, a nawet zrobi\u0107 zakupy kilkukrotnie. Mi\u0142ej lektury!<\/p>\n<p style=\"text-align: justify\"><a href=\"http:\/\/www.legimi.com\/pl\/ebooki\/\">Pozostaje tylko wybra\u0107 ebooki i&#8230; zaczyta\u0107 si\u0119 w weekend<\/a>.<\/p>\n<p style=\"text-align: justify\">Dorzucamy jeszcze par\u0119 fotek z uroczystej gali, na kt\u00f3rej mieli\u015bmy przyjemno\u015b\u0107 odebra\u0107 statuetk\u0119. Zdj\u0119cia publikujemy dzi\u0119ki uprzejmo\u015bci organizator\u00f3w konkursu Z\u0142otych i Kryszta\u0142owych Anten \u015awiata Telekomunikacji i Medi\u00f3w. Niez\u0142a nazwa, co?<\/p>\n<p style=\"text-align: center\"><a href=\"http:\/\/legimiblog.azurewebsites.net\/wp-content\/uploads\/2014\/03\/IMG_9632.jpg\"><img loading=\"lazy\" decoding=\"async\" class=\"size-medium wp-image-1112 alignleft\" alt=\"IMG_9632\" src=\"http:\/\/legimiblog.azurewebsites.net\/wp-content\/uploads\/2014\/03\/IMG_9632-300x200.jpg\" width=\"300\" height=\"200\" srcset=\"https:\/\/blog.legimi.pl\/wp-content\/uploads\/2014\/03\/IMG_9632-300x200.jpg 300w, https:\/\/blog.legimi.pl\/wp-content\/uploads\/2014\/03\/IMG_9632-1024x682.jpg 1024w\" sizes=\"auto, (max-width: 300px) 100vw, 300px\" \/><\/a><\/p>\n<p style=\"text-align: center\"><a href=\"http:\/\/legimiblog.azurewebsites.net\/wp-content\/uploads\/2014\/03\/IMG_9682.jpg\"><img loading=\"lazy\" decoding=\"async\" class=\"size-medium wp-image-1113 aligncenter\" alt=\"IMG_9682\" src=\"http:\/\/legimiblog.azurewebsites.net\/wp-content\/uploads\/2014\/03\/IMG_9682-300x200.jpg\" width=\"300\" height=\"200\" srcset=\"https:\/\/blog.legimi.pl\/wp-content\/uploads\/2014\/03\/IMG_9682-300x200.jpg 300w, https:\/\/blog.legimi.pl\/wp-content\/uploads\/2014\/03\/IMG_9682-1024x682.jpg 1024w\" sizes=\"auto, (max-width: 300px) 100vw, 300px\" \/><\/a><\/p>\n","protected":false},"excerpt":{"rendered":"<p>Co tu kry\u0107. Dumni jeste\u015bmy jak pawie, bo te\u017c okazja jest nie lada. Legimi zosta\u0142o nagrodzone niezwykle presti\u017cow\u0105 nagrod\u0105 &#8211; Kryszta\u0142ow\u0105 Anten\u0105. Otrzymali\u015bmy tytu\u0142 Firmy Roku w \u015awiecie Medi\u00f3w. Nie by\u0142oby tego sukcesu bez Was &#8211; Czytelnik\u00f3w i Czytelniczek, wi\u0119c pozostaje nam tylko podzi\u0119kowa\u0107 za Wasze wsparcie. Mamy nadziej\u0119, \u017ce czytanie z Legimi w 2014 [&hellip;]<\/p>\n","protected":false},"author":21,"featured_media":0,"comment_status":"closed","ping_status":"open","sticky":false,"template":"","format":"standard","meta":{"footnotes":""},"categories":[71,111,201],"tags":[271,1331,1821,1891,2071,2341,2601],"class_list":["post-1111","post","type-post","status-publish","format-standard","hentry","category-e-booki","category-konkursy","category-wydarzenia","tag-abonament","tag-firma-roku","tag-konkurs","tag-krysztalowe-anteny","tag-legimi","tag-nagroda","tag-promocja"],"yoast_head":"<!-- This site is optimized with the Yoast SEO plugin v27.4 - https:\/\/yoast.com\/product\/yoast-seo-wordpress\/ -->\n<title>Legimi Firm\u0105 Roku! \u015awi\u0119tujmy wsp\u00f3lnie! - Legimi - blog<\/title>\n<meta name=\"robots\" content=\"index, follow, max-snippet:-1, max-image-preview:large, max-video-preview:-1\" \/>\n<link rel=\"canonical\" href=\"https:\/\/www.legimi.pl\/blog\/2014\/03\/firma-roku\/\" \/>\n<meta property=\"og:locale\" content=\"pl_PL\" \/>\n<meta property=\"og:type\" content=\"article\" \/>\n<meta property=\"og:title\" content=\"Legimi Firm\u0105 Roku! \u015awi\u0119tujmy wsp\u00f3lnie! - Legimi - blog\" \/>\n<meta property=\"og:description\" content=\"Co tu kry\u0107. Dumni jeste\u015bmy jak pawie, bo te\u017c okazja jest nie lada. Legimi zosta\u0142o nagrodzone niezwykle presti\u017cow\u0105 nagrod\u0105 &#8211; Kryszta\u0142ow\u0105 Anten\u0105. Otrzymali\u015bmy tytu\u0142 Firmy Roku w \u015awiecie Medi\u00f3w. Nie by\u0142oby tego sukcesu bez Was &#8211; Czytelnik\u00f3w i Czytelniczek, wi\u0119c pozostaje nam tylko podzi\u0119kowa\u0107 za Wasze wsparcie. Mamy nadziej\u0119, \u017ce czytanie z Legimi w 2014 [&hellip;]\" \/>\n<meta property=\"og:url\" content=\"https:\/\/www.legimi.pl\/blog\/2014\/03\/firma-roku\/\" \/>\n<meta property=\"og:site_name\" content=\"Legimi - blog\" \/>\n<meta property=\"article:published_time\" content=\"2014-03-21T12:47:23+00:00\" \/>\n<meta property=\"og:image\" content=\"http:\/\/legimiblog.azurewebsites.net\/wp-content\/uploads\/2014\/03\/IMG_9632-300x200.jpg\" \/>\n<meta name=\"author\" content=\"Artur Wasilewski\" \/>\n<meta name=\"twitter:card\" content=\"summary_large_image\" \/>\n<meta name=\"twitter:label1\" content=\"Napisane przez\" \/>\n\t<meta name=\"twitter:data1\" content=\"Artur Wasilewski\" \/>\n\t<meta name=\"twitter:label2\" content=\"Szacowany czas czytania\" \/>\n\t<meta name=\"twitter:data2\" content=\"1 minuta\" \/>\n<script type=\"application\/ld+json\" class=\"yoast-schema-graph\">{\"@context\":\"https:\\\/\\\/schema.org\",\"@graph\":[{\"@type\":\"Article\",\"@id\":\"https:\\\/\\\/www.legimi.pl\\\/blog\\\/2014\\\/03\\\/firma-roku\\\/#article\",\"isPartOf\":{\"@id\":\"https:\\\/\\\/www.legimi.pl\\\/blog\\\/2014\\\/03\\\/firma-roku\\\/\"},\"author\":{\"name\":\"Artur Wasilewski\",\"@id\":\"https:\\\/\\\/www.legimi.pl\\\/blog\\\/#\\\/schema\\\/person\\\/013f97035ae1fdf973b8fd3776d7de1a\"},\"headline\":\"Legimi Firm\u0105 Roku! \u015awi\u0119tujmy wsp\u00f3lnie!\",\"datePublished\":\"2014-03-21T12:47:23+00:00\",\"mainEntityOfPage\":{\"@id\":\"https:\\\/\\\/www.legimi.pl\\\/blog\\\/2014\\\/03\\\/firma-roku\\\/\"},\"wordCount\":179,\"image\":{\"@id\":\"https:\\\/\\\/www.legimi.pl\\\/blog\\\/2014\\\/03\\\/firma-roku\\\/#primaryimage\"},\"thumbnailUrl\":\"http:\\\/\\\/legimiblog.azurewebsites.net\\\/wp-content\\\/uploads\\\/2014\\\/03\\\/IMG_9632-300x200.jpg\",\"keywords\":[\"abonament\",\"firma roku\",\"konkurs\",\"kryszta\u0142owe anteny\",\"Legimi\",\"nagroda\",\"promocja\"],\"articleSection\":[\"E-booki\",\"Konkursy\",\"Wydarzenia\"],\"inLanguage\":\"pl-PL\"},{\"@type\":\"WebPage\",\"@id\":\"https:\\\/\\\/www.legimi.pl\\\/blog\\\/2014\\\/03\\\/firma-roku\\\/\",\"url\":\"https:\\\/\\\/www.legimi.pl\\\/blog\\\/2014\\\/03\\\/firma-roku\\\/\",\"name\":\"Legimi Firm\u0105 Roku! \u015awi\u0119tujmy wsp\u00f3lnie! - Legimi - blog\",\"isPartOf\":{\"@id\":\"https:\\\/\\\/www.legimi.pl\\\/blog\\\/#website\"},\"primaryImageOfPage\":{\"@id\":\"https:\\\/\\\/www.legimi.pl\\\/blog\\\/2014\\\/03\\\/firma-roku\\\/#primaryimage\"},\"image\":{\"@id\":\"https:\\\/\\\/www.legimi.pl\\\/blog\\\/2014\\\/03\\\/firma-roku\\\/#primaryimage\"},\"thumbnailUrl\":\"http:\\\/\\\/legimiblog.azurewebsites.net\\\/wp-content\\\/uploads\\\/2014\\\/03\\\/IMG_9632-300x200.jpg\",\"datePublished\":\"2014-03-21T12:47:23+00:00\",\"author\":{\"@id\":\"https:\\\/\\\/www.legimi.pl\\\/blog\\\/#\\\/schema\\\/person\\\/013f97035ae1fdf973b8fd3776d7de1a\"},\"breadcrumb\":{\"@id\":\"https:\\\/\\\/www.legimi.pl\\\/blog\\\/2014\\\/03\\\/firma-roku\\\/#breadcrumb\"},\"inLanguage\":\"pl-PL\",\"potentialAction\":[{\"@type\":\"ReadAction\",\"target\":[\"https:\\\/\\\/www.legimi.pl\\\/blog\\\/2014\\\/03\\\/firma-roku\\\/\"]}]},{\"@type\":\"ImageObject\",\"inLanguage\":\"pl-PL\",\"@id\":\"https:\\\/\\\/www.legimi.pl\\\/blog\\\/2014\\\/03\\\/firma-roku\\\/#primaryimage\",\"url\":\"http:\\\/\\\/legimiblog.azurewebsites.net\\\/wp-content\\\/uploads\\\/2014\\\/03\\\/IMG_9632-300x200.jpg\",\"contentUrl\":\"http:\\\/\\\/legimiblog.azurewebsites.net\\\/wp-content\\\/uploads\\\/2014\\\/03\\\/IMG_9632-300x200.jpg\"},{\"@type\":\"BreadcrumbList\",\"@id\":\"https:\\\/\\\/www.legimi.pl\\\/blog\\\/2014\\\/03\\\/firma-roku\\\/#breadcrumb\",\"itemListElement\":[{\"@type\":\"ListItem\",\"position\":1,\"name\":\"Home\",\"item\":\"https:\\\/\\\/www.legimi.pl\\\/blog\\\/\"},{\"@type\":\"ListItem\",\"position\":2,\"name\":\"Legimi Firm\u0105 Roku! \u015awi\u0119tujmy wsp\u00f3lnie!\"}]},{\"@type\":\"WebSite\",\"@id\":\"https:\\\/\\\/www.legimi.pl\\\/blog\\\/#website\",\"url\":\"https:\\\/\\\/www.legimi.pl\\\/blog\\\/\",\"name\":\"Legimi - blog\",\"description\":\"\",\"potentialAction\":[{\"@type\":\"SearchAction\",\"target\":{\"@type\":\"EntryPoint\",\"urlTemplate\":\"https:\\\/\\\/www.legimi.pl\\\/blog\\\/?s={search_term_string}\"},\"query-input\":{\"@type\":\"PropertyValueSpecification\",\"valueRequired\":true,\"valueName\":\"search_term_string\"}}],\"inLanguage\":\"pl-PL\"},{\"@type\":\"Person\",\"@id\":\"https:\\\/\\\/www.legimi.pl\\\/blog\\\/#\\\/schema\\\/person\\\/013f97035ae1fdf973b8fd3776d7de1a\",\"name\":\"Artur Wasilewski\",\"image\":{\"@type\":\"ImageObject\",\"inLanguage\":\"pl-PL\",\"@id\":\"https:\\\/\\\/secure.gravatar.com\\\/avatar\\\/a2c5bd071e11cadcae62220148c518d2cf06b85487581b29f3ac49739c9b78e5?s=96&d=mm&r=g\",\"url\":\"https:\\\/\\\/secure.gravatar.com\\\/avatar\\\/a2c5bd071e11cadcae62220148c518d2cf06b85487581b29f3ac49739c9b78e5?s=96&d=mm&r=g\",\"contentUrl\":\"https:\\\/\\\/secure.gravatar.com\\\/avatar\\\/a2c5bd071e11cadcae62220148c518d2cf06b85487581b29f3ac49739c9b78e5?s=96&d=mm&r=g\",\"caption\":\"Artur Wasilewski\"},\"url\":\"https:\\\/\\\/www.legimi.pl\\\/blog\\\/author\\\/artur-wasilewski\\\/\"}]}<\/script>\n<!-- \/ Yoast SEO plugin. -->","yoast_head_json":{"title":"Legimi Firm\u0105 Roku! \u015awi\u0119tujmy wsp\u00f3lnie! - Legimi - blog","robots":{"index":"index","follow":"follow","max-snippet":"max-snippet:-1","max-image-preview":"max-image-preview:large","max-video-preview":"max-video-preview:-1"},"canonical":"https:\/\/www.legimi.pl\/blog\/2014\/03\/firma-roku\/","og_locale":"pl_PL","og_type":"article","og_title":"Legimi Firm\u0105 Roku! \u015awi\u0119tujmy wsp\u00f3lnie! - Legimi - blog","og_description":"Co tu kry\u0107. Dumni jeste\u015bmy jak pawie, bo te\u017c okazja jest nie lada. Legimi zosta\u0142o nagrodzone niezwykle presti\u017cow\u0105 nagrod\u0105 &#8211; Kryszta\u0142ow\u0105 Anten\u0105. Otrzymali\u015bmy tytu\u0142 Firmy Roku w \u015awiecie Medi\u00f3w. Nie by\u0142oby tego sukcesu bez Was &#8211; Czytelnik\u00f3w i Czytelniczek, wi\u0119c pozostaje nam tylko podzi\u0119kowa\u0107 za Wasze wsparcie. Mamy nadziej\u0119, \u017ce czytanie z Legimi w 2014 [&hellip;]","og_url":"https:\/\/www.legimi.pl\/blog\/2014\/03\/firma-roku\/","og_site_name":"Legimi - blog","article_published_time":"2014-03-21T12:47:23+00:00","og_image":[{"url":"http:\/\/legimiblog.azurewebsites.net\/wp-content\/uploads\/2014\/03\/IMG_9632-300x200.jpg","type":"","width":"","height":""}],"author":"Artur Wasilewski","twitter_card":"summary_large_image","twitter_misc":{"Napisane przez":"Artur Wasilewski","Szacowany czas czytania":"1 minuta"},"schema":{"@context":"https:\/\/schema.org","@graph":[{"@type":"Article","@id":"https:\/\/www.legimi.pl\/blog\/2014\/03\/firma-roku\/#article","isPartOf":{"@id":"https:\/\/www.legimi.pl\/blog\/2014\/03\/firma-roku\/"},"author":{"name":"Artur Wasilewski","@id":"https:\/\/www.legimi.pl\/blog\/#\/schema\/person\/013f97035ae1fdf973b8fd3776d7de1a"},"headline":"Legimi Firm\u0105 Roku! \u015awi\u0119tujmy wsp\u00f3lnie!","datePublished":"2014-03-21T12:47:23+00:00","mainEntityOfPage":{"@id":"https:\/\/www.legimi.pl\/blog\/2014\/03\/firma-roku\/"},"wordCount":179,"image":{"@id":"https:\/\/www.legimi.pl\/blog\/2014\/03\/firma-roku\/#primaryimage"},"thumbnailUrl":"http:\/\/legimiblog.azurewebsites.net\/wp-content\/uploads\/2014\/03\/IMG_9632-300x200.jpg","keywords":["abonament","firma roku","konkurs","kryszta\u0142owe anteny","Legimi","nagroda","promocja"],"articleSection":["E-booki","Konkursy","Wydarzenia"],"inLanguage":"pl-PL"},{"@type":"WebPage","@id":"https:\/\/www.legimi.pl\/blog\/2014\/03\/firma-roku\/","url":"https:\/\/www.legimi.pl\/blog\/2014\/03\/firma-roku\/","name":"Legimi Firm\u0105 Roku! \u015awi\u0119tujmy wsp\u00f3lnie! - Legimi - blog","isPartOf":{"@id":"https:\/\/www.legimi.pl\/blog\/#website"},"primaryImageOfPage":{"@id":"https:\/\/www.legimi.pl\/blog\/2014\/03\/firma-roku\/#primaryimage"},"image":{"@id":"https:\/\/www.legimi.pl\/blog\/2014\/03\/firma-roku\/#primaryimage"},"thumbnailUrl":"http:\/\/legimiblog.azurewebsites.net\/wp-content\/uploads\/2014\/03\/IMG_9632-300x200.jpg","datePublished":"2014-03-21T12:47:23+00:00","author":{"@id":"https:\/\/www.legimi.pl\/blog\/#\/schema\/person\/013f97035ae1fdf973b8fd3776d7de1a"},"breadcrumb":{"@id":"https:\/\/www.legimi.pl\/blog\/2014\/03\/firma-roku\/#breadcrumb"},"inLanguage":"pl-PL","potentialAction":[{"@type":"ReadAction","target":["https:\/\/www.legimi.pl\/blog\/2014\/03\/firma-roku\/"]}]},{"@type":"ImageObject","inLanguage":"pl-PL","@id":"https:\/\/www.legimi.pl\/blog\/2014\/03\/firma-roku\/#primaryimage","url":"http:\/\/legimiblog.azurewebsites.net\/wp-content\/uploads\/2014\/03\/IMG_9632-300x200.jpg","contentUrl":"http:\/\/legimiblog.azurewebsites.net\/wp-content\/uploads\/2014\/03\/IMG_9632-300x200.jpg"},{"@type":"BreadcrumbList","@id":"https:\/\/www.legimi.pl\/blog\/2014\/03\/firma-roku\/#breadcrumb","itemListElement":[{"@type":"ListItem","position":1,"name":"Home","item":"https:\/\/www.legimi.pl\/blog\/"},{"@type":"ListItem","position":2,"name":"Legimi Firm\u0105 Roku! \u015awi\u0119tujmy wsp\u00f3lnie!"}]},{"@type":"WebSite","@id":"https:\/\/www.legimi.pl\/blog\/#website","url":"https:\/\/www.legimi.pl\/blog\/","name":"Legimi - blog","description":"","potentialAction":[{"@type":"SearchAction","target":{"@type":"EntryPoint","urlTemplate":"https:\/\/www.legimi.pl\/blog\/?s={search_term_string}"},"query-input":{"@type":"PropertyValueSpecification","valueRequired":true,"valueName":"search_term_string"}}],"inLanguage":"pl-PL"},{"@type":"Person","@id":"https:\/\/www.legimi.pl\/blog\/#\/schema\/person\/013f97035ae1fdf973b8fd3776d7de1a","name":"Artur Wasilewski","image":{"@type":"ImageObject","inLanguage":"pl-PL","@id":"https:\/\/secure.gravatar.com\/avatar\/a2c5bd071e11cadcae62220148c518d2cf06b85487581b29f3ac49739c9b78e5?s=96&d=mm&r=g","url":"https:\/\/secure.gravatar.com\/avatar\/a2c5bd071e11cadcae62220148c518d2cf06b85487581b29f3ac49739c9b78e5?s=96&d=mm&r=g","contentUrl":"https:\/\/secure.gravatar.com\/avatar\/a2c5bd071e11cadcae62220148c518d2cf06b85487581b29f3ac49739c9b78e5?s=96&d=mm&r=g","caption":"Artur Wasilewski"},"url":"https:\/\/www.legimi.pl\/blog\/author\/artur-wasilewski\/"}]}},"_links":{"self":[{"href":"https:\/\/www.legimi.pl\/blog\/wp-json\/wp\/v2\/posts\/1111","targetHints":{"allow":["GET"]}}],"collection":[{"href":"https:\/\/www.legimi.pl\/blog\/wp-json\/wp\/v2\/posts"}],"about":[{"href":"https:\/\/www.legimi.pl\/blog\/wp-json\/wp\/v2\/types\/post"}],"author":[{"embeddable":true,"href":"https:\/\/www.legimi.pl\/blog\/wp-json\/wp\/v2\/users\/21"}],"replies":[{"embeddable":true,"href":"https:\/\/www.legimi.pl\/blog\/wp-json\/wp\/v2\/comments?post=1111"}],"version-history":[{"count":0,"href":"https:\/\/www.legimi.pl\/blog\/wp-json\/wp\/v2\/posts\/1111\/revisions"}],"wp:attachment":[{"href":"https:\/\/www.legimi.pl\/blog\/wp-json\/wp\/v2\/media?parent=1111"}],"wp:term":[{"taxonomy":"category","embeddable":true,"href":"https:\/\/www.legimi.pl\/blog\/wp-json\/wp\/v2\/categories?post=1111"},{"taxonomy":"post_tag","embeddable":true,"href":"https:\/\/www.legimi.pl\/blog\/wp-json\/wp\/v2\/tags?post=1111"}],"curies":[{"name":"wp","href":"https:\/\/api.w.org\/{rel}","templated":true}]}}